{"id":939,"date":"2022-12-15T21:55:14","date_gmt":"2022-12-15T21:55:14","guid":{"rendered":"https:\/\/cachoeirapaulista.tur.br\/?p=939"},"modified":"2026-03-13T00:18:57","modified_gmt":"2026-03-13T00:18:57","slug":"sala-das-gracas-alcancadas","status":"publish","type":"post","link":"https:\/\/museudigitalcp.com.br\/portaltur\/sala-das-gracas-alcancadas\/","title":{"rendered":"Sala das Gra\u00e7as Alcan\u00e7adas &#8211; Santu\u00e1rio Pai das Miseric\u00f3rdias &#8211; Can\u00e7\u00e3o Nova"},"content":{"rendered":"<h3><span class=\"ez-toc-section\" id=\"Sala_das_Gracas_Alcancadas_no_Santuario_Pai_das_Misericordias_tambem_abriga_o_tumulo_do_Monsenhor_Jonas_Abib\"><\/span>Sala das Gra\u00e7as Alcan\u00e7adas, no Santu\u00e1rio Pai das Miseric\u00f3rdias tamb\u00e9m abriga o t\u00famulo do Monsenhor Jonas Abib<span class=\"ez-toc-section-end\"><\/span><\/h3>\n<p>A Sala das Gra\u00e7as Alcan\u00e7adas, localizada nas depend\u00eancias do\u00a0Santu\u00e1rio do Pai das Miseric\u00f3rdias, guarda\u00a0objetos, fotos, cartas e testemunhos de f\u00e9 dos fi\u00e9is. Inaugurada em 5 de dezembro de 2019, \u00e9 um espa\u00e7o dedicado a ofertar, homenagear e demonstrar a gratid\u00e3o de quem pediu e recebeu\u00a0 gra\u00e7as do Pai das Miseric\u00f3rdias:\u00a0hist\u00f3rias de milagres, problemas financeiros e familiares que foram superados, conquistas pessoais, curas inexplic\u00e1veis, m\u00e3es que conseguiram engravidar depois de um diagn\u00f3stico irrevers\u00edvel dos m\u00e9dicos ou de uma gravidez de risco.<\/p>\n<p>Al\u00e9m de conter estes\u00a0elementos significativos e importantes para o Santu\u00e1rio, o peregrino tamb\u00e9m pode encontrar na sala a primeira capelinha do Pai das Miseric\u00f3rdias, a hist\u00f3ria e maquete do Santu\u00e1rio e a cadeira usada pelo Papa Em\u00e9rito Bento XVI, em visita ao Brasil, em 11 de maio de 2007, durante a Missa de Canoniza\u00e7\u00e3o de\u00a0Frei Galv\u00e3o, no Campo de Marte, em S\u00e3o Paulo.<\/p>\n<figure id=\"attachment_940\" aria-describedby=\"caption-attachment-940\" style=\"width: 300px\" class=\"wp-caption alignright\"><img loading=\"lazy\" decoding=\"async\" class=\"wp-image-940 size-medium\" title=\"Sala das Gra\u00e7as Alcan\u00e7adas - Santu\u00e1rio Pai das Miseric\u00f3rdias\" src=\"https:\/\/museudigitalcp.com.br\/portaltur\/wp-content\/uploads\/2022\/12\/sala-das-gracas-cancao-nova2-300x225.jpg\" alt=\"Sala das Gra\u00e7as Alcan\u00e7adas - Santu\u00e1rio Pai das Miseric\u00f3rdias\" width=\"300\" height=\"225\" srcset=\"https:\/\/museudigitalcp.com.br\/portaltur\/wp-content\/uploads\/2022\/12\/sala-das-gracas-cancao-nova2-300x225.jpg 300w, https:\/\/museudigitalcp.com.br\/portaltur\/wp-content\/uploads\/2022\/12\/sala-das-gracas-cancao-nova2.jpg 450w\" sizes=\"auto, (max-width: 300px) 100vw, 300px\" \/><figcaption id=\"caption-attachment-940\" class=\"wp-caption-text\">Sala das Gra\u00e7as Alcan\u00e7adas &#8211; Santu\u00e1rio Pai das Miseric\u00f3rdias<\/figcaption><\/figure>\n<p>Padre Bruno Costa, hoje conselheiro da Comunidade Can\u00e7\u00e3o Nova, foi o idealizador da constru\u00e7\u00e3o da Sala das Gra\u00e7as, quando ainda era o administrador do Santu\u00e1rio. Ele notou que os peregrinos, ao virem ao Santu\u00e1rio, n\u00e3o somente colocavam pedidos de ora\u00e7\u00f5es e inten\u00e7\u00f5es dentro da caixa de vidro que fica embaixo da Piet\u00e0, como tamb\u00e9m, agradecimentos.<\/p>\n<p>Com a ajuda dos s\u00f3cios da Can\u00e7\u00e3o Nova e aqueles que contribuem com doa\u00e7\u00e3o de ouro ao Santu\u00e1rio, foi poss\u00edvel, ent\u00e3o, adaptar o espa\u00e7o para que se tornasse um lugar de agradecimento ao Pai.<\/p>\n<p>Ao visitar o Santu\u00e1rio, portanto, os peregrinos podem conhecer com mais detalhes a riqueza do mosaico que fica no presbit\u00e9rio, com a explica\u00e7\u00e3o de cada detalhe da arte sacra e os testemunhos de tantos que j\u00e1 alcan\u00e7aram gra\u00e7as concedidas pelo Pai das Miseric\u00f3rdias, despertando a pr\u00f3pria f\u00e9 e esperan\u00e7a de que Deus tudo pode diante dos nossos imposs\u00edveis.<\/p>\n<h3><span class=\"ez-toc-section\" id=\"Horario_de_funcionamento\"><\/span>Hor\u00e1rio\u00a0de\u00a0funcionamento<span class=\"ez-toc-section-end\"><\/span><\/h3>\n<p>A Sala das Gra\u00e7as est\u00e1 aberta aos peregrinos de segunda a sexta-feira, em hor\u00e1rio comercial.<\/p>\n<p><strong>O Santu\u00e1rio do Pai das Miseric\u00f3rdias \u201dexiste para consolar voc\u00ea, e fazer de voc\u00ea uma consola\u00e7\u00e3o\u201d!<\/strong><\/p>\n<p>Fernando In\u00e1cio<br \/>\nAssessoria de Comunica\u00e7\u00e3o<br \/>\nSantu\u00e1rio do Pai das Miseric\u00f3rdias<\/p>\n<p>Fonte: <a href=\"https:\/\/santuario.cancaonova.com\/noticias\/conheca-sala-das-gracas-no-santuario-e-traga-seu-testemunho\/\" target=\"_blank\" rel=\"noopener\">https:\/\/santuario.cancaonova.com\/noticias\/conheca-sala-das-gracas-no-santuario-e-traga-seu-testemunho\/<\/a><\/p>\n<hr \/>\n<p style=\"text-align: center;\"><span style=\"font-size: 8pt;\"><a href=\"https:\/\/museudigitalcp.com.br\/portaltur\/\">P\u00c1GINA PRINCIPAL<\/a> \u2502 <a href=\"https:\/\/museudigitalcp.com.br\/portaltur\/pontos-turisticos-cachoeira-paulista\/\">PONTOS TUR\u00cdSTICOS<\/a> \u2502 <a href=\"https:\/\/museudigitalcp.com.br\/portaltur\/guias-de-turismo-credenciados\/\">GUIAS DE TURISMO CREDENCIADOS<\/a> \u2502 <a href=\"https:\/\/museudigitalcp.com.br\/portaltur\/uber-taxista-e-vans\/\">UBER, TAXISTAS E VANS<\/a><\/span><\/p>\n<hr \/>\n<div id=\"ez-toc-container\" class=\"ez-toc-v2_0_87 counter-hierarchy ez-toc-counter ez-toc-custom ez-toc-container-direction\">\n<div class=\"ez-toc-title-container\">\n<p class=\"ez-toc-title\" style=\"cursor:inherit\">Resumo<\/p>\n<span class=\"ez-toc-title-toggle\"><a href=\"#\" class=\"ez-toc-pull-right ez-toc-btn ez-toc-btn-xs ez-toc-btn-default ez-toc-toggle\" aria-label=\"Alternar tabela de conte\u00fado\"><span class=\"ez-toc-js-icon-con\"><span class=\"\"><span class=\"eztoc-hide\" style=\"display:none;\">Toggle<\/span><span class=\"ez-toc-icon-toggle-span\"><svg style=\"fill: #05006b;color:#05006b\" xmlns=\"http:\/\/www.w3.org\/2000\/svg\" class=\"list-377408\" width=\"20px\" height=\"20px\" viewBox=\"0 0 24 24\" fill=\"none\"><path d=\"M6 6H4v2h2V6zm14 0H8v2h12V6zM4 11h2v2H4v-2zm16 0H8v2h12v-2zM4 16h2v2H4v-2zm16 0H8v2h12v-2z\" fill=\"currentColor\"><\/path><\/svg><svg style=\"fill: #05006b;color:#05006b\" class=\"arrow-unsorted-368013\" xmlns=\"http:\/\/www.w3.org\/2000\/svg\" width=\"10px\" height=\"10px\" viewBox=\"0 0 24 24\" version=\"1.2\" baseProfile=\"tiny\"><path d=\"M18.2 9.3l-6.2-6.3-6.2 6.3c-.2.2-.3.4-.3.7s.1.5.3.7c.2.2.4.3.7.3h11c.3 0 .5-.1.7-.3.2-.2.3-.5.3-.7s-.1-.5-.3-.7zM5.8 14.7l6.2 6.3 6.2-6.3c.2-.2.3-.5.3-.7s-.1-.5-.3-.7c-.2-.2-.4-.3-.7-.3h-11c-.3 0-.5.1-.7.3-.2.2-.3.5-.3.7s.1.5.3.7z\"\/><\/svg><\/span><\/span><\/span><\/a><\/span><\/div>\n<nav><ul class='ez-toc-list ez-toc-list-level-1 eztoc-toggle-hide-by-default' ><li class='ez-toc-page-1 ez-toc-heading-level-3'><a class=\"ez-toc-link ez-toc-heading-1\" href=\"https:\/\/museudigitalcp.com.br\/portaltur\/sala-das-gracas-alcancadas\/#Sala_das_Gracas_Alcancadas_no_Santuario_Pai_das_Misericordias_tambem_abriga_o_tumulo_do_Monsenhor_Jonas_Abib\" >Sala das Gra\u00e7as Alcan\u00e7adas, no Santu\u00e1rio Pai das Miseric\u00f3rdias tamb\u00e9m abriga o t\u00famulo do Monsenhor Jonas Abib<\/a><\/li><li class='ez-toc-page-1 ez-toc-heading-level-3'><a class=\"ez-toc-link ez-toc-heading-2\" href=\"https:\/\/museudigitalcp.com.br\/portaltur\/sala-das-gracas-alcancadas\/#Horario_de_funcionamento\" >Hor\u00e1rio\u00a0de\u00a0funcionamento<\/a><\/li><\/ul><\/nav><\/div>\n","protected":false},"excerpt":{"rendered":"<p>Sala das Gra\u00e7as Alcan\u00e7adas, no Santu\u00e1rio Pai das Miseric\u00f3rdias tamb\u00e9m abriga o t\u00famulo do Monsenhor Jonas Abib A Sala das Gra\u00e7as Alcan\u00e7adas, localizada nas depend\u00eancias do\u00a0Santu\u00e1rio do Pai das Miseric\u00f3rdias, guarda\u00a0objetos, fotos, cartas e testemunhos de f\u00e9 dos fi\u00e9is. Inaugurada em 5 de dezembro de 2019, \u00e9 um espa\u00e7o dedicado a ofertar, homenagear e demonstrar [&hellip;]<\/p>\n","protected":false},"author":1,"featured_media":943,"comment_status":"closed","ping_status":"closed","sticky":false,"template":"","format":"standard","meta":{"_monsterinsights_skip_tracking":false,"site-sidebar-layout":"default","site-content-layout":"","ast-site-content-layout":"default","site-content-style":"default","site-sidebar-style":"default","ast-global-header-display":"","ast-banner-title-visibility":"","ast-main-header-display":"","ast-hfb-above-header-display":"","ast-hfb-below-header-display":"","ast-hfb-mobile-header-display":"","site-post-title":"","ast-breadcrumbs-content":"","ast-featured-img":"","footer-sml-layout":"","ast-disable-related-posts":"","theme-transparent-header-meta":"","adv-header-id-meta":"","stick-header-meta":"","header-above-stick-meta":"","header-main-stick-meta":"","header-below-stick-meta":"","astra-migrate-meta-layouts":"default","ast-page-background-enabled":"default","ast-page-background-meta":{"desktop":{"background-color":"var(--ast-global-color-4)","background-image":"","background-repeat":"repeat","background-position":"center center","background-size":"auto","background-attachment":"scroll","background-type":"","background-media":"","overlay-type":"","overlay-color":"","overlay-opacity":"","overlay-gradient":""},"tablet":{"background-color":"","background-image":"","background-repeat":"repeat","background-position":"center center","background-size":"auto","background-attachment":"scroll","background-type":"","background-media":"","overlay-type":"","overlay-color":"","overlay-opacity":"","overlay-gradient":""},"mobile":{"background-color":"","background-image":"","background-repeat":"repeat","background-position":"center center","background-size":"auto","background-attachment":"scroll","background-type":"","background-media":"","overlay-type":"","overlay-color":"","overlay-opacity":"","overlay-gradient":""}},"ast-content-background-meta":{"desktop":{"background-color":"var(--ast-global-color-5)","background-image":"","background-repeat":"repeat","background-position":"center center","background-size":"auto","background-attachment":"scroll","background-type":"","background-media":"","overlay-type":"","overlay-color":"","overlay-opacity":"","overlay-gradient":""},"tablet":{"background-color":"var(--ast-global-color-5)","background-image":"","background-repeat":"repeat","background-position":"center center","background-size":"auto","background-attachment":"scroll","background-type":"","background-media":"","overlay-type":"","overlay-color":"","overlay-opacity":"","overlay-gradient":""},"mobile":{"background-color":"var(--ast-global-color-5)","background-image":"","background-repeat":"repeat","background-position":"center center","background-size":"auto","background-attachment":"scroll","background-type":"","background-media":"","overlay-type":"","overlay-color":"","overlay-opacity":"","overlay-gradient":""}},"footnotes":""},"categories":[190],"tags":[],"class_list":["post-939","post","type-post","status-publish","format-standard","has-post-thumbnail","hentry","category-pontos-turisticos-pagina"],"_links":{"self":[{"href":"https:\/\/museudigitalcp.com.br\/portaltur\/wp-json\/wp\/v2\/posts\/939","targetHints":{"allow":["GET"]}}],"collection":[{"href":"https:\/\/museudigitalcp.com.br\/portaltur\/wp-json\/wp\/v2\/posts"}],"about":[{"href":"https:\/\/museudigitalcp.com.br\/portaltur\/wp-json\/wp\/v2\/types\/post"}],"author":[{"embeddable":true,"href":"https:\/\/museudigitalcp.com.br\/portaltur\/wp-json\/wp\/v2\/users\/1"}],"replies":[{"embeddable":true,"href":"https:\/\/museudigitalcp.com.br\/portaltur\/wp-json\/wp\/v2\/comments?post=939"}],"version-history":[{"count":0,"href":"https:\/\/museudigitalcp.com.br\/portaltur\/wp-json\/wp\/v2\/posts\/939\/revisions"}],"wp:featuredmedia":[{"embeddable":true,"href":"https:\/\/museudigitalcp.com.br\/portaltur\/wp-json\/wp\/v2\/media\/943"}],"wp:attachment":[{"href":"https:\/\/museudigitalcp.com.br\/portaltur\/wp-json\/wp\/v2\/media?parent=939"}],"wp:term":[{"taxonomy":"category","embeddable":true,"href":"https:\/\/museudigitalcp.com.br\/portaltur\/wp-json\/wp\/v2\/categories?post=939"},{"taxonomy":"post_tag","embeddable":true,"href":"https:\/\/museudigitalcp.com.br\/portaltur\/wp-json\/wp\/v2\/tags?post=939"}],"curies":[{"name":"wp","href":"https:\/\/api.w.org\/{rel}","templated":true}]}}