{"id":884,"date":"2022-12-03T03:03:59","date_gmt":"2022-12-03T03:03:59","guid":{"rendered":"https:\/\/cachoeirapaulista.tur.br\/?p=884"},"modified":"2026-04-18T23:44:34","modified_gmt":"2026-04-18T23:44:34","slug":"santuario-do-pai-das-misericordias","status":"publish","type":"post","link":"https:\/\/museudigitalcp.com.br\/portaltur\/santuario-do-pai-das-misericordias\/","title":{"rendered":"Santu\u00e1rio do Pai das Miseric\u00f3rdias"},"content":{"rendered":"<h2 class=\" entry-title \">Projeto lit\u00fargico e Arte Sacra do Santu\u00e1rio do Pai das Miseric\u00f3rdias<\/h2>\n<p>Era 1978, doze jovens liderados por um padre salesiano de testemunho de vida exemplar, aceitaram o chamado de viver em comunidade para levar a Palavra de Deus aos confins da terra. Com poucos recursos, eles acreditaram na Divina Provid\u00eancia e arrega\u00e7aram as mangas para construir quatro casas em Cachoeira Paulista, interior de S\u00e3o Paulo.<\/p>\n<p>Depois de alguns anos, o n\u00famero de mission\u00e1rios aumentou e foram adquiridas mais terras; hoje, o local conta com cerca de 372 mil m\u00b2, onde fica o\u00a0Centro de Evangeliza\u00e7\u00e3o Dom Jo\u00e3o Hip\u00f3lito de Moraes\u00a0(para 70 mil pessoas), o\u00a0Rinc\u00e3o do Meu Senhor\u00a0(para 4 mil pessoas) e o\u00a0Audit\u00f3rio S\u00e3o Paulo\u00a0(para 700 pessoas). Al\u00e9m de capelas, posto m\u00e9dico, escola, restaurante, padaria, postos banc\u00e1rios, lojas de artigos religiosos, pousada, \u00e1rea de camping e, no entorno, pr\u00e9dios administrativos e obras sociais.<\/p>\n<p>Foi seguindo a inspira\u00e7\u00e3o de Deus que, em 2002, o fundador desta comunidade cat\u00f3lica,\u00a0monsenhor Jonas Abib, profetizou a cria\u00e7\u00e3o do Santu\u00e1rio do Pai das Miseric\u00f3rdias. &#8220;Entramos agora numa aventura: enquanto constru\u00edmos aqui, em Cachoeira Paulista (SP), a Igreja da Divina Miseric\u00f3rdia, o Senhor estar\u00e1 construindo em n\u00f3s uma revolu\u00e7\u00e3o. Deste modo, terminada a constru\u00e7\u00e3o do santu\u00e1rio, estaremos prontos para viver o tempo da miseric\u00f3rdia at\u00e9 que o Senhor venha&#8221;, escreveu o sacerdote em abril de 2002.<\/p>\n<figure id=\"attachment_1829\" aria-describedby=\"caption-attachment-1829\" style=\"width: 300px\" class=\"wp-caption alignleft\"><img loading=\"lazy\" decoding=\"async\" class=\"wp-image-1829 size-medium\" title=\"Santu\u00e1rio do Pai das Miseric\u00f3rdias - Can\u00e7\u00e3o Nova\" src=\"https:\/\/museudigitalcp.com.br\/portaltur\/wp-content\/uploads\/2022\/12\/santuario-cn-1-300x199.webp\" alt=\"Santu\u00e1rio do Pai das Miseric\u00f3rdias - Can\u00e7\u00e3o Nova\" width=\"300\" height=\"199\" srcset=\"https:\/\/museudigitalcp.com.br\/portaltur\/wp-content\/uploads\/2022\/12\/santuario-cn-1-300x199.webp 300w, https:\/\/museudigitalcp.com.br\/portaltur\/wp-content\/uploads\/2022\/12\/santuario-cn-1.webp 500w\" sizes=\"auto, (max-width: 300px) 100vw, 300px\" \/><figcaption id=\"caption-attachment-1829\" class=\"wp-caption-text\">Santu\u00e1rio do Pai das Miseric\u00f3rdias &#8211; Can\u00e7\u00e3o Nova<\/figcaption><\/figure>\n<p>Em 2004, ap\u00f3s a finaliza\u00e7\u00e3o do Centro de Evangeliza\u00e7\u00e3o Dom Jo\u00e3o Hip\u00f3lito de Moraes, o desejo de construir o espa\u00e7o aumentou e se tornou realidade em dezembro de 2007. &#8220;Dentro dessa realidade de evangeliza\u00e7\u00e3o que a Can\u00e7\u00e3o Nova assume, como nos pede a Santa S\u00e9: &#8216;Evangelizai com renovado ardor mission\u00e1rio&#8217;, \u00e9 que, junto com voc\u00ea, iremos construir a Igreja do Pai das Miseric\u00f3rdias&#8221;, explica o diretor executivo da Funda\u00e7\u00e3o Jo\u00e3o Paulo II &#8211; mantenedora do Sistema Can\u00e7\u00e3o Nova de Comunica\u00e7\u00e3o -, Welligton Silva Jardim, conhecido por todos como Eto.<\/p>\n<p>A constru\u00e7\u00e3o deste santu\u00e1rio \u00e9 um s\u00edmbolo da for\u00e7a e uni\u00e3o de um povo, um projeto pensado com o objetivo de manter a simplicidade da Can\u00e7\u00e3o Nova e sua religiosidade. O local escolhido para a constru\u00e7\u00e3o marca a realeza de Deus, pois \u00e9 um ponto alto que poder\u00e1 ser avistado at\u00e9 mesmo da principal rodovia federal do pa\u00eds: a Presidente Dutra, que liga o Rio de Janeiro a S\u00e3o Paulo.<\/p>\n<p>O santu\u00e1rio, projetado para comportar cerca de 5.200 peregrinos, tem o formato de uma m\u00e3o, fazendo alus\u00e3o ao cuidado de Deus com os Seus filhos e a Sua disponibilidade de sempre nos ajudar.<\/p>\n<p>Acesse o site: <a href=\"https:\/\/santuario.cancaonova.com\/\" target=\"_blank\" rel=\"noopener\">https:\/\/santuario.cancaonova.com\/<\/a><\/p>\n<hr \/>\n<p style=\"text-align: center;\"><span style=\"font-size: 8pt;\"><a href=\"https:\/\/museudigitalcp.com.br\/portaltur\/\">P\u00c1GINA PRINCIPAL<\/a> \u2502 <a href=\"https:\/\/museudigitalcp.com.br\/portaltur\/pontos-turisticos-cachoeira-paulista\/\">PONTOS TUR\u00cdSTICOS<\/a> \u2502 <a href=\"https:\/\/museudigitalcp.com.br\/portaltur\/guias-de-turismo-credenciados\/\">GUIAS DE TURISMO CREDENCIADOS<\/a> \u2502 <a href=\"https:\/\/museudigitalcp.com.br\/portaltur\/uber-taxista-e-vans\/\">UBER, TAXISTAS E VANS<\/a><\/span><\/p>\n<hr \/>\n","protected":false},"excerpt":{"rendered":"<p>Projeto lit\u00fargico e Arte Sacra do Santu\u00e1rio do Pai das Miseric\u00f3rdias Era 1978, doze jovens liderados por um padre salesiano de testemunho de vida exemplar, aceitaram o chamado de viver em comunidade para levar a Palavra de Deus aos confins da terra. Com poucos recursos, eles acreditaram na Divina Provid\u00eancia e arrega\u00e7aram as mangas para [&hellip;]<\/p>\n","protected":false},"author":1,"featured_media":1829,"comment_status":"closed","ping_status":"closed","sticky":false,"template":"","format":"standard","meta":{"_monsterinsights_skip_tracking":false,"site-sidebar-layout":"default","site-content-layout":"","ast-site-content-layout":"default","site-content-style":"default","site-sidebar-style":"default","ast-global-header-display":"","ast-banner-title-visibility":"","ast-main-header-display":"","ast-hfb-above-header-display":"","ast-hfb-below-header-display":"","ast-hfb-mobile-header-display":"","site-post-title":"","ast-breadcrumbs-content":"","ast-featured-img":"","footer-sml-layout":"","ast-disable-related-posts":"","theme-transparent-header-meta":"","adv-header-id-meta":"","stick-header-meta":"","header-above-stick-meta":"","header-main-stick-meta":"","header-below-stick-meta":"","astra-migrate-meta-layouts":"default","ast-page-background-enabled":"default","ast-page-background-meta":{"desktop":{"background-color":"var(--ast-global-color-4)","background-image":"","background-repeat":"repeat","background-position":"center center","background-size":"auto","background-attachment":"scroll","background-type":"","background-media":"","overlay-type":"","overlay-color":"","overlay-opacity":"","overlay-gradient":""},"tablet":{"background-color":"","background-image":"","background-repeat":"repeat","background-position":"center center","background-size":"auto","background-attachment":"scroll","background-type":"","background-media":"","overlay-type":"","overlay-color":"","overlay-opacity":"","overlay-gradient":""},"mobile":{"background-color":"","background-image":"","background-repeat":"repeat","background-position":"center center","background-size":"auto","background-attachment":"scroll","background-type":"","background-media":"","overlay-type":"","overlay-color":"","overlay-opacity":"","overlay-gradient":""}},"ast-content-background-meta":{"desktop":{"background-color":"var(--ast-global-color-5)","background-image":"","background-repeat":"repeat","background-position":"center center","background-size":"auto","background-attachment":"scroll","background-type":"","background-media":"","overlay-type":"","overlay-color":"","overlay-opacity":"","overlay-gradient":""},"tablet":{"background-color":"var(--ast-global-color-5)","background-image":"","background-repeat":"repeat","background-position":"center center","background-size":"auto","background-attachment":"scroll","background-type":"","background-media":"","overlay-type":"","overlay-color":"","overlay-opacity":"","overlay-gradient":""},"mobile":{"background-color":"var(--ast-global-color-5)","background-image":"","background-repeat":"repeat","background-position":"center center","background-size":"auto","background-attachment":"scroll","background-type":"","background-media":"","overlay-type":"","overlay-color":"","overlay-opacity":"","overlay-gradient":""}},"footnotes":""},"categories":[190,191],"tags":[],"class_list":["post-884","post","type-post","status-publish","format-standard","has-post-thumbnail","hentry","category-pontos-turisticos-pagina","category-pontos-turisticos-frente"],"_links":{"self":[{"href":"https:\/\/museudigitalcp.com.br\/portaltur\/wp-json\/wp\/v2\/posts\/884","targetHints":{"allow":["GET"]}}],"collection":[{"href":"https:\/\/museudigitalcp.com.br\/portaltur\/wp-json\/wp\/v2\/posts"}],"about":[{"href":"https:\/\/museudigitalcp.com.br\/portaltur\/wp-json\/wp\/v2\/types\/post"}],"author":[{"embeddable":true,"href":"https:\/\/museudigitalcp.com.br\/portaltur\/wp-json\/wp\/v2\/users\/1"}],"replies":[{"embeddable":true,"href":"https:\/\/museudigitalcp.com.br\/portaltur\/wp-json\/wp\/v2\/comments?post=884"}],"version-history":[{"count":0,"href":"https:\/\/museudigitalcp.com.br\/portaltur\/wp-json\/wp\/v2\/posts\/884\/revisions"}],"wp:featuredmedia":[{"embeddable":true,"href":"https:\/\/museudigitalcp.com.br\/portaltur\/wp-json\/wp\/v2\/media\/1829"}],"wp:attachment":[{"href":"https:\/\/museudigitalcp.com.br\/portaltur\/wp-json\/wp\/v2\/media?parent=884"}],"wp:term":[{"taxonomy":"category","embeddable":true,"href":"https:\/\/museudigitalcp.com.br\/portaltur\/wp-json\/wp\/v2\/categories?post=884"},{"taxonomy":"post_tag","embeddable":true,"href":"https:\/\/museudigitalcp.com.br\/portaltur\/wp-json\/wp\/v2\/tags?post=884"}],"curies":[{"name":"wp","href":"https:\/\/api.w.org\/{rel}","templated":true}]}}