{"id":802,"date":"2022-11-28T03:46:51","date_gmt":"2022-11-28T03:46:51","guid":{"rendered":"https:\/\/cachoeirapaulista.tur.br\/?p=802"},"modified":"2026-03-13T00:21:37","modified_gmt":"2026-03-13T00:21:37","slug":"museu-doutor-costa-junior","status":"publish","type":"post","link":"https:\/\/museudigitalcp.com.br\/portaltur\/museu-doutor-costa-junior\/","title":{"rendered":"Museu Doutor Costa J\u00fanior"},"content":{"rendered":"<h3>A import\u00e2ncia de Cachoeira Paulista no contexto hist\u00f3rico do pa\u00eds \u00e9 vista no acervo do Museu Doutor Costa Junior<\/h3>\n<p>Apesar de pequeno, o Museu Hist\u00f3rico e Pedag\u00f3gico Dr Costa Junior guarda a hist\u00f3ria da cidade. O acervo re\u00fane objetos, obras art\u00edsticas, jornais e documentos que remetem ao passado de Cachoeira Paulista. H\u00e1 lou\u00e7as antigas de importantes fam\u00edlias que viveram na cidade. Tamb\u00e9m \u00e9 poss\u00edvel ter contato com os primeiros registros oficiais da cidade. O local re\u00fane algumas fotos das primeiras atividades urbanas da cidade.<\/p>\n<p>\u00c9 legal ver como a cidade evoluiu ao longo dos anos.<br \/>\nAl\u00e9m disso, o lugar abriga alguns artefatos da Revolu\u00e7\u00e3o Constitucionalista de 32. \u00c9 poss\u00edvel encontrar balas, armas e facas que foram utilizadas pelos soldados paulistas. O munic\u00edpio foi local do quartel general e abrigou parte das tropas que lutavam na divisa do estado com Minas Gerais.<\/p>\n<p>O guia \u00e9 muito prestativo e simp\u00e1tico, al\u00e9m de um grande conhecedor da hist\u00f3ria da cidade.<\/p>\n<figure id=\"attachment_810\" aria-describedby=\"caption-attachment-810\" style=\"width: 300px\" class=\"wp-caption alignleft\"><img loading=\"lazy\" decoding=\"async\" class=\"wp-image-810 size-medium\" title=\"Museu Hist\u00f3rico e Pedag\u00f3gico Dr Costa Junior - Cachoeira Paulista\" src=\"https:\/\/museudigitalcp.com.br\/portaltur\/wp-content\/uploads\/2022\/11\/museu-costa-junior-300x199.jpg\" alt=\"Museu Doutor Costa J\u00fanior\" width=\"300\" height=\"199\" srcset=\"https:\/\/museudigitalcp.com.br\/portaltur\/wp-content\/uploads\/2022\/11\/museu-costa-junior-300x199.jpg 300w, https:\/\/museudigitalcp.com.br\/portaltur\/wp-content\/uploads\/2022\/11\/museu-costa-junior.jpg 500w\" sizes=\"auto, (max-width: 300px) 100vw, 300px\" \/><figcaption id=\"caption-attachment-810\" class=\"wp-caption-text\">Museu Hist\u00f3rico e Pedag\u00f3gico Dr Costa Junior &#8211; Cachoeira Paulista<\/figcaption><\/figure>\n<p>Ficamos conversando por um bom tempo e ele contou muitas curiosidades da cidade, como por exemplo, a hist\u00f3ria da esta\u00e7\u00e3o ferrovi\u00e1ria que se tornou a segunda maior do estado depois que o engenheiro da obra se apaixonou por uma moradora local e para passar maior tempo com ela ele resolveu aumentar a o pr\u00e9dio.<\/p>\n<p>Ele fez uma timeline de todo o processo de urbaniza\u00e7\u00e3o da cidade, desde a hist\u00f3ria com os tropeiros, os primeiros a povoarem a regi\u00e3o, passando pelo per\u00edodo do caf\u00e9 e chegando aos dias atuais. O local funciona das 9h \u00e0s 18h dentro do Parque Ecol\u00f3gico.<\/p>\n<p><a href=\"https:\/\/www.youtube.com\/channel\/UCxCTYqYHPuAX3PO28On1fWw\" target=\"_blank\" rel=\"noopener\">Acesse o nosso canal no youtube aqui.<\/a><\/p>\n<hr \/>\n<p style=\"text-align: center;\"><span style=\"font-size: 8pt;\"><a href=\"https:\/\/museudigitalcp.com.br\/portaltur\/\">P\u00c1GINA PRINCIPAL<\/a> \u2502 <a href=\"https:\/\/museudigitalcp.com.br\/portaltur\/pontos-turisticos-cachoeira-paulista\/\">PONTOS TUR\u00cdSTICOS<\/a> \u2502 <a href=\"https:\/\/museudigitalcp.com.br\/portaltur\/guias-de-turismo-credenciados\/\">GUIAS DE TURISMO CREDENCIADOS<\/a> \u2502 <a href=\"https:\/\/museudigitalcp.com.br\/portaltur\/uber-taxista-e-vans\/\">UBER, TAXISTAS E VANS<\/a><\/span><\/p>\n<hr \/>\n","protected":false},"excerpt":{"rendered":"<p>A import\u00e2ncia de Cachoeira Paulista no contexto hist\u00f3rico do pa\u00eds \u00e9 vista no acervo do Museu Doutor Costa Junior Apesar de pequeno, o Museu Hist\u00f3rico e Pedag\u00f3gico Dr Costa Junior guarda a hist\u00f3ria da cidade. O acervo re\u00fane objetos, obras art\u00edsticas, jornais e documentos que remetem ao passado de Cachoeira Paulista. H\u00e1 lou\u00e7as antigas de [&hellip;]<\/p>\n","protected":false},"author":1,"featured_media":810,"comment_status":"closed","ping_status":"closed","sticky":false,"template":"","format":"standard","meta":{"_monsterinsights_skip_tracking":false,"site-sidebar-layout":"default","site-content-layout":"","ast-site-content-layout":"default","site-content-style":"default","site-sidebar-style":"default","ast-global-header-display":"","ast-banner-title-visibility":"","ast-main-header-display":"","ast-hfb-above-header-display":"","ast-hfb-below-header-display":"","ast-hfb-mobile-header-display":"","site-post-title":"","ast-breadcrumbs-content":"","ast-featured-img":"","footer-sml-layout":"","ast-disable-related-posts":"","theme-transparent-header-meta":"","adv-header-id-meta":"","stick-header-meta":"","header-above-stick-meta":"","header-main-stick-meta":"","header-below-stick-meta":"","astra-migrate-meta-layouts":"default","ast-page-background-enabled":"default","ast-page-background-meta":{"desktop":{"background-color":"var(--ast-global-color-4)","background-image":"","background-repeat":"repeat","background-position":"center center","background-size":"auto","background-attachment":"scroll","background-type":"","background-media":"","overlay-type":"","overlay-color":"","overlay-opacity":"","overlay-gradient":""},"tablet":{"background-color":"","background-image":"","background-repeat":"repeat","background-position":"center center","background-size":"auto","background-attachment":"scroll","background-type":"","background-media":"","overlay-type":"","overlay-color":"","overlay-opacity":"","overlay-gradient":""},"mobile":{"background-color":"","background-image":"","background-repeat":"repeat","background-position":"center center","background-size":"auto","background-attachment":"scroll","background-type":"","background-media":"","overlay-type":"","overlay-color":"","overlay-opacity":"","overlay-gradient":""}},"ast-content-background-meta":{"desktop":{"background-color":"var(--ast-global-color-5)","background-image":"","background-repeat":"repeat","background-position":"center center","background-size":"auto","background-attachment":"scroll","background-type":"","background-media":"","overlay-type":"","overlay-color":"","overlay-opacity":"","overlay-gradient":""},"tablet":{"background-color":"var(--ast-global-color-5)","background-image":"","background-repeat":"repeat","background-position":"center center","background-size":"auto","background-attachment":"scroll","background-type":"","background-media":"","overlay-type":"","overlay-color":"","overlay-opacity":"","overlay-gradient":""},"mobile":{"background-color":"var(--ast-global-color-5)","background-image":"","background-repeat":"repeat","background-position":"center center","background-size":"auto","background-attachment":"scroll","background-type":"","background-media":"","overlay-type":"","overlay-color":"","overlay-opacity":"","overlay-gradient":""}},"footnotes":""},"categories":[190],"tags":[],"class_list":["post-802","post","type-post","status-publish","format-standard","has-post-thumbnail","hentry","category-pontos-turisticos-pagina"],"_links":{"self":[{"href":"https:\/\/museudigitalcp.com.br\/portaltur\/wp-json\/wp\/v2\/posts\/802","targetHints":{"allow":["GET"]}}],"collection":[{"href":"https:\/\/museudigitalcp.com.br\/portaltur\/wp-json\/wp\/v2\/posts"}],"about":[{"href":"https:\/\/museudigitalcp.com.br\/portaltur\/wp-json\/wp\/v2\/types\/post"}],"author":[{"embeddable":true,"href":"https:\/\/museudigitalcp.com.br\/portaltur\/wp-json\/wp\/v2\/users\/1"}],"replies":[{"embeddable":true,"href":"https:\/\/museudigitalcp.com.br\/portaltur\/wp-json\/wp\/v2\/comments?post=802"}],"version-history":[{"count":0,"href":"https:\/\/museudigitalcp.com.br\/portaltur\/wp-json\/wp\/v2\/posts\/802\/revisions"}],"wp:featuredmedia":[{"embeddable":true,"href":"https:\/\/museudigitalcp.com.br\/portaltur\/wp-json\/wp\/v2\/media\/810"}],"wp:attachment":[{"href":"https:\/\/museudigitalcp.com.br\/portaltur\/wp-json\/wp\/v2\/media?parent=802"}],"wp:term":[{"taxonomy":"category","embeddable":true,"href":"https:\/\/museudigitalcp.com.br\/portaltur\/wp-json\/wp\/v2\/categories?post=802"},{"taxonomy":"post_tag","embeddable":true,"href":"https:\/\/museudigitalcp.com.br\/portaltur\/wp-json\/wp\/v2\/tags?post=802"}],"curies":[{"name":"wp","href":"https:\/\/api.w.org\/{rel}","templated":true}]}}