{"id":783,"date":"2022-11-27T04:20:36","date_gmt":"2022-11-27T04:20:36","guid":{"rendered":"https:\/\/cachoeirapaulista.tur.br\/?p=783"},"modified":"2026-03-13T00:24:31","modified_gmt":"2026-03-13T00:24:31","slug":"santuario-de-santa-cabeca","status":"publish","type":"post","link":"https:\/\/museudigitalcp.com.br\/portaltur\/santuario-de-santa-cabeca\/","title":{"rendered":"Santu\u00e1rio de Santa Cabe\u00e7a"},"content":{"rendered":"<div id=\"pl-783\" class=\"panel-layout\">\n<div id=\"pg-783-0\" class=\"panel-grid panel-no-style\">\n<div id=\"pgc-783-0-0\" class=\"panel-grid-cell\" data-weight=\"1\">\n<div id=\"panel-783-0-0-0\" class=\"so-panel widget widget_sow-editor panel-first-child panel-last-child\" data-index=\"0\" data-style=\"{&quot;background_image_attachment&quot;:false,&quot;background_display&quot;:&quot;tile&quot;,&quot;background_image_size&quot;:&quot;full&quot;,&quot;border_thickness&quot;:&quot;1px&quot;}\">\n<div class=\"so-widget-sow-editor so-widget-sow-editor-base\">\n<div class=\"siteorigin-widget-tinymce textwidget\">\n<div id=\"bgLayers_comp-kg6ry6a2\" class=\"_3wnIc\" data-hook=\"bgLayers\">\n<h2 id=\"bgMedia_comp-kg6ry6a2\" class=\"_2GUhU\"><span class=\"ez-toc-section\" id=\"O_Santuario_de_Santa_Cabeca_e_o_unico_no_mundo_dedicado_a_essa_Santa\"><\/span>O Santu\u00e1rio de Santa Cabe\u00e7a \u00e9 o \u00fanico no mundo dedicado a essa Santa<span class=\"ez-toc-section-end\"><\/span><\/h2>\n<\/div>\n<div class=\"\" data-mesh-id=\"comp-kg6ry6a2inlineContent\" data-testid=\"inline-content\">\n<div data-mesh-id=\"comp-kg6ry6a2inlineContent-gridContainer\" data-testid=\"mesh-container-content\">\n<div id=\"comp-kg6ry6b9\" class=\"_1Q9if _3bcaz\" data-testid=\"richTextElement\">\n<p class=\"font_8\">O Santu\u00e1rio de Santa Cabe\u00e7a tem suas origens por volta do ano de 1829 quando dois homens ao pescarem no rio Tiet\u00ea, recolheram em suas redes a cabe\u00e7a de uma imagem de Nossa Senhora.<\/p>\n<p class=\"font_8\">N\u00e3o sabendo o que fazer com a parte da imagem encontrada os dois pescadores deram-na de presente a um negociante que vinha do Rio Grande do Sul com destino ao Rio de Janeiro, chamado Jos\u00e9 Corr\u00eaa. Este por sua vez, ao passar pelo bairro do Paiol pertencente \u00e0 Par\u00f3quia de Silveiras, ofereceu \u00e0 Joana de Oliveira, que a guardou com respeito e devo\u00e7\u00e3o.<\/p>\n<p class=\"font_8\">Depois de certo tempo, Joana de Oliveira mudou-se para o bairro de Jata\u00ed, pertencente \u00e0 Par\u00f3quia de Cachoeira Paulista e trouxe consigo a Imagem da santa, que colocou num lugar especial de sua casa.<\/p>\n<p class=\"font_8\">Desde ent\u00e3o, centenas de pessoas da vizinhan\u00e7a vinham at\u00e9 a casa de Joana de Oliveira, para rezar e agradecer os milagres que recebiam da venerada Imagem. A casa tornou-se pequena para receber a multid\u00e3o que vinha de todas as par\u00f3quias vizinhas para venerar a Imagem de Nossa Senhora. O ent\u00e3o vig\u00e1rio de Jata\u00ed, Pe. Jo\u00e3o Graciano de Farias, aconselhou a Silv\u00e9ria de Oliveira, filha de Joana de Oliveira, que ficara com a Imagem, a angariar fundos, para construir uma capela, onde fosse venerada a Imagem de Nossa Senhora.<\/p>\n<figure id=\"attachment_1105\" aria-describedby=\"caption-attachment-1105\" style=\"width: 300px\" class=\"wp-caption alignleft\"><img loading=\"lazy\" decoding=\"async\" class=\"wp-image-1105 size-medium\" title=\"Santu\u00e1rio de Santa Cabe\u00e7a - Cachoeira Paulista\" src=\"https:\/\/museudigitalcp.com.br\/portaltur\/wp-content\/uploads\/2022\/11\/igreja-de-santa-cabeca2-300x199.webp\" alt=\"Santu\u00e1rio de Santa Cabe\u00e7a - Cachoeira Paulista\" width=\"300\" height=\"199\" srcset=\"https:\/\/museudigitalcp.com.br\/portaltur\/wp-content\/uploads\/2022\/11\/igreja-de-santa-cabeca2-300x199.webp 300w, https:\/\/museudigitalcp.com.br\/portaltur\/wp-content\/uploads\/2022\/11\/igreja-de-santa-cabeca2.webp 500w\" sizes=\"auto, (max-width: 300px) 100vw, 300px\" \/><figcaption id=\"caption-attachment-1105\" class=\"wp-caption-text\">Santu\u00e1rio de Santa Cabe\u00e7a &#8211; Cachoeira Paulista<\/figcaption><\/figure>\n<p class=\"font_8\">O Pe. Jo\u00e3o Graciano de Farias foi sepultado no cemit\u00e9rio de Jata\u00ed, perto de Nossa Senhora, a quem ele fez edificar a primeira capela.<br \/>\nMais tarde, foi feita outra capela maior que tamb\u00e9m tornou-se pequena, finalmente em 26 de agosto de 1928, foi inaugurada por Mons. Jos\u00e9 Machado a atual Igreja.<\/p>\n<p class=\"font_8\">Estes dados foram recolhidos por interm\u00e9dio de Jo\u00e3o Jo\u00e7\u00e3o de Oliveira, neto de Joana de Oliveira, conforme o consenso do povo do seu tempo e transmitidos por Mons. Jos\u00e9 Machado, vig\u00e1rio da comunidade de 1917 a 1939.<\/p>\n<h4 class=\"font_8\"><span class=\"ez-toc-section\" id=\"Santuario_Diocesano\"><\/span><span class=\"color_32\">Santu\u00e1rio Diocesano<\/span><span class=\"ez-toc-section-end\"><\/span><\/h4>\n<p class=\"font_8\">No dia 26 de setembro de 2010, por decreto do bispo diocesano, Dom Benedito Beni dos Santos, foi criado o Santu\u00e1rio de Nossa Senhora de Santa Cabe\u00e7a, antes pertencente \u00e0 Par\u00f3quia de Santo Ant\u00f4nio de Cachoeira Paulista-SP.<\/p>\n<p class=\"font_8\">Seu 1\u00b0 Reitor foi o Mons Jos\u00e9 Verreschi Neto, o seu 2\u00b0 Reitor o Pe. Daniel de Oliveira, o seu 3\u00ba e atual Reitor \u00e9 o Pe. Pedro de Almeida Cunha.<\/p>\n<p class=\"font_8\">O Santu\u00e1rio foi criado com o objetivo Pastoral de auxiliar a forma\u00e7\u00e3o do clero da Diocese de Lorena e tamb\u00e9m na medida do poss\u00edvel auxiliar as Dioceses pobres do Norte do pa\u00eds, como as da Amaz\u00f4nia, na forma\u00e7\u00e3o de seus presb\u00edteros, dando a eles a possibilidade de enviar \u00e0 nossa diocese seus candidatos para fazerem sua forma\u00e7\u00e3o inicial conosco, para, depois de preparados nesta primeira etapa da forma\u00e7\u00e3o, serem reenviados \u00e0s suas dioceses de origem para serem ordenados.<\/p>\n<h4 class=\"font_8\"><span class=\"ez-toc-section\" id=\"Sobre_a_imagem_de_Santa_Cabeca\"><\/span><span class=\"color_32\">Sobre a imagem de Santa Cabe\u00e7a<\/span><span class=\"ez-toc-section-end\"><\/span><\/h4>\n<p class=\"font_8\">A imagem venerada com o nome de Santa Cabe\u00e7a \u00e9 a cabe\u00e7a de uma imagem de Nossa Senhora. A cabe\u00e7a est\u00e1 dentro de uma redoma circundada por um resplendor dourado e sustentada por dois anjos.<\/p>\n<p class=\"font_8\">N\u00e3o se tem not\u00edcia de quem idealizou esta imagem dos dois anjos que seguram o resplendor onde fica depositada a cabe\u00e7a da imagem encontrada.<\/p>\n<p>Fonte: <a href=\"https:\/\/www.santacabeca.com.br\/hist%C3%B3ria\" target=\"_blank\" rel=\"noopener\">https:\/\/www.santacabeca.com.br\/historia<\/a><\/p>\n<\/div>\n<\/div>\n<\/div>\n<\/div>\n<\/div>\n<\/div>\n<\/div>\n<\/div>\n<\/div>\n<hr \/>\n<p style=\"text-align: center;\"><span style=\"font-size: 8pt;\"><a href=\"https:\/\/museudigitalcp.com.br\/portaltur\/\">P\u00c1GINA PRINCIPAL<\/a> \u2502 <a href=\"https:\/\/museudigitalcp.com.br\/portaltur\/pontos-turisticos-cachoeira-paulista\/\">PONTOS TUR\u00cdSTICOS<\/a> \u2502 <a href=\"https:\/\/museudigitalcp.com.br\/portaltur\/guias-de-turismo-credenciados\/\">GUIAS DE TURISMO CREDENCIADOS<\/a> \u2502 <a href=\"https:\/\/museudigitalcp.com.br\/portaltur\/uber-taxista-e-vans\/\">UBER, TAXISTAS E VANS<\/a><\/span><\/p>\n<hr \/>\n<div id=\"ez-toc-container\" class=\"ez-toc-v2_0_87 counter-hierarchy ez-toc-counter ez-toc-custom ez-toc-container-direction\">\n<div class=\"ez-toc-title-container\">\n<p class=\"ez-toc-title\" style=\"cursor:inherit\">Resumo<\/p>\n<span class=\"ez-toc-title-toggle\"><a href=\"#\" class=\"ez-toc-pull-right ez-toc-btn ez-toc-btn-xs ez-toc-btn-default ez-toc-toggle\" aria-label=\"Alternar tabela de conte\u00fado\"><span class=\"ez-toc-js-icon-con\"><span class=\"\"><span class=\"eztoc-hide\" style=\"display:none;\">Toggle<\/span><span class=\"ez-toc-icon-toggle-span\"><svg style=\"fill: #05006b;color:#05006b\" xmlns=\"http:\/\/www.w3.org\/2000\/svg\" class=\"list-377408\" width=\"20px\" height=\"20px\" viewBox=\"0 0 24 24\" fill=\"none\"><path d=\"M6 6H4v2h2V6zm14 0H8v2h12V6zM4 11h2v2H4v-2zm16 0H8v2h12v-2zM4 16h2v2H4v-2zm16 0H8v2h12v-2z\" fill=\"currentColor\"><\/path><\/svg><svg style=\"fill: #05006b;color:#05006b\" class=\"arrow-unsorted-368013\" xmlns=\"http:\/\/www.w3.org\/2000\/svg\" width=\"10px\" height=\"10px\" viewBox=\"0 0 24 24\" version=\"1.2\" baseProfile=\"tiny\"><path d=\"M18.2 9.3l-6.2-6.3-6.2 6.3c-.2.2-.3.4-.3.7s.1.5.3.7c.2.2.4.3.7.3h11c.3 0 .5-.1.7-.3.2-.2.3-.5.3-.7s-.1-.5-.3-.7zM5.8 14.7l6.2 6.3 6.2-6.3c.2-.2.3-.5.3-.7s-.1-.5-.3-.7c-.2-.2-.4-.3-.7-.3h-11c-.3 0-.5.1-.7.3-.2.2-.3.5-.3.7s.1.5.3.7z\"\/><\/svg><\/span><\/span><\/span><\/a><\/span><\/div>\n<nav><ul class='ez-toc-list ez-toc-list-level-1 eztoc-toggle-hide-by-default' ><li class='ez-toc-page-1 ez-toc-heading-level-2'><a class=\"ez-toc-link ez-toc-heading-1\" href=\"https:\/\/museudigitalcp.com.br\/portaltur\/santuario-de-santa-cabeca\/#O_Santuario_de_Santa_Cabeca_e_o_unico_no_mundo_dedicado_a_essa_Santa\" >O Santu\u00e1rio de Santa Cabe\u00e7a \u00e9 o \u00fanico no mundo dedicado a essa Santa<\/a><ul class='ez-toc-list-level-4' ><li class='ez-toc-heading-level-4'><ul class='ez-toc-list-level-4' ><li class='ez-toc-heading-level-4'><a class=\"ez-toc-link ez-toc-heading-2\" href=\"https:\/\/museudigitalcp.com.br\/portaltur\/santuario-de-santa-cabeca\/#Santuario_Diocesano\" >Santu\u00e1rio Diocesano<\/a><\/li><li class='ez-toc-page-1 ez-toc-heading-level-4'><a class=\"ez-toc-link ez-toc-heading-3\" href=\"https:\/\/museudigitalcp.com.br\/portaltur\/santuario-de-santa-cabeca\/#Sobre_a_imagem_de_Santa_Cabeca\" >Sobre a imagem de Santa Cabe\u00e7a<\/a><\/li><\/ul><\/li><\/ul><\/li><\/ul><\/nav><\/div>\n","protected":false},"excerpt":{"rendered":"<p>O Santu\u00e1rio de Santa Cabe\u00e7a \u00e9 o \u00fanico no mundo dedicado a essa Santa O Santu\u00e1rio de Santa Cabe\u00e7a tem suas origens por volta do ano de 1829 quando dois homens ao pescarem no rio Tiet\u00ea, recolheram em suas redes a cabe\u00e7a de uma imagem de Nossa Senhora. N\u00e3o sabendo o que fazer com a [&hellip;]<\/p>\n","protected":false},"author":1,"featured_media":1106,"comment_status":"closed","ping_status":"closed","sticky":false,"template":"","format":"standard","meta":{"_monsterinsights_skip_tracking":false,"site-sidebar-layout":"default","site-content-layout":"","ast-site-content-layout":"default","site-content-style":"default","site-sidebar-style":"default","ast-global-header-display":"","ast-banner-title-visibility":"","ast-main-header-display":"","ast-hfb-above-header-display":"","ast-hfb-below-header-display":"","ast-hfb-mobile-header-display":"","site-post-title":"","ast-breadcrumbs-content":"","ast-featured-img":"","footer-sml-layout":"","ast-disable-related-posts":"","theme-transparent-header-meta":"","adv-header-id-meta":"","stick-header-meta":"","header-above-stick-meta":"","header-main-stick-meta":"","header-below-stick-meta":"","astra-migrate-meta-layouts":"default","ast-page-background-enabled":"default","ast-page-background-meta":{"desktop":{"background-color":"var(--ast-global-color-4)","background-image":"","background-repeat":"repeat","background-position":"center center","background-size":"auto","background-attachment":"scroll","background-type":"","background-media":"","overlay-type":"","overlay-color":"","overlay-opacity":"","overlay-gradient":""},"tablet":{"background-color":"","background-image":"","background-repeat":"repeat","background-position":"center center","background-size":"auto","background-attachment":"scroll","background-type":"","background-media":"","overlay-type":"","overlay-color":"","overlay-opacity":"","overlay-gradient":""},"mobile":{"background-color":"","background-image":"","background-repeat":"repeat","background-position":"center center","background-size":"auto","background-attachment":"scroll","background-type":"","background-media":"","overlay-type":"","overlay-color":"","overlay-opacity":"","overlay-gradient":""}},"ast-content-background-meta":{"desktop":{"background-color":"var(--ast-global-color-5)","background-image":"","background-repeat":"repeat","background-position":"center center","background-size":"auto","background-attachment":"scroll","background-type":"","background-media":"","overlay-type":"","overlay-color":"","overlay-opacity":"","overlay-gradient":""},"tablet":{"background-color":"var(--ast-global-color-5)","background-image":"","background-repeat":"repeat","background-position":"center center","background-size":"auto","background-attachment":"scroll","background-type":"","background-media":"","overlay-type":"","overlay-color":"","overlay-opacity":"","overlay-gradient":""},"mobile":{"background-color":"var(--ast-global-color-5)","background-image":"","background-repeat":"repeat","background-position":"center center","background-size":"auto","background-attachment":"scroll","background-type":"","background-media":"","overlay-type":"","overlay-color":"","overlay-opacity":"","overlay-gradient":""}},"footnotes":""},"categories":[191,190],"tags":[],"class_list":["post-783","post","type-post","status-publish","format-standard","has-post-thumbnail","hentry","category-pontos-turisticos-frente","category-pontos-turisticos-pagina"],"_links":{"self":[{"href":"https:\/\/museudigitalcp.com.br\/portaltur\/wp-json\/wp\/v2\/posts\/783","targetHints":{"allow":["GET"]}}],"collection":[{"href":"https:\/\/museudigitalcp.com.br\/portaltur\/wp-json\/wp\/v2\/posts"}],"about":[{"href":"https:\/\/museudigitalcp.com.br\/portaltur\/wp-json\/wp\/v2\/types\/post"}],"author":[{"embeddable":true,"href":"https:\/\/museudigitalcp.com.br\/portaltur\/wp-json\/wp\/v2\/users\/1"}],"replies":[{"embeddable":true,"href":"https:\/\/museudigitalcp.com.br\/portaltur\/wp-json\/wp\/v2\/comments?post=783"}],"version-history":[{"count":0,"href":"https:\/\/museudigitalcp.com.br\/portaltur\/wp-json\/wp\/v2\/posts\/783\/revisions"}],"wp:featuredmedia":[{"embeddable":true,"href":"https:\/\/museudigitalcp.com.br\/portaltur\/wp-json\/wp\/v2\/media\/1106"}],"wp:attachment":[{"href":"https:\/\/museudigitalcp.com.br\/portaltur\/wp-json\/wp\/v2\/media?parent=783"}],"wp:term":[{"taxonomy":"category","embeddable":true,"href":"https:\/\/museudigitalcp.com.br\/portaltur\/wp-json\/wp\/v2\/categories?post=783"},{"taxonomy":"post_tag","embeddable":true,"href":"https:\/\/museudigitalcp.com.br\/portaltur\/wp-json\/wp\/v2\/tags?post=783"}],"curies":[{"name":"wp","href":"https:\/\/api.w.org\/{rel}","templated":true}]}}