{"id":763,"date":"2022-11-26T19:40:59","date_gmt":"2022-11-26T19:40:59","guid":{"rendered":"https:\/\/cachoeirapaulista.tur.br\/?p=763"},"modified":"2026-03-13T00:25:43","modified_gmt":"2026-03-13T00:25:43","slug":"cancao-nova","status":"publish","type":"post","link":"https:\/\/museudigitalcp.com.br\/portaltur\/cancao-nova\/","title":{"rendered":"Can\u00e7\u00e3o Nova em Cachoeira Paulista"},"content":{"rendered":"<div id=\"pl-763\" class=\"panel-layout\">\n<div id=\"pg-763-0\" class=\"panel-grid panel-no-style\">\n<div id=\"pgc-763-0-0\" class=\"panel-grid-cell\" data-weight=\"1\">\n<div id=\"panel-763-0-0-0\" class=\"so-panel widget widget_sow-editor panel-first-child panel-last-child\" data-index=\"0\" data-style=\"{&quot;background_image_attachment&quot;:false,&quot;background_display&quot;:&quot;tile&quot;,&quot;background_image_size&quot;:&quot;full&quot;,&quot;border_thickness&quot;:&quot;1px&quot;}\">\n<div class=\"so-widget-sow-editor so-widget-sow-editor-base\">\n<div class=\"siteorigin-widget-tinymce textwidget\">\n<h3 class=\"widget-title\">Formando Homens Novos para o Mundo Novo. Can\u00e7\u00e3o Nova<\/h3>\n<p>H\u00e1 quatro d\u00e9cadas (1976) quando Dom Ant\u00f4nio Afonso de Miranda, bispo em\u00e9rito de Taubat\u00e9, disse ao ent\u00e3o Padre Jonas Abib: &#8220;J\u00e1 que voc\u00ea trabalha com jovens, comece com os jovens que \u00e9 mais f\u00e1cil\u201d, fala esta entendida por este sacerdote como chamado de Deus e que alavancou os primeiros membros e continua se intensificando cada vez mais atualmente.<\/p>\n<figure id=\"attachment_1103\" aria-describedby=\"caption-attachment-1103\" style=\"width: 300px\" class=\"wp-caption alignleft\"><img loading=\"lazy\" decoding=\"async\" class=\"wp-image-1103 size-medium\" title=\"Can\u00e7\u00e3o Nova - Cachoeira Paulista\" src=\"https:\/\/museudigitalcp.com.br\/portaltur\/wp-content\/uploads\/2022\/11\/cancao-nova-evento-300x199.webp\" alt=\"Can\u00e7\u00e3o Nova - Cachoeira Paulista\" width=\"300\" height=\"199\" srcset=\"https:\/\/museudigitalcp.com.br\/portaltur\/wp-content\/uploads\/2022\/11\/cancao-nova-evento-300x199.webp 300w, https:\/\/museudigitalcp.com.br\/portaltur\/wp-content\/uploads\/2022\/11\/cancao-nova-evento.webp 700w\" sizes=\"auto, (max-width: 300px) 100vw, 300px\" \/><figcaption id=\"caption-attachment-1103\" class=\"wp-caption-text\">Can\u00e7\u00e3o Nova &#8211; Cachoeira Paulista<\/figcaption><\/figure>\n<p>Em 1968, come\u00e7aram os primeiros encontros com os jovens, e a partir de 1972, come\u00e7aram as experi\u00eancias de ora\u00e7\u00e3o no Esp\u00edrito Santo, em Lorena visando primeiro encontro pessoal com Cristo e o batismo no Esp\u00edrito Santo, surgindo a necessidade e um recinto com estrutura e adequado para tais encontros,foi quando na cidade de Areias (SP) encontraram uma fazenda que instituiu o nascimento da\u00a0Associa\u00e7\u00e3o Can\u00e7\u00e3o Nova, ap\u00f3s dois anos, come\u00e7ava a ser constru\u00edda a primeira Casa de Miss\u00e3o na cidade vizinha de Queluz, que foi batizada de \u201cCan\u00e7\u00e3o Nova &#8211; a Casa de Maria\u201d.<\/p>\n<p>Site: <a href=\"https:\/\/www.cancaonova.com\/\" target=\"_blank\" rel=\"noopener\">https:\/\/www.cancaonova.com\/<\/a><\/p>\n<hr \/>\n<p style=\"text-align: center;\"><span style=\"font-size: 8pt;\"><a href=\"https:\/\/museudigitalcp.com.br\/portaltur\/\">P\u00c1GINA PRINCIPAL<\/a> \u2502 <a href=\"https:\/\/museudigitalcp.com.br\/portaltur\/pontos-turisticos-cachoeira-paulista\/\">PONTOS TUR\u00cdSTICOS<\/a> \u2502 <a href=\"https:\/\/museudigitalcp.com.br\/portaltur\/guias-de-turismo-credenciados\/\">GUIAS DE TURISMO CREDENCIADOS<\/a> \u2502 <a href=\"https:\/\/museudigitalcp.com.br\/portaltur\/uber-taxista-e-vans\/\">UBER, TAXISTAS E VANS<\/a><\/span><\/p>\n<hr \/>\n","protected":false},"excerpt":{"rendered":"<p>Formando Homens Novos para o Mundo Novo. Can\u00e7\u00e3o Nova H\u00e1 quatro d\u00e9cadas (1976) quando Dom Ant\u00f4nio Afonso de Miranda, bispo em\u00e9rito de Taubat\u00e9, disse ao ent\u00e3o Padre Jonas Abib: &#8220;J\u00e1 que voc\u00ea trabalha com jovens, comece com os jovens que \u00e9 mais f\u00e1cil\u201d, fala esta entendida por este sacerdote como chamado de Deus e que [&hellip;]<\/p>\n","protected":false},"author":1,"featured_media":1104,"comment_status":"closed","ping_status":"closed","sticky":false,"template":"","format":"standard","meta":{"_monsterinsights_skip_tracking":false,"site-sidebar-layout":"default","site-content-layout":"","ast-site-content-layout":"default","site-content-style":"default","site-sidebar-style":"default","ast-global-header-display":"","ast-banner-title-visibility":"","ast-main-header-display":"","ast-hfb-above-header-display":"","ast-hfb-below-header-display":"","ast-hfb-mobile-header-display":"","site-post-title":"","ast-breadcrumbs-content":"","ast-featured-img":"","footer-sml-layout":"","ast-disable-related-posts":"","theme-transparent-header-meta":"","adv-header-id-meta":"","stick-header-meta":"","header-above-stick-meta":"","header-main-stick-meta":"","header-below-stick-meta":"","astra-migrate-meta-layouts":"default","ast-page-background-enabled":"default","ast-page-background-meta":{"desktop":{"background-color":"var(--ast-global-color-4)","background-image":"","background-repeat":"repeat","background-position":"center center","background-size":"auto","background-attachment":"scroll","background-type":"","background-media":"","overlay-type":"","overlay-color":"","overlay-opacity":"","overlay-gradient":""},"tablet":{"background-color":"","background-image":"","background-repeat":"repeat","background-position":"center center","background-size":"auto","background-attachment":"scroll","background-type":"","background-media":"","overlay-type":"","overlay-color":"","overlay-opacity":"","overlay-gradient":""},"mobile":{"background-color":"","background-image":"","background-repeat":"repeat","background-position":"center center","background-size":"auto","background-attachment":"scroll","background-type":"","background-media":"","overlay-type":"","overlay-color":"","overlay-opacity":"","overlay-gradient":""}},"ast-content-background-meta":{"desktop":{"background-color":"var(--ast-global-color-5)","background-image":"","background-repeat":"repeat","background-position":"center center","background-size":"auto","background-attachment":"scroll","background-type":"","background-media":"","overlay-type":"","overlay-color":"","overlay-opacity":"","overlay-gradient":""},"tablet":{"background-color":"var(--ast-global-color-5)","background-image":"","background-repeat":"repeat","background-position":"center center","background-size":"auto","background-attachment":"scroll","background-type":"","background-media":"","overlay-type":"","overlay-color":"","overlay-opacity":"","overlay-gradient":""},"mobile":{"background-color":"var(--ast-global-color-5)","background-image":"","background-repeat":"repeat","background-position":"center center","background-size":"auto","background-attachment":"scroll","background-type":"","background-media":"","overlay-type":"","overlay-color":"","overlay-opacity":"","overlay-gradient":""}},"footnotes":""},"categories":[191,190],"tags":[],"class_list":["post-763","post","type-post","status-publish","format-standard","has-post-thumbnail","hentry","category-pontos-turisticos-frente","category-pontos-turisticos-pagina"],"_links":{"self":[{"href":"https:\/\/museudigitalcp.com.br\/portaltur\/wp-json\/wp\/v2\/posts\/763","targetHints":{"allow":["GET"]}}],"collection":[{"href":"https:\/\/museudigitalcp.com.br\/portaltur\/wp-json\/wp\/v2\/posts"}],"about":[{"href":"https:\/\/museudigitalcp.com.br\/portaltur\/wp-json\/wp\/v2\/types\/post"}],"author":[{"embeddable":true,"href":"https:\/\/museudigitalcp.com.br\/portaltur\/wp-json\/wp\/v2\/users\/1"}],"replies":[{"embeddable":true,"href":"https:\/\/museudigitalcp.com.br\/portaltur\/wp-json\/wp\/v2\/comments?post=763"}],"version-history":[{"count":0,"href":"https:\/\/museudigitalcp.com.br\/portaltur\/wp-json\/wp\/v2\/posts\/763\/revisions"}],"wp:featuredmedia":[{"embeddable":true,"href":"https:\/\/museudigitalcp.com.br\/portaltur\/wp-json\/wp\/v2\/media\/1104"}],"wp:attachment":[{"href":"https:\/\/museudigitalcp.com.br\/portaltur\/wp-json\/wp\/v2\/media?parent=763"}],"wp:term":[{"taxonomy":"category","embeddable":true,"href":"https:\/\/museudigitalcp.com.br\/portaltur\/wp-json\/wp\/v2\/categories?post=763"},{"taxonomy":"post_tag","embeddable":true,"href":"https:\/\/museudigitalcp.com.br\/portaltur\/wp-json\/wp\/v2\/tags?post=763"}],"curies":[{"name":"wp","href":"https:\/\/api.w.org\/{rel}","templated":true}]}}