{"id":711,"date":"2022-11-18T03:08:10","date_gmt":"2022-11-18T03:08:10","guid":{"rendered":"https:\/\/cachoeirapaulista.tur.br\/?p=711"},"modified":"2026-07-31T20:48:31","modified_gmt":"2026-07-31T20:48:31","slug":"pontos-turisticos-cachoeira-paulista","status":"publish","type":"post","link":"https:\/\/museudigitalcp.com.br\/portaltur\/pontos-turisticos-cachoeira-paulista\/","title":{"rendered":"Pontos tur\u00edsticos de Cachoeira Paulista"},"content":{"rendered":"\n<h2 style=\"text-align: left;\"><span class=\"ez-toc-section\" id=\"O_que_fazer_em_Cachoeira_Paulista_guia_completo_de_turismo_e_fe\"><\/span><span style=\"font-size: 26px;\">O que fazer em Cachoeira Paulista: guia completo de turismo e f\u00e9<\/span><span class=\"ez-toc-section-end\"><\/span><\/h2>\n<hr \/>\n<p style=\"text-align: left;\">Considerada uma cidade aben\u00e7oada, Cachoeira Paulista n\u00e3o decepciona quando o assunto \u00e9 viagem. N\u00e3o faltam atra\u00e7\u00f5es para visitar e para ajudar nossos amigos visitantes que desejam conhecer esses lugares, reunimos aqui os pontos tur\u00edsticos para descobrir na pr\u00f3xima viagem. Confira!<\/p>\n<p style=\"text-align: center;\"><div class=\"pt-cv-wrapper\"><div class=\"pt-cv-view pt-cv-blockgrid iscvblock iscvhybrid grid1 layout1\" id=\"pt-cv-view-f651bcamw9\"><div data-id=\"pt-cv-page-1\" class=\"pt-cv-page\" data-cvc=\"5\"><div class=\" pt-cv-content-item pt-cv-1-col\" ><div class=\"pt-cv-thumb-wrapper  \"><a href=\"https:\/\/museudigitalcp.com.br\/portaltur\/casa-do-artesao-em-cachoeira-paulista\/\" class=\"_self pt-cv-href-thumbnail pt-cv-thumb-default\" target=\"_self\"><img loading=\"lazy\" decoding=\"async\" width=\"300\" height=\"169\" src=\"https:\/\/museudigitalcp.com.br\/portaltur\/wp-content\/uploads\/2025\/07\/Casa-do-Artesao-Da-Mariucha-em-Cachoeira-Paulista-4-e1752193797785.jpg\" class=\"pt-cv-thumbnail\" alt=\"\" \/><\/a><\/div>\n<h4 class=\"pt-cv-title\"><span class=\"ez-toc-section\" id=\"Casa_do_artesao_em_Cachoeira_Paulista\"><\/span><a href=\"https:\/\/museudigitalcp.com.br\/portaltur\/casa-do-artesao-em-cachoeira-paulista\/\" class=\"_self\" target=\"_self\">Casa do artes\u00e3o em Cachoeira Paulista<\/a><span class=\"ez-toc-section-end\"><\/span><\/h4>\n<div class=\"pt-cv-content\">Casa do Artes\u00e3o D\u00aa Mari\u00facha em Cachoeira Paulista A Casa ...<\/div><\/div>\n<div class=\" pt-cv-content-item pt-cv-1-col\" ><div class=\"pt-cv-thumb-wrapper  \"><a href=\"https:\/\/museudigitalcp.com.br\/portaltur\/escola-dr-evangelista-rodrigues\/\" class=\"_self pt-cv-href-thumbnail pt-cv-thumb-default\" target=\"_self\"><img loading=\"lazy\" decoding=\"async\" width=\"300\" height=\"199\" src=\"https:\/\/museudigitalcp.com.br\/portaltur\/wp-content\/uploads\/2024\/03\/evangelista-rodrigues2-300x199.webp\" class=\"pt-cv-thumbnail\" alt=\"Escola Dr Evangelista Rodrigues - Cachoeira Paulista\" srcset=\"https:\/\/museudigitalcp.com.br\/portaltur\/wp-content\/uploads\/2024\/03\/evangelista-rodrigues2-300x199.webp 300w, https:\/\/museudigitalcp.com.br\/portaltur\/wp-content\/uploads\/2024\/03\/evangelista-rodrigues2.webp 450w\" sizes=\"auto, (max-width: 300px) 100vw, 300px\" \/><\/a><\/div>\n<h4 class=\"pt-cv-title\"><span class=\"ez-toc-section\" id=\"Escola_Dr_Evangelista_Rodrigues\"><\/span><a href=\"https:\/\/museudigitalcp.com.br\/portaltur\/escola-dr-evangelista-rodrigues\/\" class=\"_self\" target=\"_self\">Escola Dr Evangelista Rodrigues<\/a><span class=\"ez-toc-section-end\"><\/span><\/h4>\n<div class=\"pt-cv-content\">Tombada pela import\u00e2ncia hist\u00f3rica e cultural em Cachoeira Paulista. Projetada ...<\/div><\/div>\n<div class=\" pt-cv-content-item pt-cv-1-col\" ><div class=\"pt-cv-thumb-wrapper  \"><a href=\"https:\/\/museudigitalcp.com.br\/portaltur\/pontilhao-de-ferro-silvio-vilas-boas\/\" class=\"_self pt-cv-href-thumbnail pt-cv-thumb-default\" target=\"_self\"><img loading=\"lazy\" decoding=\"async\" width=\"300\" height=\"199\" src=\"https:\/\/museudigitalcp.com.br\/portaltur\/wp-content\/uploads\/2024\/03\/pontilhao-de-ferro-300x199.webp\" class=\"pt-cv-thumbnail\" alt=\"Pontilh\u00e3o de ferrto Silvio Vilas Boas\" srcset=\"https:\/\/museudigitalcp.com.br\/portaltur\/wp-content\/uploads\/2024\/03\/pontilhao-de-ferro-300x199.webp 300w, https:\/\/museudigitalcp.com.br\/portaltur\/wp-content\/uploads\/2024\/03\/pontilhao-de-ferro.webp 450w\" sizes=\"auto, (max-width: 300px) 100vw, 300px\" \/><\/a><\/div>\n<h4 class=\"pt-cv-title\"><span class=\"ez-toc-section\" id=\"Pontilhao_de_ferro_Silvio_Vilas_Boas\"><\/span><a href=\"https:\/\/museudigitalcp.com.br\/portaltur\/pontilhao-de-ferro-silvio-vilas-boas\/\" class=\"_self\" target=\"_self\">Pontilh\u00e3o de ferro Silvio Vilas Boas<\/a><span class=\"ez-toc-section-end\"><\/span><\/h4>\n<div class=\"pt-cv-content\">Obra que representa a expans\u00e3o e modernidade do Imp\u00e9rio Pontilh\u00e3o ...<\/div><\/div>\n<div class=\" pt-cv-content-item pt-cv-1-col\" ><div class=\"pt-cv-thumb-wrapper  \"><a href=\"https:\/\/museudigitalcp.com.br\/portaltur\/ponte-agostinho-ramos\/\" class=\"_self pt-cv-href-thumbnail pt-cv-thumb-default\" target=\"_self\"><img loading=\"lazy\" decoding=\"async\" width=\"300\" height=\"199\" src=\"https:\/\/museudigitalcp.com.br\/portaltur\/wp-content\/uploads\/2023\/07\/cachoeira-paulista02-300x199.webp\" class=\"pt-cv-thumbnail\" alt=\"Ponte sobre o rio Para\u00edba do Sul em Cachoeira Paulista\" srcset=\"https:\/\/museudigitalcp.com.br\/portaltur\/wp-content\/uploads\/2023\/07\/cachoeira-paulista02-300x199.webp 300w, https:\/\/museudigitalcp.com.br\/portaltur\/wp-content\/uploads\/2023\/07\/cachoeira-paulista02.webp 420w\" sizes=\"auto, (max-width: 300px) 100vw, 300px\" \/><\/a><\/div>\n<h4 class=\"pt-cv-title\"><span class=\"ez-toc-section\" id=\"Ponte_Agostinho_Ramos\"><\/span><a href=\"https:\/\/museudigitalcp.com.br\/portaltur\/ponte-agostinho-ramos\/\" class=\"_self\" target=\"_self\">Ponte Agostinho Ramos<\/a><span class=\"ez-toc-section-end\"><\/span><\/h4>\n<div class=\"pt-cv-content\">A Ponte Agostinho Ramos permanece imponente e testemunha da hist\u00f3ria ...<\/div><\/div>\n<div class=\" pt-cv-content-item pt-cv-1-col\" ><div class=\"pt-cv-thumb-wrapper  \"><a href=\"https:\/\/museudigitalcp.com.br\/portaltur\/fonte-da-mao-fria\/\" class=\"_self pt-cv-href-thumbnail pt-cv-thumb-default\" target=\"_self\"><img loading=\"lazy\" decoding=\"async\" width=\"300\" height=\"199\" src=\"https:\/\/museudigitalcp.com.br\/portaltur\/wp-content\/uploads\/2024\/02\/mao-fria-cachoeira-paulista2-300x199.webp\" class=\"pt-cv-thumbnail\" alt=\"Fonte da M\u00e3o Fria em Cachoeira Paulista\" srcset=\"https:\/\/museudigitalcp.com.br\/portaltur\/wp-content\/uploads\/2024\/02\/mao-fria-cachoeira-paulista2-300x199.webp 300w, https:\/\/museudigitalcp.com.br\/portaltur\/wp-content\/uploads\/2024\/02\/mao-fria-cachoeira-paulista2.webp 350w\" sizes=\"auto, (max-width: 300px) 100vw, 300px\" \/><\/a><\/div>\n<h4 class=\"pt-cv-title\"><span class=\"ez-toc-section\" id=\"Fonte_da_Mao_Fria\"><\/span><a href=\"https:\/\/museudigitalcp.com.br\/portaltur\/fonte-da-mao-fria\/\" class=\"_self\" target=\"_self\">Fonte da M\u00e3o Fria<\/a><span class=\"ez-toc-section-end\"><\/span><\/h4>\n<div class=\"pt-cv-content\">A Fonte da M\u00e3o Fria em Cachoeira Paulista est\u00e1 ligada ...<\/div><\/div>\n<div class=\" pt-cv-content-item pt-cv-1-col\" ><div class=\"pt-cv-thumb-wrapper  \"><a href=\"https:\/\/museudigitalcp.com.br\/portaltur\/cachoeirao-da-bocaina\/\" class=\"_self pt-cv-href-thumbnail pt-cv-thumb-default\" target=\"_self\"><img loading=\"lazy\" decoding=\"async\" width=\"300\" height=\"199\" src=\"https:\/\/museudigitalcp.com.br\/portaltur\/wp-content\/uploads\/2023\/08\/cachoeirao-bocaina-300x199.webp\" class=\"pt-cv-thumbnail\" alt=\"Cachoeir\u00e3o da Bocaina em Cachoeira Paulista\" srcset=\"https:\/\/museudigitalcp.com.br\/portaltur\/wp-content\/uploads\/2023\/08\/cachoeirao-bocaina-300x199.webp 300w, https:\/\/museudigitalcp.com.br\/portaltur\/wp-content\/uploads\/2023\/08\/cachoeirao-bocaina.webp 400w\" sizes=\"auto, (max-width: 300px) 100vw, 300px\" \/><\/a><\/div>\n<h4 class=\"pt-cv-title\"><span class=\"ez-toc-section\" id=\"Cachoeirao_da_Bocaina\"><\/span><a href=\"https:\/\/museudigitalcp.com.br\/portaltur\/cachoeirao-da-bocaina\/\" class=\"_self\" target=\"_self\">Cachoeir\u00e3o da Bocaina<\/a><span class=\"ez-toc-section-end\"><\/span><\/h4>\n<div class=\"pt-cv-content\">O Cachoeir\u00e3o da Bocaina em Cachoeira Paulista \u00e9 um lugar ...<\/div><\/div>\n<div class=\" pt-cv-content-item pt-cv-1-col\" ><div class=\"pt-cv-thumb-wrapper  \"><a href=\"https:\/\/museudigitalcp.com.br\/portaltur\/centro-de-evangelizacao\/\" class=\"_self pt-cv-href-thumbnail pt-cv-thumb-default\" target=\"_self\"><img loading=\"lazy\" decoding=\"async\" width=\"300\" height=\"199\" src=\"https:\/\/museudigitalcp.com.br\/portaltur\/wp-content\/uploads\/2023\/08\/rincao-300x199.webp\" class=\"pt-cv-thumbnail\" alt=\"Centro de Evangeliza\u00e7\u00e3o na Can\u00e7\u00e3o Nova em Cachoeira Paulista\" srcset=\"https:\/\/museudigitalcp.com.br\/portaltur\/wp-content\/uploads\/2023\/08\/rincao-300x199.webp 300w, https:\/\/museudigitalcp.com.br\/portaltur\/wp-content\/uploads\/2023\/08\/rincao.webp 450w\" sizes=\"auto, (max-width: 300px) 100vw, 300px\" \/><\/a><\/div>\n<h4 class=\"pt-cv-title\"><span class=\"ez-toc-section\" id=\"Centro_de_Evangelizacao\"><\/span><a href=\"https:\/\/museudigitalcp.com.br\/portaltur\/centro-de-evangelizacao\/\" class=\"_self\" target=\"_self\">Centro de Evangeliza\u00e7\u00e3o<\/a><span class=\"ez-toc-section-end\"><\/span><\/h4>\n<div class=\"pt-cv-content\">Centro de Evangeliza\u00e7\u00e3o Dom Jo\u00e3o Hip\u00f3lito de Moraes conhecido como ...<\/div><\/div>\n<div class=\" pt-cv-content-item pt-cv-1-col\" ><div class=\"pt-cv-thumb-wrapper  \"><a href=\"https:\/\/museudigitalcp.com.br\/portaltur\/praca-prado-filho\/\" class=\"_self pt-cv-href-thumbnail pt-cv-thumb-default\" target=\"_self\"><img loading=\"lazy\" decoding=\"async\" width=\"300\" height=\"196\" src=\"https:\/\/museudigitalcp.com.br\/portaltur\/wp-content\/uploads\/2023\/07\/apraca-300x196.webp\" class=\"pt-cv-thumbnail\" alt=\"Pra\u00e7a Prado Filho \u2013 Cachoeira Paulista\" srcset=\"https:\/\/museudigitalcp.com.br\/portaltur\/wp-content\/uploads\/2023\/07\/apraca-300x196.webp 300w, https:\/\/museudigitalcp.com.br\/portaltur\/wp-content\/uploads\/2023\/07\/apraca-1024x669.webp 1024w, https:\/\/museudigitalcp.com.br\/portaltur\/wp-content\/uploads\/2023\/07\/apraca-768x501.webp 768w, https:\/\/museudigitalcp.com.br\/portaltur\/wp-content\/uploads\/2023\/07\/apraca-1536x1003.webp 1536w, https:\/\/museudigitalcp.com.br\/portaltur\/wp-content\/uploads\/2023\/07\/apraca.webp 1700w\" sizes=\"auto, (max-width: 300px) 100vw, 300px\" \/><\/a><\/div>\n<h4 class=\"pt-cv-title\"><span class=\"ez-toc-section\" id=\"Praca_Prado_Filho\"><\/span><a href=\"https:\/\/museudigitalcp.com.br\/portaltur\/praca-prado-filho\/\" class=\"_self\" target=\"_self\">Pra\u00e7a Prado Filho<\/a><span class=\"ez-toc-section-end\"><\/span><\/h4>\n<div class=\"pt-cv-content\">Na Pra\u00e7a Prado Filho em Cachoeira Paulista fica o obelisco ...<\/div><\/div>\n<div class=\" pt-cv-content-item pt-cv-1-col\" ><div class=\"pt-cv-thumb-wrapper  \"><a href=\"https:\/\/museudigitalcp.com.br\/portaltur\/igreja-de-sao-sebastiao\/\" class=\"_self pt-cv-href-thumbnail pt-cv-thumb-default\" target=\"_self\"><img loading=\"lazy\" decoding=\"async\" width=\"300\" height=\"199\" src=\"https:\/\/museudigitalcp.com.br\/portaltur\/wp-content\/uploads\/2023\/06\/ssebastiao-300x199.webp\" class=\"pt-cv-thumbnail\" alt=\"Igreja de S\u00e3o Sebasti\u00e3o em Cachoeira Paulista\" srcset=\"https:\/\/museudigitalcp.com.br\/portaltur\/wp-content\/uploads\/2023\/06\/ssebastiao-300x199.webp 300w, https:\/\/museudigitalcp.com.br\/portaltur\/wp-content\/uploads\/2023\/06\/ssebastiao.webp 500w\" sizes=\"auto, (max-width: 300px) 100vw, 300px\" \/><\/a><\/div>\n<h4 class=\"pt-cv-title\"><span class=\"ez-toc-section\" id=\"Igreja_de_Sao_Sebastiao\"><\/span><a href=\"https:\/\/museudigitalcp.com.br\/portaltur\/igreja-de-sao-sebastiao\/\" class=\"_self\" target=\"_self\">Igreja de S\u00e3o Sebasti\u00e3o<\/a><span class=\"ez-toc-section-end\"><\/span><\/h4>\n<div class=\"pt-cv-content\">Igreja de S\u00e3o Sebasti\u00e3o em Cachoeira Paulista. Santo \u00e9 copadroeiro ...<\/div><\/div>\n<div class=\" pt-cv-content-item pt-cv-1-col\" ><div class=\"pt-cv-thumb-wrapper  \"><a href=\"https:\/\/museudigitalcp.com.br\/portaltur\/igreja-de-santo-antonio\/\" class=\"_self pt-cv-href-thumbnail pt-cv-thumb-default\" target=\"_self\"><img loading=\"lazy\" decoding=\"async\" width=\"300\" height=\"201\" src=\"https:\/\/museudigitalcp.com.br\/portaltur\/wp-content\/uploads\/2023\/04\/sto-antonio2-300x201.webp\" class=\"pt-cv-thumbnail\" alt=\"Igreja de Santo Ant\u00f4nio em Cachoeira Paulista\" srcset=\"https:\/\/museudigitalcp.com.br\/portaltur\/wp-content\/uploads\/2023\/04\/sto-antonio2-300x201.webp 300w, https:\/\/museudigitalcp.com.br\/portaltur\/wp-content\/uploads\/2023\/04\/sto-antonio2-272x182.webp 272w, https:\/\/museudigitalcp.com.br\/portaltur\/wp-content\/uploads\/2023\/04\/sto-antonio2.webp 400w\" sizes=\"auto, (max-width: 300px) 100vw, 300px\" \/><\/a><\/div>\n<h4 class=\"pt-cv-title\"><span class=\"ez-toc-section\" id=\"Igreja_de_Santo_Antonio\"><\/span><a href=\"https:\/\/museudigitalcp.com.br\/portaltur\/igreja-de-santo-antonio\/\" class=\"_self\" target=\"_self\">Igreja de Santo Ant\u00f4nio<\/a><span class=\"ez-toc-section-end\"><\/span><\/h4>\n<div class=\"pt-cv-content\">Igreja de Santo Ant\u00f4nio A igreja de Santo Ant\u00f4nio, padroeiro ...<\/div><\/div>\n<div class=\" pt-cv-content-item pt-cv-1-col\" ><div class=\"pt-cv-thumb-wrapper  \"><a href=\"https:\/\/museudigitalcp.com.br\/portaltur\/sala-das-gracas-alcancadas\/\" class=\"_self pt-cv-href-thumbnail pt-cv-thumb-default\" target=\"_self\"><img loading=\"lazy\" decoding=\"async\" width=\"300\" height=\"199\" src=\"https:\/\/museudigitalcp.com.br\/portaltur\/wp-content\/uploads\/2022\/12\/sala-das-gracas-cancao-nova2-1-300x199.jpg\" class=\"pt-cv-thumbnail\" alt=\"Sala das Gra\u00e7as Alcan\u00e7adas - Santu\u00e1rio Pai das Miseric\u00f3rdias - Can\u00e7\u00e3o Nova\" srcset=\"https:\/\/museudigitalcp.com.br\/portaltur\/wp-content\/uploads\/2022\/12\/sala-das-gracas-cancao-nova2-1-300x199.jpg 300w, https:\/\/museudigitalcp.com.br\/portaltur\/wp-content\/uploads\/2022\/12\/sala-das-gracas-cancao-nova2-1.jpg 500w\" sizes=\"auto, (max-width: 300px) 100vw, 300px\" \/><\/a><\/div>\n<h4 class=\"pt-cv-title\"><span class=\"ez-toc-section\" id=\"Sala_das_Gracas_Alcancadas_%E2%80%93_Santuario_Pai_das_Misericordias_%E2%80%93_Cancao_Nova\"><\/span><a href=\"https:\/\/museudigitalcp.com.br\/portaltur\/sala-das-gracas-alcancadas\/\" class=\"_self\" target=\"_self\">Sala das Gra\u00e7as Alcan\u00e7adas &#8211; Santu\u00e1rio Pai das Miseric\u00f3rdias &#8211; Can\u00e7\u00e3o Nova<\/a><span class=\"ez-toc-section-end\"><\/span><\/h4>\n<div class=\"pt-cv-content\">Sala das Gra\u00e7as Alcan\u00e7adas, no Santu\u00e1rio Pai das Miseric\u00f3rdias tamb\u00e9m ...<\/div><\/div>\n<div class=\" pt-cv-content-item pt-cv-1-col\" ><div class=\"pt-cv-thumb-wrapper  \"><a href=\"https:\/\/museudigitalcp.com.br\/portaltur\/santuario-do-pai-das-misericordias\/\" class=\"_self pt-cv-href-thumbnail pt-cv-thumb-default\" target=\"_self\"><img loading=\"lazy\" decoding=\"async\" width=\"300\" height=\"199\" src=\"https:\/\/museudigitalcp.com.br\/portaltur\/wp-content\/uploads\/2022\/12\/santuario-cn-1-300x199.webp\" class=\"pt-cv-thumbnail\" alt=\"Santu\u00e1rio Pai das Miseric\u00f3rdias\" srcset=\"https:\/\/museudigitalcp.com.br\/portaltur\/wp-content\/uploads\/2022\/12\/santuario-cn-1-300x199.webp 300w, https:\/\/museudigitalcp.com.br\/portaltur\/wp-content\/uploads\/2022\/12\/santuario-cn-1.webp 500w\" sizes=\"auto, (max-width: 300px) 100vw, 300px\" \/><\/a><\/div>\n<h4 class=\"pt-cv-title\"><span class=\"ez-toc-section\" id=\"Santuario_do_Pai_das_Misericordias\"><\/span><a href=\"https:\/\/museudigitalcp.com.br\/portaltur\/santuario-do-pai-das-misericordias\/\" class=\"_self\" target=\"_self\">Santu\u00e1rio do Pai das Miseric\u00f3rdias<\/a><span class=\"ez-toc-section-end\"><\/span><\/h4>\n<div class=\"pt-cv-content\">Projeto lit\u00fargico e Arte Sacra do Santu\u00e1rio do Pai das ...<\/div><\/div>\n<div class=\" pt-cv-content-item pt-cv-1-col\" ><div class=\"pt-cv-thumb-wrapper  \"><a href=\"https:\/\/museudigitalcp.com.br\/portaltur\/usina-hidreletrica-da-bocaina\/\" class=\"_self pt-cv-href-thumbnail pt-cv-thumb-default\" target=\"_self\"><img loading=\"lazy\" decoding=\"async\" width=\"300\" height=\"199\" src=\"https:\/\/museudigitalcp.com.br\/portaltur\/wp-content\/uploads\/2022\/11\/usina-bocaina-300x199.jpg\" class=\"pt-cv-thumbnail\" alt=\"Usina Hidrel\u00e9trica da Bocaina em Cachoeira Paulista\" srcset=\"https:\/\/museudigitalcp.com.br\/portaltur\/wp-content\/uploads\/2022\/11\/usina-bocaina-300x199.jpg 300w, https:\/\/museudigitalcp.com.br\/portaltur\/wp-content\/uploads\/2022\/11\/usina-bocaina.jpg 500w\" sizes=\"auto, (max-width: 300px) 100vw, 300px\" \/><\/a><\/div>\n<h4 class=\"pt-cv-title\"><span class=\"ez-toc-section\" id=\"Usina_Hidreletrica_da_Bocaina\"><\/span><a href=\"https:\/\/museudigitalcp.com.br\/portaltur\/usina-hidreletrica-da-bocaina\/\" class=\"_self\" target=\"_self\">Usina Hidrel\u00e9trica da Bocaina<\/a><span class=\"ez-toc-section-end\"><\/span><\/h4>\n<div class=\"pt-cv-content\">Usina Hidrel\u00e9trica da Bocaina Constru\u00edda em 1912, a Usina Hidrel\u00e9trica ...<\/div><\/div>\n<div class=\" pt-cv-content-item pt-cv-1-col\" ><div class=\"pt-cv-thumb-wrapper  \"><a href=\"https:\/\/museudigitalcp.com.br\/portaltur\/museu-doutor-costa-junior\/\" class=\"_self pt-cv-href-thumbnail pt-cv-thumb-default\" target=\"_self\"><img loading=\"lazy\" decoding=\"async\" width=\"300\" height=\"199\" src=\"https:\/\/museudigitalcp.com.br\/portaltur\/wp-content\/uploads\/2022\/11\/museu-costa-junior-300x199.jpg\" class=\"pt-cv-thumbnail\" alt=\"Museu Dr Costa Junior em Cachoeira Paulista\" srcset=\"https:\/\/museudigitalcp.com.br\/portaltur\/wp-content\/uploads\/2022\/11\/museu-costa-junior-300x199.jpg 300w, https:\/\/museudigitalcp.com.br\/portaltur\/wp-content\/uploads\/2022\/11\/museu-costa-junior.jpg 500w\" sizes=\"auto, (max-width: 300px) 100vw, 300px\" \/><\/a><\/div>\n<h4 class=\"pt-cv-title\"><span class=\"ez-toc-section\" id=\"Museu_Doutor_Costa_Junior\"><\/span><a href=\"https:\/\/museudigitalcp.com.br\/portaltur\/museu-doutor-costa-junior\/\" class=\"_self\" target=\"_self\">Museu Doutor Costa J\u00fanior<\/a><span class=\"ez-toc-section-end\"><\/span><\/h4>\n<div class=\"pt-cv-content\">A import\u00e2ncia de Cachoeira Paulista no contexto hist\u00f3rico do pa\u00eds ...<\/div><\/div>\n<div class=\" pt-cv-content-item pt-cv-1-col\" ><div class=\"pt-cv-thumb-wrapper  \"><a href=\"https:\/\/museudigitalcp.com.br\/portaltur\/igreja-do-bom-jesus-da-cana-verde\/\" class=\"_self pt-cv-href-thumbnail pt-cv-thumb-default\" target=\"_self\"><img loading=\"lazy\" decoding=\"async\" width=\"300\" height=\"199\" src=\"https:\/\/museudigitalcp.com.br\/portaltur\/wp-content\/uploads\/2022\/11\/bom-jesus-300x199.webp\" class=\"pt-cv-thumbnail\" alt=\"Igreja do Bom Jesus da Cana Verde - Cachoeira Paulista\" srcset=\"https:\/\/museudigitalcp.com.br\/portaltur\/wp-content\/uploads\/2022\/11\/bom-jesus-300x199.webp 300w, https:\/\/museudigitalcp.com.br\/portaltur\/wp-content\/uploads\/2022\/11\/bom-jesus.webp 500w\" sizes=\"auto, (max-width: 300px) 100vw, 300px\" \/><\/a><\/div>\n<h4 class=\"pt-cv-title\"><span class=\"ez-toc-section\" id=\"Igreja_do_Bom_Jesus_da_Cana_Verde\"><\/span><a href=\"https:\/\/museudigitalcp.com.br\/portaltur\/igreja-do-bom-jesus-da-cana-verde\/\" class=\"_self\" target=\"_self\">Igreja do Bom Jesus da Cana Verde<\/a><span class=\"ez-toc-section-end\"><\/span><\/h4>\n<div class=\"pt-cv-content\">Constru\u00edda em 1780, \u00e9 a constru\u00e7\u00e3o mais antiga de Cachoeira ...<\/div><\/div>\n<div class=\" pt-cv-content-item pt-cv-1-col\" ><div class=\"pt-cv-thumb-wrapper  \"><a href=\"https:\/\/museudigitalcp.com.br\/portaltur\/santuario-de-santa-cabeca\/\" class=\"_self pt-cv-href-thumbnail pt-cv-thumb-default\" target=\"_self\"><img loading=\"lazy\" decoding=\"async\" width=\"300\" height=\"199\" src=\"https:\/\/museudigitalcp.com.br\/portaltur\/wp-content\/uploads\/2022\/11\/igreja-de-santa-cabeca-300x199.webp\" class=\"pt-cv-thumbnail\" alt=\"Santu\u00e1rio de Santa Cabe\u00e7a - Cachoeira Paulista\" srcset=\"https:\/\/museudigitalcp.com.br\/portaltur\/wp-content\/uploads\/2022\/11\/igreja-de-santa-cabeca-300x199.webp 300w, https:\/\/museudigitalcp.com.br\/portaltur\/wp-content\/uploads\/2022\/11\/igreja-de-santa-cabeca.webp 400w\" sizes=\"auto, (max-width: 300px) 100vw, 300px\" \/><\/a><\/div>\n<h4 class=\"pt-cv-title\"><span class=\"ez-toc-section\" id=\"Santuario_de_Santa_Cabeca\"><\/span><a href=\"https:\/\/museudigitalcp.com.br\/portaltur\/santuario-de-santa-cabeca\/\" class=\"_self\" target=\"_self\">Santu\u00e1rio de Santa Cabe\u00e7a<\/a><span class=\"ez-toc-section-end\"><\/span><\/h4>\n<div class=\"pt-cv-content\">O Santu\u00e1rio de Santa Cabe\u00e7a \u00e9 o \u00fanico no mundo ...<\/div><\/div>\n<div class=\" pt-cv-content-item pt-cv-1-col\" ><div class=\"pt-cv-thumb-wrapper  \"><a href=\"https:\/\/museudigitalcp.com.br\/portaltur\/cancao-nova\/\" class=\"_self pt-cv-href-thumbnail pt-cv-thumb-default\" target=\"_self\"><img loading=\"lazy\" decoding=\"async\" width=\"300\" height=\"199\" src=\"https:\/\/museudigitalcp.com.br\/portaltur\/wp-content\/uploads\/2022\/11\/cnova-300x199.webp\" class=\"pt-cv-thumbnail\" alt=\"Can\u00e7\u00e3o Nova - Cachoeira Paulista\" srcset=\"https:\/\/museudigitalcp.com.br\/portaltur\/wp-content\/uploads\/2022\/11\/cnova-300x199.webp 300w, https:\/\/museudigitalcp.com.br\/portaltur\/wp-content\/uploads\/2022\/11\/cnova.webp 350w\" sizes=\"auto, (max-width: 300px) 100vw, 300px\" \/><\/a><\/div>\n<h4 class=\"pt-cv-title\"><span class=\"ez-toc-section\" id=\"Cancao_Nova_em_Cachoeira_Paulista\"><\/span><a href=\"https:\/\/museudigitalcp.com.br\/portaltur\/cancao-nova\/\" class=\"_self\" target=\"_self\">Can\u00e7\u00e3o Nova em Cachoeira Paulista<\/a><span class=\"ez-toc-section-end\"><\/span><\/h4>\n<div class=\"pt-cv-content\">Formando Homens Novos para o Mundo Novo. Can\u00e7\u00e3o Nova H\u00e1 ...<\/div><\/div>\n<div class=\" pt-cv-content-item pt-cv-1-col\" ><div class=\"pt-cv-thumb-wrapper  \"><a href=\"https:\/\/museudigitalcp.com.br\/portaltur\/teatro-municipal\/\" class=\"_self pt-cv-href-thumbnail pt-cv-thumb-default\" target=\"_self\"><img loading=\"lazy\" decoding=\"async\" width=\"300\" height=\"199\" src=\"https:\/\/museudigitalcp.com.br\/portaltur\/wp-content\/uploads\/2022\/11\/teatro-municipal2-1-300x199.jpg\" class=\"pt-cv-thumbnail\" alt=\"Teatro Municipal de Cachoeira Paulista\" srcset=\"https:\/\/museudigitalcp.com.br\/portaltur\/wp-content\/uploads\/2022\/11\/teatro-municipal2-1-300x199.jpg 300w, https:\/\/museudigitalcp.com.br\/portaltur\/wp-content\/uploads\/2022\/11\/teatro-municipal2-1.jpg 500w\" sizes=\"auto, (max-width: 300px) 100vw, 300px\" \/><\/a><\/div>\n<h4 class=\"pt-cv-title\"><span class=\"ez-toc-section\" id=\"Teatro_Municipal_de_Cachoeira_Paulista\"><\/span><a href=\"https:\/\/museudigitalcp.com.br\/portaltur\/teatro-municipal\/\" class=\"_self\" target=\"_self\">Teatro Municipal de Cachoeira Paulista<\/a><span class=\"ez-toc-section-end\"><\/span><\/h4>\n<div class=\"pt-cv-content\">Fundado em 1883, o Teatro Municipal de Cachoeira Paulista foi ...<\/div><\/div>\n<div class=\" pt-cv-content-item pt-cv-1-col\" ><div class=\"pt-cv-thumb-wrapper  \"><a href=\"https:\/\/museudigitalcp.com.br\/portaltur\/estacao-ferroviaria-de-cachoeira-paulista\/\" class=\"_self pt-cv-href-thumbnail pt-cv-thumb-default\" target=\"_self\"><img loading=\"lazy\" decoding=\"async\" width=\"300\" height=\"199\" src=\"https:\/\/museudigitalcp.com.br\/portaltur\/wp-content\/uploads\/2022\/11\/estacao-ferroviaria-cachoeira-paulista1-300x199.webp\" class=\"pt-cv-thumbnail\" alt=\"Esta\u00e7\u00e3o ferrovi\u00e1ria de Cachoeira Paulista\" srcset=\"https:\/\/museudigitalcp.com.br\/portaltur\/wp-content\/uploads\/2022\/11\/estacao-ferroviaria-cachoeira-paulista1-300x199.webp 300w, https:\/\/museudigitalcp.com.br\/portaltur\/wp-content\/uploads\/2022\/11\/estacao-ferroviaria-cachoeira-paulista1.webp 450w\" sizes=\"auto, (max-width: 300px) 100vw, 300px\" \/><\/a><\/div>\n<h4 class=\"pt-cv-title\"><span class=\"ez-toc-section\" id=\"Estacao_Ferroviaria_de_Cachoeira_Paulista\"><\/span><a href=\"https:\/\/museudigitalcp.com.br\/portaltur\/estacao-ferroviaria-de-cachoeira-paulista\/\" class=\"_self\" target=\"_self\">Esta\u00e7\u00e3o Ferrovi\u00e1ria de Cachoeira Paulista<\/a><span class=\"ez-toc-section-end\"><\/span><\/h4>\n<div class=\"pt-cv-content\">Esta\u00e7\u00e3o Ferrovi\u00e1ria de Cachoeira Paulista Um pr\u00e9dio que faz parte ...<\/div><\/div>\n<div class=\" pt-cv-content-item pt-cv-1-col\" ><div class=\"pt-cv-thumb-wrapper  \"><a href=\"https:\/\/museudigitalcp.com.br\/portaltur\/estatua-do-padre-leo\/\" class=\"_self pt-cv-href-thumbnail pt-cv-thumb-default\" target=\"_self\"><img loading=\"lazy\" decoding=\"async\" width=\"300\" height=\"199\" src=\"https:\/\/museudigitalcp.com.br\/portaltur\/wp-content\/uploads\/2022\/11\/estatua-padre-leo-mirante-1-300x199.webp\" class=\"pt-cv-thumbnail\" alt=\"Est\u00e1tua do Padre Leo - Mirante em Cachoeira Paulista\" srcset=\"https:\/\/museudigitalcp.com.br\/portaltur\/wp-content\/uploads\/2022\/11\/estatua-padre-leo-mirante-1-300x199.webp 300w, https:\/\/museudigitalcp.com.br\/portaltur\/wp-content\/uploads\/2022\/11\/estatua-padre-leo-mirante-1.webp 450w\" sizes=\"auto, (max-width: 300px) 100vw, 300px\" \/><\/a><\/div>\n<h4 class=\"pt-cv-title\"><span class=\"ez-toc-section\" id=\"Estatua_do_Padre_Leo\"><\/span><a href=\"https:\/\/museudigitalcp.com.br\/portaltur\/estatua-do-padre-leo\/\" class=\"_self\" target=\"_self\">Est\u00e1tua do Padre L\u00e9o<\/a><span class=\"ez-toc-section-end\"><\/span><\/h4>\n<div class=\"pt-cv-content\">Est\u00e1tua do Padre L\u00e9o em Cachoeira Paulista imortaliza seu legado ...<\/div><\/div>\n<div class=\" pt-cv-content-item pt-cv-1-col\" ><div class=\"pt-cv-thumb-wrapper  \"><a href=\"https:\/\/museudigitalcp.com.br\/portaltur\/parque-ecologico-nelson-lorena\/\" class=\"_self pt-cv-href-thumbnail pt-cv-thumb-default\" target=\"_self\"><img loading=\"lazy\" decoding=\"async\" width=\"300\" height=\"199\" src=\"https:\/\/museudigitalcp.com.br\/portaltur\/wp-content\/uploads\/2022\/11\/parque-ecologico-nelson-lorena-1-300x199.jpg\" class=\"pt-cv-thumbnail\" alt=\"Parque Ecol\u00f3gico Nelson Lorena\" srcset=\"https:\/\/museudigitalcp.com.br\/portaltur\/wp-content\/uploads\/2022\/11\/parque-ecologico-nelson-lorena-1-300x199.jpg 300w, https:\/\/museudigitalcp.com.br\/portaltur\/wp-content\/uploads\/2022\/11\/parque-ecologico-nelson-lorena-1-768x509.jpg 768w, https:\/\/museudigitalcp.com.br\/portaltur\/wp-content\/uploads\/2022\/11\/parque-ecologico-nelson-lorena-1.jpg 800w\" sizes=\"auto, (max-width: 300px) 100vw, 300px\" \/><\/a><\/div>\n<h4 class=\"pt-cv-title\"><span class=\"ez-toc-section\" id=\"Parque_Ecologico_Nelson_Lorena\"><\/span><a href=\"https:\/\/museudigitalcp.com.br\/portaltur\/parque-ecologico-nelson-lorena\/\" class=\"_self\" target=\"_self\">Parque Ecol\u00f3gico Nelson Lorena<\/a><span class=\"ez-toc-section-end\"><\/span><\/h4>\n<div class=\"pt-cv-content\">O Parque Ecol\u00f3gico Nelson Lorena homenageia um dos maiores artistas ...<\/div><\/div><\/div><\/div><\/div>\t\t\t\t\t\t<style type=\"text\/css\" id=\"pt-cv-inline-style-950de68a3t\">\n#pt-cv-view-f651bcamw9 .pt-cv-thumb-wrapper:not(.miniwrap) { width: 250px; }#pt-cv-view-f651bcamw9 .pt-cv-thumbnail:not(.pt-cv-thumbnailsm) { height: 120px; }#pt-cv-view-f651bcamw9 > .pt-cv-page {grid-template-columns: repeat(5, 1fr);grid-gap: 15px;}\n@media all and (max-width: 1024px) { \n#pt-cv-view-f651bcamw9 > .pt-cv-page {grid-template-columns: repeat(2, 1fr);}\n} \n@media all and (max-width: 767px) { \n#pt-cv-view-f651bcamw9 > .pt-cv-page {grid-template-columns: repeat(1, 1fr);}\n} <\/style>\r\n\t\t\t<\/p>\n<hr \/>\n<p style=\"text-align: center;\"><strong>\u00a0 \u00a0<a href=\"https:\/\/museudigitalcp.com.br\/portaltur\/\">P\u00e1gina inicial<\/a><\/strong><\/p>\n<div id=\"ez-toc-container\" class=\"ez-toc-v2_0_87 counter-hierarchy ez-toc-counter ez-toc-custom ez-toc-container-direction\">\n<div class=\"ez-toc-title-container\">\n<p class=\"ez-toc-title\" style=\"cursor:inherit\">Resumo<\/p>\n<span class=\"ez-toc-title-toggle\"><a href=\"#\" class=\"ez-toc-pull-right ez-toc-btn ez-toc-btn-xs ez-toc-btn-default ez-toc-toggle\" aria-label=\"Alternar tabela de conte\u00fado\"><span class=\"ez-toc-js-icon-con\"><span class=\"\"><span class=\"eztoc-hide\" style=\"display:none;\">Toggle<\/span><span class=\"ez-toc-icon-toggle-span\"><svg style=\"fill: #05006b;color:#05006b\" xmlns=\"http:\/\/www.w3.org\/2000\/svg\" class=\"list-377408\" width=\"20px\" height=\"20px\" viewBox=\"0 0 24 24\" fill=\"none\"><path d=\"M6 6H4v2h2V6zm14 0H8v2h12V6zM4 11h2v2H4v-2zm16 0H8v2h12v-2zM4 16h2v2H4v-2zm16 0H8v2h12v-2z\" fill=\"currentColor\"><\/path><\/svg><svg style=\"fill: #05006b;color:#05006b\" class=\"arrow-unsorted-368013\" xmlns=\"http:\/\/www.w3.org\/2000\/svg\" width=\"10px\" height=\"10px\" viewBox=\"0 0 24 24\" version=\"1.2\" baseProfile=\"tiny\"><path d=\"M18.2 9.3l-6.2-6.3-6.2 6.3c-.2.2-.3.4-.3.7s.1.5.3.7c.2.2.4.3.7.3h11c.3 0 .5-.1.7-.3.2-.2.3-.5.3-.7s-.1-.5-.3-.7zM5.8 14.7l6.2 6.3 6.2-6.3c.2-.2.3-.5.3-.7s-.1-.5-.3-.7c-.2-.2-.4-.3-.7-.3h-11c-.3 0-.5.1-.7.3-.2.2-.3.5-.3.7s.1.5.3.7z\"\/><\/svg><\/span><\/span><\/span><\/a><\/span><\/div>\n<nav><ul class='ez-toc-list ez-toc-list-level-1 eztoc-toggle-hide-by-default' ><li class='ez-toc-page-1 ez-toc-heading-level-2'><a class=\"ez-toc-link ez-toc-heading-1\" href=\"https:\/\/museudigitalcp.com.br\/portaltur\/pontos-turisticos-cachoeira-paulista\/#O_que_fazer_em_Cachoeira_Paulista_guia_completo_de_turismo_e_fe\" >O que fazer em Cachoeira Paulista: guia completo de turismo e f\u00e9<\/a><ul class='ez-toc-list-level-4' ><li class='ez-toc-heading-level-4'><ul class='ez-toc-list-level-4' ><li class='ez-toc-heading-level-4'><a class=\"ez-toc-link ez-toc-heading-2\" href=\"https:\/\/museudigitalcp.com.br\/portaltur\/pontos-turisticos-cachoeira-paulista\/#Casa_do_artesao_em_Cachoeira_Paulista\" >Casa do artes\u00e3o em Cachoeira Paulista<\/a><\/li><li class='ez-toc-page-1 ez-toc-heading-level-4'><a class=\"ez-toc-link ez-toc-heading-3\" href=\"https:\/\/museudigitalcp.com.br\/portaltur\/pontos-turisticos-cachoeira-paulista\/#Escola_Dr_Evangelista_Rodrigues\" >Escola Dr Evangelista Rodrigues<\/a><\/li><li class='ez-toc-page-1 ez-toc-heading-level-4'><a class=\"ez-toc-link ez-toc-heading-4\" href=\"https:\/\/museudigitalcp.com.br\/portaltur\/pontos-turisticos-cachoeira-paulista\/#Pontilhao_de_ferro_Silvio_Vilas_Boas\" >Pontilh\u00e3o de ferro Silvio Vilas Boas<\/a><\/li><li class='ez-toc-page-1 ez-toc-heading-level-4'><a class=\"ez-toc-link ez-toc-heading-5\" href=\"https:\/\/museudigitalcp.com.br\/portaltur\/pontos-turisticos-cachoeira-paulista\/#Ponte_Agostinho_Ramos\" >Ponte Agostinho Ramos<\/a><\/li><li class='ez-toc-page-1 ez-toc-heading-level-4'><a class=\"ez-toc-link ez-toc-heading-6\" href=\"https:\/\/museudigitalcp.com.br\/portaltur\/pontos-turisticos-cachoeira-paulista\/#Fonte_da_Mao_Fria\" >Fonte da M\u00e3o Fria<\/a><\/li><li class='ez-toc-page-1 ez-toc-heading-level-4'><a class=\"ez-toc-link ez-toc-heading-7\" href=\"https:\/\/museudigitalcp.com.br\/portaltur\/pontos-turisticos-cachoeira-paulista\/#Cachoeirao_da_Bocaina\" >Cachoeir\u00e3o da Bocaina<\/a><\/li><li class='ez-toc-page-1 ez-toc-heading-level-4'><a class=\"ez-toc-link ez-toc-heading-8\" href=\"https:\/\/museudigitalcp.com.br\/portaltur\/pontos-turisticos-cachoeira-paulista\/#Centro_de_Evangelizacao\" >Centro de Evangeliza\u00e7\u00e3o<\/a><\/li><li class='ez-toc-page-1 ez-toc-heading-level-4'><a class=\"ez-toc-link ez-toc-heading-9\" href=\"https:\/\/museudigitalcp.com.br\/portaltur\/pontos-turisticos-cachoeira-paulista\/#Praca_Prado_Filho\" >Pra\u00e7a Prado Filho<\/a><\/li><li class='ez-toc-page-1 ez-toc-heading-level-4'><a class=\"ez-toc-link ez-toc-heading-10\" href=\"https:\/\/museudigitalcp.com.br\/portaltur\/pontos-turisticos-cachoeira-paulista\/#Igreja_de_Sao_Sebastiao\" >Igreja de S\u00e3o Sebasti\u00e3o<\/a><\/li><li class='ez-toc-page-1 ez-toc-heading-level-4'><a class=\"ez-toc-link ez-toc-heading-11\" href=\"https:\/\/museudigitalcp.com.br\/portaltur\/pontos-turisticos-cachoeira-paulista\/#Igreja_de_Santo_Antonio\" >Igreja de Santo Ant\u00f4nio<\/a><\/li><li class='ez-toc-page-1 ez-toc-heading-level-4'><a class=\"ez-toc-link ez-toc-heading-12\" href=\"https:\/\/museudigitalcp.com.br\/portaltur\/pontos-turisticos-cachoeira-paulista\/#Sala_das_Gracas_Alcancadas_%E2%80%93_Santuario_Pai_das_Misericordias_%E2%80%93_Cancao_Nova\" >Sala das Gra\u00e7as Alcan\u00e7adas &#8211; Santu\u00e1rio Pai das Miseric\u00f3rdias &#8211; Can\u00e7\u00e3o Nova<\/a><\/li><li class='ez-toc-page-1 ez-toc-heading-level-4'><a class=\"ez-toc-link ez-toc-heading-13\" href=\"https:\/\/museudigitalcp.com.br\/portaltur\/pontos-turisticos-cachoeira-paulista\/#Santuario_do_Pai_das_Misericordias\" >Santu\u00e1rio do Pai das Miseric\u00f3rdias<\/a><\/li><li class='ez-toc-page-1 ez-toc-heading-level-4'><a class=\"ez-toc-link ez-toc-heading-14\" href=\"https:\/\/museudigitalcp.com.br\/portaltur\/pontos-turisticos-cachoeira-paulista\/#Usina_Hidreletrica_da_Bocaina\" >Usina Hidrel\u00e9trica da Bocaina<\/a><\/li><li class='ez-toc-page-1 ez-toc-heading-level-4'><a class=\"ez-toc-link ez-toc-heading-15\" href=\"https:\/\/museudigitalcp.com.br\/portaltur\/pontos-turisticos-cachoeira-paulista\/#Museu_Doutor_Costa_Junior\" >Museu Doutor Costa J\u00fanior<\/a><\/li><li class='ez-toc-page-1 ez-toc-heading-level-4'><a class=\"ez-toc-link ez-toc-heading-16\" href=\"https:\/\/museudigitalcp.com.br\/portaltur\/pontos-turisticos-cachoeira-paulista\/#Igreja_do_Bom_Jesus_da_Cana_Verde\" >Igreja do Bom Jesus da Cana Verde<\/a><\/li><li class='ez-toc-page-1 ez-toc-heading-level-4'><a class=\"ez-toc-link ez-toc-heading-17\" href=\"https:\/\/museudigitalcp.com.br\/portaltur\/pontos-turisticos-cachoeira-paulista\/#Santuario_de_Santa_Cabeca\" >Santu\u00e1rio de Santa Cabe\u00e7a<\/a><\/li><li class='ez-toc-page-1 ez-toc-heading-level-4'><a class=\"ez-toc-link ez-toc-heading-18\" href=\"https:\/\/museudigitalcp.com.br\/portaltur\/pontos-turisticos-cachoeira-paulista\/#Cancao_Nova_em_Cachoeira_Paulista\" >Can\u00e7\u00e3o Nova em Cachoeira Paulista<\/a><\/li><li class='ez-toc-page-1 ez-toc-heading-level-4'><a class=\"ez-toc-link ez-toc-heading-19\" href=\"https:\/\/museudigitalcp.com.br\/portaltur\/pontos-turisticos-cachoeira-paulista\/#Teatro_Municipal_de_Cachoeira_Paulista\" >Teatro Municipal de Cachoeira Paulista<\/a><\/li><li class='ez-toc-page-1 ez-toc-heading-level-4'><a class=\"ez-toc-link ez-toc-heading-20\" href=\"https:\/\/museudigitalcp.com.br\/portaltur\/pontos-turisticos-cachoeira-paulista\/#Estacao_Ferroviaria_de_Cachoeira_Paulista\" >Esta\u00e7\u00e3o Ferrovi\u00e1ria de Cachoeira Paulista<\/a><\/li><li class='ez-toc-page-1 ez-toc-heading-level-4'><a class=\"ez-toc-link ez-toc-heading-21\" href=\"https:\/\/museudigitalcp.com.br\/portaltur\/pontos-turisticos-cachoeira-paulista\/#Estatua_do_Padre_Leo\" >Est\u00e1tua do Padre L\u00e9o<\/a><\/li><li class='ez-toc-page-1 ez-toc-heading-level-4'><a class=\"ez-toc-link ez-toc-heading-22\" href=\"https:\/\/museudigitalcp.com.br\/portaltur\/pontos-turisticos-cachoeira-paulista\/#Parque_Ecologico_Nelson_Lorena\" >Parque Ecol\u00f3gico Nelson Lorena<\/a><\/li><\/ul><\/li><\/ul><\/li><\/ul><\/nav><\/div>\n","protected":false},"excerpt":{"rendered":"<p>O que fazer em Cachoeira Paulista: guia completo de turismo e f\u00e9 Considerada uma cidade aben\u00e7oada, Cachoeira Paulista n\u00e3o decepciona quando o assunto \u00e9 viagem. N\u00e3o faltam atra\u00e7\u00f5es para visitar e para ajudar nossos amigos visitantes que desejam conhecer esses lugares, reunimos aqui os pontos tur\u00edsticos para descobrir na pr\u00f3xima viagem. Confira! \u00a0 \u00a0P\u00e1gina inicial<\/p>\n","protected":false},"author":1,"featured_media":0,"comment_status":"closed","ping_status":"closed","sticky":false,"template":"","format":"standard","meta":{"_monsterinsights_skip_tracking":false,"site-sidebar-layout":"default","site-content-layout":"","ast-site-content-layout":"default","site-content-style":"default","site-sidebar-style":"default","ast-global-header-display":"","ast-banner-title-visibility":"","ast-main-header-display":"","ast-hfb-above-header-display":"","ast-hfb-below-header-display":"","ast-hfb-mobile-header-display":"","site-post-title":"","ast-breadcrumbs-content":"","ast-featured-img":"","footer-sml-layout":"","ast-disable-related-posts":"","theme-transparent-header-meta":"","adv-header-id-meta":"","stick-header-meta":"","header-above-stick-meta":"","header-main-stick-meta":"","header-below-stick-meta":"","astra-migrate-meta-layouts":"set","ast-page-background-enabled":"default","ast-page-background-meta":{"desktop":{"background-color":"var(--ast-global-color-4)","background-image":"","background-repeat":"repeat","background-position":"center center","background-size":"auto","background-attachment":"scroll","background-type":"","background-media":"","overlay-type":"","overlay-color":"","overlay-opacity":"","overlay-gradient":""},"tablet":{"background-color":"","background-image":"","background-repeat":"repeat","background-position":"center center","background-size":"auto","background-attachment":"scroll","background-type":"","background-media":"","overlay-type":"","overlay-color":"","overlay-opacity":"","overlay-gradient":""},"mobile":{"background-color":"","background-image":"","background-repeat":"repeat","background-position":"center center","background-size":"auto","background-attachment":"scroll","background-type":"","background-media":"","overlay-type":"","overlay-color":"","overlay-opacity":"","overlay-gradient":""}},"ast-content-background-meta":{"desktop":{"background-color":"var(--ast-global-color-5)","background-image":"","background-repeat":"repeat","background-position":"center center","background-size":"auto","background-attachment":"scroll","background-type":"","background-media":"","overlay-type":"","overlay-color":"","overlay-opacity":"","overlay-gradient":""},"tablet":{"background-color":"var(--ast-global-color-5)","background-image":"","background-repeat":"repeat","background-position":"center center","background-size":"auto","background-attachment":"scroll","background-type":"","background-media":"","overlay-type":"","overlay-color":"","overlay-opacity":"","overlay-gradient":""},"mobile":{"background-color":"var(--ast-global-color-5)","background-image":"","background-repeat":"repeat","background-position":"center center","background-size":"auto","background-attachment":"scroll","background-type":"","background-media":"","overlay-type":"","overlay-color":"","overlay-opacity":"","overlay-gradient":""}},"footnotes":""},"categories":[1],"tags":[],"class_list":["post-711","post","type-post","status-publish","format-standard","hentry","category-uncategorized"],"_links":{"self":[{"href":"https:\/\/museudigitalcp.com.br\/portaltur\/wp-json\/wp\/v2\/posts\/711","targetHints":{"allow":["GET"]}}],"collection":[{"href":"https:\/\/museudigitalcp.com.br\/portaltur\/wp-json\/wp\/v2\/posts"}],"about":[{"href":"https:\/\/museudigitalcp.com.br\/portaltur\/wp-json\/wp\/v2\/types\/post"}],"author":[{"embeddable":true,"href":"https:\/\/museudigitalcp.com.br\/portaltur\/wp-json\/wp\/v2\/users\/1"}],"replies":[{"embeddable":true,"href":"https:\/\/museudigitalcp.com.br\/portaltur\/wp-json\/wp\/v2\/comments?post=711"}],"version-history":[{"count":0,"href":"https:\/\/museudigitalcp.com.br\/portaltur\/wp-json\/wp\/v2\/posts\/711\/revisions"}],"wp:attachment":[{"href":"https:\/\/museudigitalcp.com.br\/portaltur\/wp-json\/wp\/v2\/media?parent=711"}],"wp:term":[{"taxonomy":"category","embeddable":true,"href":"https:\/\/museudigitalcp.com.br\/portaltur\/wp-json\/wp\/v2\/categories?post=711"},{"taxonomy":"post_tag","embeddable":true,"href":"https:\/\/museudigitalcp.com.br\/portaltur\/wp-json\/wp\/v2\/tags?post=711"}],"curies":[{"name":"wp","href":"https:\/\/api.w.org\/{rel}","templated":true}]}}