{"id":483,"date":"2022-11-17T20:50:55","date_gmt":"2022-11-17T20:50:55","guid":{"rendered":"http:\/\/cachoeirapaulista.tur.br\/?p=483"},"modified":"2026-07-19T18:13:57","modified_gmt":"2026-07-19T18:13:57","slug":"teatro-municipal","status":"publish","type":"post","link":"https:\/\/museudigitalcp.com.br\/portaltur\/teatro-municipal\/","title":{"rendered":"Teatro Municipal de Cachoeira Paulista"},"content":{"rendered":"<div id=\"pl-483\" class=\"panel-layout\">\n<div id=\"pg-483-0\" class=\"panel-grid panel-no-style\">\n<div id=\"pgc-483-0-0\" class=\"panel-grid-cell\" data-weight=\"1\">\n<div id=\"panel-483-0-0-0\" class=\"so-panel widget widget_sow-editor panel-first-child panel-last-child\" data-index=\"0\" data-style=\"{&quot;background_image_attachment&quot;:false,&quot;background_display&quot;:&quot;tile&quot;,&quot;background_image_size&quot;:&quot;full&quot;,&quot;border_thickness&quot;:&quot;1px&quot;}\">\n<div class=\"so-widget-sow-editor so-widget-sow-editor-base\">\n<div class=\"siteorigin-widget-tinymce textwidget\">\n<h2>Fundado em 1883, o Teatro Municipal de Cachoeira Paulista foi palco de eventos importantes<\/h2>\n<figure id=\"attachment_1300\" aria-describedby=\"caption-attachment-1300\" style=\"width: 199px\" class=\"wp-caption alignleft\"><img loading=\"lazy\" decoding=\"async\" class=\"wp-image-1300 size-medium\" title=\"Teatro Municipal de Cachoeira Paulista\" src=\"https:\/\/museudigitalcp.com.br\/portaltur\/wp-content\/uploads\/2022\/11\/teatro-municipal3-199x300.webp\" alt=\"Teatro Municipal de Cachoeira Paulista\" width=\"199\" height=\"300\" srcset=\"https:\/\/museudigitalcp.com.br\/portaltur\/wp-content\/uploads\/2022\/11\/teatro-municipal3-199x300.webp 199w, https:\/\/museudigitalcp.com.br\/portaltur\/wp-content\/uploads\/2022\/11\/teatro-municipal3.webp 265w\" sizes=\"auto, (max-width: 199px) 100vw, 199px\" \/><figcaption id=\"caption-attachment-1300\" class=\"wp-caption-text\">Teatro Municipal de Cachoeira Paulista<\/figcaption><\/figure>\n<p>\u00c9 um dos mais antigos do pa\u00eds. Sua instala\u00e7\u00e3o foi \u00e0 Margem Esquerda, no antigo casar\u00e3o do comendador <em>Jos\u00e9 de Oliveira Gomes<\/em>, onde naquela \u00e9poca estavam instalados armaz\u00e9ns pertencentes aos irm\u00e3os Porto.<\/p>\n<p>Foi palco de grandes e majestosas pe\u00e7as, famosos cantores, bons m\u00fasicos e artistas conhecidos pertencentes ao Teatro Ambulante, muito em voga na \u00e9poca.<\/p>\n<p>O local serviu de palco para o grande compositor\u00a0<em>Vila Lobos<\/em>.<\/p>\n<p><strong>Breve Hist\u00f3rico<\/strong><\/p>\n<p>A constru\u00e7\u00e3o de sua sede pr\u00f3pria s\u00f3 foi iniciada em 1885, tendo como fundadores: Luiz Felippe de Franca, Ant\u00f4nio Jos\u00e9 da Costa Junior, Jo\u00e3o Jacynto de Aguiar e Jos\u00e9 Joaquim Gon\u00e7alves, que iniciaram sua constru\u00e7\u00e3o, cuja previs\u00e3o de t\u00e9rmino seria em 15 de abril de 1885. N\u00e3o conseguiram cumprir o prazo e a obra ficou abandonada por 10 anos.<\/p>\n<p>Somente em 28 de setembro de 1895 \u00e9 que sua constru\u00e7\u00e3o foi conclu\u00edda, por for\u00e7a da C\u00e2mara Municipal, recebendo o atual nome de\u00a0<em>Teatro Municipal<\/em>.<\/p>\n<p>Fonte: <a href=\"https:\/\/www.refugiosnointerior.com.br\/dt\/2845\/teatro-municipal-de-cachoeira-paulista\" target=\"_blank\" rel=\"noopener\">https:\/\/www.refugiosnointerior.com.br\/dt\/2845\/teatro-municipal-de-cachoeira-paulista<\/a><\/p>\n<\/div>\n<\/div>\n<\/div>\n<\/div>\n<\/div>\n<\/div>\n<p>&nbsp;<\/p>\n<hr \/>\n<p style=\"text-align: center;\"><span style=\"font-size: 8pt;\"><a href=\"https:\/\/museudigitalcp.com.br\/portaltur\/\">P\u00c1GINA PRINCIPAL<\/a> \u2502 <a href=\"https:\/\/museudigitalcp.com.br\/portaltur\/pontos-turisticos-cachoeira-paulista\/\">PONTOS TUR\u00cdSTICOS<\/a> \u2502 <a href=\"https:\/\/museudigitalcp.com.br\/portaltur\/guias-de-turismo-credenciados\/\">GUIAS DE TURISMO CREDENCIADOS<\/a> \u2502 <a href=\"https:\/\/museudigitalcp.com.br\/portaltur\/uber-taxista-e-vans\/\">UBER, TAXISTAS E VANS<\/a><\/span><\/p>\n<hr \/>\n<p style=\"text-align: right;\">\n","protected":false},"excerpt":{"rendered":"<p>Fundado em 1883, o Teatro Municipal de Cachoeira Paulista foi palco de eventos importantes \u00c9 um dos mais antigos do pa\u00eds. Sua instala\u00e7\u00e3o foi \u00e0 Margem Esquerda, no antigo casar\u00e3o do comendador Jos\u00e9 de Oliveira Gomes, onde naquela \u00e9poca estavam instalados armaz\u00e9ns pertencentes aos irm\u00e3os Porto. Foi palco de grandes e majestosas pe\u00e7as, famosos cantores, [&hellip;]<\/p>\n","protected":false},"author":1,"featured_media":809,"comment_status":"closed","ping_status":"closed","sticky":false,"template":"","format":"standard","meta":{"_monsterinsights_skip_tracking":false,"site-sidebar-layout":"default","site-content-layout":"","ast-site-content-layout":"default","site-content-style":"default","site-sidebar-style":"default","ast-global-header-display":"","ast-banner-title-visibility":"","ast-main-header-display":"","ast-hfb-above-header-display":"","ast-hfb-below-header-display":"","ast-hfb-mobile-header-display":"","site-post-title":"","ast-breadcrumbs-content":"","ast-featured-img":"","footer-sml-layout":"","ast-disable-related-posts":"","theme-transparent-header-meta":"","adv-header-id-meta":"","stick-header-meta":"","header-above-stick-meta":"","header-main-stick-meta":"","header-below-stick-meta":"","astra-migrate-meta-layouts":"default","ast-page-background-enabled":"default","ast-page-background-meta":{"desktop":{"background-color":"var(--ast-global-color-4)","background-image":"","background-repeat":"repeat","background-position":"center center","background-size":"auto","background-attachment":"scroll","background-type":"","background-media":"","overlay-type":"","overlay-color":"","overlay-opacity":"","overlay-gradient":""},"tablet":{"background-color":"","background-image":"","background-repeat":"repeat","background-position":"center center","background-size":"auto","background-attachment":"scroll","background-type":"","background-media":"","overlay-type":"","overlay-color":"","overlay-opacity":"","overlay-gradient":""},"mobile":{"background-color":"","background-image":"","background-repeat":"repeat","background-position":"center center","background-size":"auto","background-attachment":"scroll","background-type":"","background-media":"","overlay-type":"","overlay-color":"","overlay-opacity":"","overlay-gradient":""}},"ast-content-background-meta":{"desktop":{"background-color":"var(--ast-global-color-5)","background-image":"","background-repeat":"repeat","background-position":"center center","background-size":"auto","background-attachment":"scroll","background-type":"","background-media":"","overlay-type":"","overlay-color":"","overlay-opacity":"","overlay-gradient":""},"tablet":{"background-color":"var(--ast-global-color-5)","background-image":"","background-repeat":"repeat","background-position":"center center","background-size":"auto","background-attachment":"scroll","background-type":"","background-media":"","overlay-type":"","overlay-color":"","overlay-opacity":"","overlay-gradient":""},"mobile":{"background-color":"var(--ast-global-color-5)","background-image":"","background-repeat":"repeat","background-position":"center center","background-size":"auto","background-attachment":"scroll","background-type":"","background-media":"","overlay-type":"","overlay-color":"","overlay-opacity":"","overlay-gradient":""}},"footnotes":""},"categories":[190],"tags":[],"class_list":["post-483","post","type-post","status-publish","format-standard","has-post-thumbnail","hentry","category-pontos-turisticos-pagina"],"_links":{"self":[{"href":"https:\/\/museudigitalcp.com.br\/portaltur\/wp-json\/wp\/v2\/posts\/483","targetHints":{"allow":["GET"]}}],"collection":[{"href":"https:\/\/museudigitalcp.com.br\/portaltur\/wp-json\/wp\/v2\/posts"}],"about":[{"href":"https:\/\/museudigitalcp.com.br\/portaltur\/wp-json\/wp\/v2\/types\/post"}],"author":[{"embeddable":true,"href":"https:\/\/museudigitalcp.com.br\/portaltur\/wp-json\/wp\/v2\/users\/1"}],"replies":[{"embeddable":true,"href":"https:\/\/museudigitalcp.com.br\/portaltur\/wp-json\/wp\/v2\/comments?post=483"}],"version-history":[{"count":0,"href":"https:\/\/museudigitalcp.com.br\/portaltur\/wp-json\/wp\/v2\/posts\/483\/revisions"}],"wp:featuredmedia":[{"embeddable":true,"href":"https:\/\/museudigitalcp.com.br\/portaltur\/wp-json\/wp\/v2\/media\/809"}],"wp:attachment":[{"href":"https:\/\/museudigitalcp.com.br\/portaltur\/wp-json\/wp\/v2\/media?parent=483"}],"wp:term":[{"taxonomy":"category","embeddable":true,"href":"https:\/\/museudigitalcp.com.br\/portaltur\/wp-json\/wp\/v2\/categories?post=483"},{"taxonomy":"post_tag","embeddable":true,"href":"https:\/\/museudigitalcp.com.br\/portaltur\/wp-json\/wp\/v2\/tags?post=483"}],"curies":[{"name":"wp","href":"https:\/\/api.w.org\/{rel}","templated":true}]}}