{"id":475,"date":"2022-11-17T20:08:36","date_gmt":"2022-11-17T20:08:36","guid":{"rendered":"http:\/\/cachoeirapaulista.tur.br\/?p=475"},"modified":"2026-03-13T00:27:45","modified_gmt":"2026-03-13T00:27:45","slug":"estatua-do-padre-leo","status":"publish","type":"post","link":"https:\/\/museudigitalcp.com.br\/portaltur\/estatua-do-padre-leo\/","title":{"rendered":"Est\u00e1tua do Padre L\u00e9o"},"content":{"rendered":"<h2><span class=\"ez-toc-section\" id=\"Estatua_do_Padre_Leo_em_Cachoeira_Paulista_imortaliza_seu_legado\"><\/span>Est\u00e1tua do Padre L\u00e9o em Cachoeira Paulista imortaliza seu legado<span class=\"ez-toc-section-end\"><\/span><\/h2>\n<p>A est\u00e1tua do Padre L\u00e9o em Cachoeira Paulista \u00e9 um espa\u00e7o tur\u00edstico que foi constru\u00eddo na cidade onde ele se consolidou como um dos principais pregadores cat\u00f3licos do Brasil, no per\u00edodo de 1999 a 2006, por meio dos retiros, acampamentos, e missas realizadas na <strong><a href=\"https:\/\/www.cancaonova.com\/\" target=\"_blank\" rel=\"noopener\">Comunidade Can\u00e7\u00e3o Nova<\/a><\/strong>, al\u00e9m de programas transmitidos pelo sistema de comunica\u00e7\u00e3o da mesma entidade. Al\u00e9m disso, Cachoeira Paulista est\u00e1 inserida no Circuito da F\u00e9, na regi\u00e3o do Vale do Para\u00edba, que recebe milh\u00f5es de turistas e peregrinos anualmente.<\/p>\n<figure id=\"attachment_1109\" aria-describedby=\"caption-attachment-1109\" style=\"width: 300px\" class=\"wp-caption alignleft\"><img loading=\"lazy\" decoding=\"async\" class=\"wp-image-1109 size-medium\" title=\"Est\u00e1tua do Padre L\u00e9o - Mirante em Cachoeira Paulista\" src=\"https:\/\/museudigitalcp.com.br\/portaltur\/wp-content\/uploads\/2022\/11\/estatua-padre-leo-1-300x199.webp\" alt=\"Est\u00e1tua do Padre L\u00e9o - Mirante em Cachoeira Paulista\" width=\"300\" height=\"199\" srcset=\"https:\/\/museudigitalcp.com.br\/portaltur\/wp-content\/uploads\/2022\/11\/estatua-padre-leo-1-300x199.webp 300w, https:\/\/museudigitalcp.com.br\/portaltur\/wp-content\/uploads\/2022\/11\/estatua-padre-leo-1.webp 450w\" sizes=\"auto, (max-width: 300px) 100vw, 300px\" \/><figcaption id=\"caption-attachment-1109\" class=\"wp-caption-text\">Est\u00e1tua do Padre L\u00e9o &#8211; Mirante em Cachoeira Paulista<\/figcaption><\/figure>\n<p>A obra \u00e9 do artista <strong><a href=\"https:\/\/gilmarpinna.com.br\/\" target=\"_blank\" rel=\"noopener\">Gilmar Pinna<\/a><\/strong> feita com 20 toneladas a\u00e7o inox e estrutura de ferro, com iniciativa da Prefeitura de Cachoeira Paulista, no Vale do Para\u00edba e da Secretaria de Turismo do Governo do Estado de S\u00e3o Paulo por meio conv\u00eanio de fomento ao turismo.<\/p>\n<h3><span class=\"ez-toc-section\" id=\"Quem_foi_Padre_Leo\"><\/span>Quem foi Padre L\u00e9o?<span class=\"ez-toc-section-end\"><\/span><\/h3>\n<p>L\u00e9o Tarc\u00edsio Gon\u00e7alves Pereira mais conhecido como\u00a0<strong>Padre L\u00e9o<\/strong>\u00a0nasceu em Delfim Moreira em 09 de outubro de 1961 e faleceu em S\u00e3o Paulo em 03 de janeiro de 2007. Foi um\u00a0sacerdote\u00a0brasileiro\u00a0da\u00a0Congrega\u00e7\u00e3o dos Sacerdotes do Sagrado Cora\u00e7\u00e3o de Jesus.<\/p>\n<h3><span class=\"ez-toc-section\" id=\"Biografia\"><\/span>Biografia<span class=\"ez-toc-section-end\"><\/span><\/h3>\n<p>Era filho de Joaquim Mendes e Maria Nazar\u00e9, e foi\u00a0sacerdote,\u00a0cantor,\u00a0compositor,\u00a0apresentador,\u00a0pregador\u00a0e\u00a0escritor.<\/p>\n<p>Entrou para a\u00a0Renova\u00e7\u00e3o Carism\u00e1tica Cat\u00f3lica\u00a0(RCC) em 1983 e, em 12 de outubro de 1995, fundou a\u00a0<strong><a href=\"https:\/\/www.bethania.com.br\/\" target=\"_blank\" rel=\"noopener\">Comunidade Beth\u00e2nia<\/a><\/strong>, que, hoje, conta com mais de trinta membros e cinco casas espalhadas pelo Brasil, que t\u00eam como objetivos acolher e oferecer tratamento a dependentes qu\u00edmicos, alco\u00f3latras e portadores do v\u00edrus HIV, al\u00e9m de menores abandonados.<\/p>\n<p>A <b>comunidade<\/b>\u00a0\u00e9 de car\u00e1ter religioso e vive da f\u00e9 cat\u00f3lica. E, na comunh\u00e3o com toda a Igreja realiza a miss\u00e3o. O trabalho realizado pela\u00a0<b>Comunidade Beth\u00e2nia<\/b>\u00a0com os filhos e filhas segue um projeto pedag\u00f3gico de acolhimento e restaura\u00e7\u00e3o.<\/p>\n<p>Em 2002 foi condecorado com o t\u00edtulo de cidad\u00e3o honor\u00e1rio de\u00a0Curitiba,\u00a0Paran\u00e1.<\/p>\n<p>Faleceu em 4 de janeiro de 2007 no Hospital das Cl\u00ednicas em S\u00e3o Paulo, v\u00edtima de uma infec\u00e7\u00e3o generalizada em consequ\u00eancia de um linfoma.<\/p>\n<h3><span class=\"ez-toc-section\" id=\"Obras\"><\/span>Obras<span class=\"ez-toc-section-end\"><\/span><\/h3>\n<p>Em setembro de 2015, a Editora Can\u00e7\u00e3o Nova lan\u00e7ou a <strong><a href=\"https:\/\/loja.cancaonova.com\/livro-padre-leo-biografia\" target=\"_blank\" rel=\"noopener\">Biografia de Padre L\u00e9o<\/a><\/strong>, em livro de 680 p\u00e1ginas, de autoria de Marlon Arraes. Todos os direitos autorais do livro foram doados pelo autor \u00e0 Comunidade Beth\u00e2nia.<\/p>\n<p>Ao todo, teve 28\u00a0livros\u00a0publicados, cinco deles ap\u00f3s sua morte, a maioria editados pela Editora Can\u00e7\u00e3o Nova e pela Loyola. O \u00faltimo intitula-se Pertencemos a Deus, escrito durante o tratamento contra o c\u00e2ncer. Outros t\u00edtulos:\u00a0<em>Viver com HIV<\/em>,\u00a0<em>A Cura do Ressentimento<\/em>,\u00a0<em>Rezando a Vida<\/em>,\u00a0<em>Fam\u00edlias Restauradas, Buscai as Coisas do Alto.<\/em><\/p>\n<h3><span class=\"ez-toc-section\" id=\"Beatificacao\"><\/span>Beatifica\u00e7\u00e3o<span class=\"ez-toc-section-end\"><\/span><\/h3>\n<p>Em 8 de dezembro de 2019, durante o Hosana Brasil, acampamento da Can\u00e7\u00e3o Nova (onde Padre L\u00e9o fez sua \u00faltima prega\u00e7\u00e3o, em 2006, meses antes de sua morte), foi anunciada a data de abertura de seu processo de\u00a0beatifica\u00e7\u00e3o. A not\u00edcia sobre a abertura do processo foi anunciada pelo fundador da Comunidade Can\u00e7\u00e3o Nova,\u00a0monsenhor Jonas Abib, durante a missa de encerramento do Hosana Brasil 2019.<\/p>\n<p>Presente na celebra\u00e7\u00e3o, o presidente da Comunidade Beth\u00e2nia, padre Vicente Neto, fez o an\u00fancio da data:<\/p>\n<p><em>7 de mar\u00e7o de 2020, \u00e0s 16h, estaremos celebrando, com a presid\u00eancia do arcebispo de Florian\u00f3polis, Dom Wilson Tadeu J\u00f6nck, a abertura do processo de beatifica\u00e7\u00e3o de padre L\u00e9o e a eleva\u00e7\u00e3o dele a Servo de Deus para honra e alegria do cora\u00e7\u00e3o de Jesus.<\/em><\/p>\n<p>Em 2020, foi anunciado o in\u00edcio de sua beatifica\u00e7\u00e3o.<\/p>\n<p>Refer\u00eancia: Wikipedia<\/p>\n<p>Os livros do Padre L\u00e9o podem ser adquiridos atrav\u00e9s da editora Can\u00e7\u00e3o Nova no link: <strong><a href=\"https:\/\/loja.cancaonova.com\/livros\/curadores\/padre-leo\" target=\"_blank\" rel=\"noopener\">https:\/\/loja.cancaonova.com\/livros\/curadores\/padre-leo<\/a><\/strong><\/p>\n<hr \/>\n<p style=\"text-align: center;\"><span style=\"font-size: 8pt;\"><a href=\"https:\/\/museudigitalcp.com.br\/portaltur\/\">P\u00c1GINA PRINCIPAL<\/a> \u2502 <a href=\"https:\/\/museudigitalcp.com.br\/portaltur\/pontos-turisticos-cachoeira-paulista\/\">PONTOS TUR\u00cdSTICOS<\/a> \u2502 <a href=\"https:\/\/museudigitalcp.com.br\/portaltur\/guias-de-turismo-credenciados\/\">GUIAS DE TURISMO CREDENCIADOS<\/a> \u2502 <a href=\"https:\/\/museudigitalcp.com.br\/portaltur\/uber-taxista-e-vans\/\">UBER, TAXISTAS E VANS<\/a><\/span><\/p>\n<hr \/>\n<div id=\"ez-toc-container\" class=\"ez-toc-v2_0_87 counter-hierarchy ez-toc-counter ez-toc-custom ez-toc-container-direction\">\n<div class=\"ez-toc-title-container\">\n<p class=\"ez-toc-title\" style=\"cursor:inherit\">Resumo<\/p>\n<span class=\"ez-toc-title-toggle\"><a href=\"#\" class=\"ez-toc-pull-right ez-toc-btn ez-toc-btn-xs ez-toc-btn-default ez-toc-toggle\" aria-label=\"Alternar tabela de conte\u00fado\"><span class=\"ez-toc-js-icon-con\"><span class=\"\"><span class=\"eztoc-hide\" style=\"display:none;\">Toggle<\/span><span class=\"ez-toc-icon-toggle-span\"><svg style=\"fill: #05006b;color:#05006b\" xmlns=\"http:\/\/www.w3.org\/2000\/svg\" class=\"list-377408\" width=\"20px\" height=\"20px\" viewBox=\"0 0 24 24\" fill=\"none\"><path d=\"M6 6H4v2h2V6zm14 0H8v2h12V6zM4 11h2v2H4v-2zm16 0H8v2h12v-2zM4 16h2v2H4v-2zm16 0H8v2h12v-2z\" fill=\"currentColor\"><\/path><\/svg><svg style=\"fill: #05006b;color:#05006b\" class=\"arrow-unsorted-368013\" xmlns=\"http:\/\/www.w3.org\/2000\/svg\" width=\"10px\" height=\"10px\" viewBox=\"0 0 24 24\" version=\"1.2\" baseProfile=\"tiny\"><path d=\"M18.2 9.3l-6.2-6.3-6.2 6.3c-.2.2-.3.4-.3.7s.1.5.3.7c.2.2.4.3.7.3h11c.3 0 .5-.1.7-.3.2-.2.3-.5.3-.7s-.1-.5-.3-.7zM5.8 14.7l6.2 6.3 6.2-6.3c.2-.2.3-.5.3-.7s-.1-.5-.3-.7c-.2-.2-.4-.3-.7-.3h-11c-.3 0-.5.1-.7.3-.2.2-.3.5-.3.7s.1.5.3.7z\"\/><\/svg><\/span><\/span><\/span><\/a><\/span><\/div>\n<nav><ul class='ez-toc-list ez-toc-list-level-1 eztoc-toggle-hide-by-default' ><li class='ez-toc-page-1 ez-toc-heading-level-2'><a class=\"ez-toc-link ez-toc-heading-1\" href=\"https:\/\/museudigitalcp.com.br\/portaltur\/estatua-do-padre-leo\/#Estatua_do_Padre_Leo_em_Cachoeira_Paulista_imortaliza_seu_legado\" >Est\u00e1tua do Padre L\u00e9o em Cachoeira Paulista imortaliza seu legado<\/a><ul class='ez-toc-list-level-3' ><li class='ez-toc-heading-level-3'><a class=\"ez-toc-link ez-toc-heading-2\" href=\"https:\/\/museudigitalcp.com.br\/portaltur\/estatua-do-padre-leo\/#Quem_foi_Padre_Leo\" >Quem foi Padre L\u00e9o?<\/a><\/li><li class='ez-toc-page-1 ez-toc-heading-level-3'><a class=\"ez-toc-link ez-toc-heading-3\" href=\"https:\/\/museudigitalcp.com.br\/portaltur\/estatua-do-padre-leo\/#Biografia\" >Biografia<\/a><\/li><li class='ez-toc-page-1 ez-toc-heading-level-3'><a class=\"ez-toc-link ez-toc-heading-4\" href=\"https:\/\/museudigitalcp.com.br\/portaltur\/estatua-do-padre-leo\/#Obras\" >Obras<\/a><\/li><li class='ez-toc-page-1 ez-toc-heading-level-3'><a class=\"ez-toc-link ez-toc-heading-5\" href=\"https:\/\/museudigitalcp.com.br\/portaltur\/estatua-do-padre-leo\/#Beatificacao\" >Beatifica\u00e7\u00e3o<\/a><\/li><\/ul><\/li><\/ul><\/nav><\/div>\n","protected":false},"excerpt":{"rendered":"<p>Est\u00e1tua do Padre L\u00e9o em Cachoeira Paulista imortaliza seu legado A est\u00e1tua do Padre L\u00e9o em Cachoeira Paulista \u00e9 um espa\u00e7o tur\u00edstico que foi constru\u00eddo na cidade onde ele se consolidou como um dos principais pregadores cat\u00f3licos do Brasil, no per\u00edodo de 1999 a 2006, por meio dos retiros, acampamentos, e missas realizadas na Comunidade [&hellip;]<\/p>\n","protected":false},"author":1,"featured_media":1110,"comment_status":"closed","ping_status":"closed","sticky":false,"template":"","format":"standard","meta":{"_monsterinsights_skip_tracking":false,"site-sidebar-layout":"default","site-content-layout":"","ast-site-content-layout":"default","site-content-style":"default","site-sidebar-style":"default","ast-global-header-display":"","ast-banner-title-visibility":"","ast-main-header-display":"","ast-hfb-above-header-display":"","ast-hfb-below-header-display":"","ast-hfb-mobile-header-display":"","site-post-title":"","ast-breadcrumbs-content":"","ast-featured-img":"","footer-sml-layout":"","ast-disable-related-posts":"","theme-transparent-header-meta":"","adv-header-id-meta":"","stick-header-meta":"","header-above-stick-meta":"","header-main-stick-meta":"","header-below-stick-meta":"","astra-migrate-meta-layouts":"default","ast-page-background-enabled":"default","ast-page-background-meta":{"desktop":{"background-color":"var(--ast-global-color-4)","background-image":"","background-repeat":"repeat","background-position":"center center","background-size":"auto","background-attachment":"scroll","background-type":"","background-media":"","overlay-type":"","overlay-color":"","overlay-opacity":"","overlay-gradient":""},"tablet":{"background-color":"","background-image":"","background-repeat":"repeat","background-position":"center center","background-size":"auto","background-attachment":"scroll","background-type":"","background-media":"","overlay-type":"","overlay-color":"","overlay-opacity":"","overlay-gradient":""},"mobile":{"background-color":"","background-image":"","background-repeat":"repeat","background-position":"center center","background-size":"auto","background-attachment":"scroll","background-type":"","background-media":"","overlay-type":"","overlay-color":"","overlay-opacity":"","overlay-gradient":""}},"ast-content-background-meta":{"desktop":{"background-color":"var(--ast-global-color-5)","background-image":"","background-repeat":"repeat","background-position":"center center","background-size":"auto","background-attachment":"scroll","background-type":"","background-media":"","overlay-type":"","overlay-color":"","overlay-opacity":"","overlay-gradient":""},"tablet":{"background-color":"var(--ast-global-color-5)","background-image":"","background-repeat":"repeat","background-position":"center center","background-size":"auto","background-attachment":"scroll","background-type":"","background-media":"","overlay-type":"","overlay-color":"","overlay-opacity":"","overlay-gradient":""},"mobile":{"background-color":"var(--ast-global-color-5)","background-image":"","background-repeat":"repeat","background-position":"center center","background-size":"auto","background-attachment":"scroll","background-type":"","background-media":"","overlay-type":"","overlay-color":"","overlay-opacity":"","overlay-gradient":""}},"footnotes":""},"categories":[191,190],"tags":[],"class_list":["post-475","post","type-post","status-publish","format-standard","has-post-thumbnail","hentry","category-pontos-turisticos-frente","category-pontos-turisticos-pagina"],"_links":{"self":[{"href":"https:\/\/museudigitalcp.com.br\/portaltur\/wp-json\/wp\/v2\/posts\/475","targetHints":{"allow":["GET"]}}],"collection":[{"href":"https:\/\/museudigitalcp.com.br\/portaltur\/wp-json\/wp\/v2\/posts"}],"about":[{"href":"https:\/\/museudigitalcp.com.br\/portaltur\/wp-json\/wp\/v2\/types\/post"}],"author":[{"embeddable":true,"href":"https:\/\/museudigitalcp.com.br\/portaltur\/wp-json\/wp\/v2\/users\/1"}],"replies":[{"embeddable":true,"href":"https:\/\/museudigitalcp.com.br\/portaltur\/wp-json\/wp\/v2\/comments?post=475"}],"version-history":[{"count":0,"href":"https:\/\/museudigitalcp.com.br\/portaltur\/wp-json\/wp\/v2\/posts\/475\/revisions"}],"wp:featuredmedia":[{"embeddable":true,"href":"https:\/\/museudigitalcp.com.br\/portaltur\/wp-json\/wp\/v2\/media\/1110"}],"wp:attachment":[{"href":"https:\/\/museudigitalcp.com.br\/portaltur\/wp-json\/wp\/v2\/media?parent=475"}],"wp:term":[{"taxonomy":"category","embeddable":true,"href":"https:\/\/museudigitalcp.com.br\/portaltur\/wp-json\/wp\/v2\/categories?post=475"},{"taxonomy":"post_tag","embeddable":true,"href":"https:\/\/museudigitalcp.com.br\/portaltur\/wp-json\/wp\/v2\/tags?post=475"}],"curies":[{"name":"wp","href":"https:\/\/api.w.org\/{rel}","templated":true}]}}