{"id":470,"date":"2022-11-17T19:52:54","date_gmt":"2022-11-17T19:52:54","guid":{"rendered":"http:\/\/cachoeirapaulista.tur.br\/?p=470"},"modified":"2026-03-13T00:28:23","modified_gmt":"2026-03-13T00:28:23","slug":"parque-ecologico-nelson-lorena","status":"publish","type":"post","link":"https:\/\/museudigitalcp.com.br\/portaltur\/parque-ecologico-nelson-lorena\/","title":{"rendered":"Parque Ecol\u00f3gico Nelson Lorena"},"content":{"rendered":"<h2>O Parque Ecol\u00f3gico Nelson Lorena homenageia um dos maiores artistas cachoeirenses<\/h2>\n<p>O parque homenageia uma importante personalidade de Cachoeira Paulista. Nelson Lorena comp\u00f4s o hino da cidade e ainda teve destacada atua\u00e7\u00e3o como escultor, professor, pintor e m\u00fasico cachoeirense.<\/p>\n<p>O parque foi inaugurado em\u00a01993 e, desde ent\u00e3o, \u00e9 uma das\u00a0principais \u00e1reas de lazer da cidade,\u00a0com lagos e quiosques.<\/p>\n<figure id=\"attachment_473\" aria-describedby=\"caption-attachment-473\" style=\"width: 300px\" class=\"wp-caption alignleft\"><img loading=\"lazy\" decoding=\"async\" class=\"wp-image-473 size-medium\" title=\"Est\u00e1tua de Nelson Lorena no Parque Ecol\u00f3gico em Cachoeira Paulista\" src=\"https:\/\/museudigitalcp.com.br\/portaltur\/wp-content\/uploads\/2022\/11\/estatua-nelson-lorena-300x199.jpg\" alt=\"Est\u00e1tua de Nelson Lorena no Parque Ecol\u00f3gico em Cachoeira Paulista\" width=\"300\" height=\"199\" srcset=\"https:\/\/museudigitalcp.com.br\/portaltur\/wp-content\/uploads\/2022\/11\/estatua-nelson-lorena-300x199.jpg 300w, https:\/\/museudigitalcp.com.br\/portaltur\/wp-content\/uploads\/2022\/11\/estatua-nelson-lorena-768x509.jpg 768w, https:\/\/museudigitalcp.com.br\/portaltur\/wp-content\/uploads\/2022\/11\/estatua-nelson-lorena.jpg 800w\" sizes=\"auto, (max-width: 300px) 100vw, 300px\" \/><figcaption id=\"caption-attachment-473\" class=\"wp-caption-text\">Est\u00e1tua de Nelson Lorena no Parque Ecol\u00f3gico em Cachoeira Paulista<\/figcaption><\/figure>\n<figure id=\"attachment_472\" aria-describedby=\"caption-attachment-472\" style=\"width: 300px\" class=\"wp-caption alignright\"><img loading=\"lazy\" decoding=\"async\" class=\"wp-image-472 size-medium\" title=\"Parque ecol\u00f3gico Nelson Lorena\" src=\"https:\/\/museudigitalcp.com.br\/portaltur\/wp-content\/uploads\/2022\/11\/parque-ecologico-nelson-lorena-1-300x199.jpg\" alt=\"Parque ecol\u00f3gico Nelson Lorena\" width=\"300\" height=\"199\" srcset=\"https:\/\/museudigitalcp.com.br\/portaltur\/wp-content\/uploads\/2022\/11\/parque-ecologico-nelson-lorena-1-300x199.jpg 300w, https:\/\/museudigitalcp.com.br\/portaltur\/wp-content\/uploads\/2022\/11\/parque-ecologico-nelson-lorena-1-768x509.jpg 768w, https:\/\/museudigitalcp.com.br\/portaltur\/wp-content\/uploads\/2022\/11\/parque-ecologico-nelson-lorena-1.jpg 800w\" sizes=\"auto, (max-width: 300px) 100vw, 300px\" \/><figcaption id=\"caption-attachment-472\" class=\"wp-caption-text\">Parque ecol\u00f3gico Nelson Lorena<\/figcaption><\/figure>\n<p>No parque,\u00a0est\u00e3o localizados a\u00a0Casa do\u00a0Artes\u00e3o, repleta de lembran\u00e7as e\u00a0utilidades produzidas por artistas\u00a0locais, e o <a href=\"https:\/\/museudigitalcp.com.br\/portaltur\/museu-doutor-costa-junior\/\"><strong>Museu Hist\u00f3rico e\u00a0Pedag\u00f3gico Dr. Costa J\u00fanior<\/strong><\/a>, que\u00a0re\u00fane desde 1972 diversos objetos\u00a0antigos e documentos que retratam\u00a0a hist\u00f3ria de Cachoeira Paulista\u00a0e de moradores ilustres.<\/p>\n<hr \/>\n<p style=\"text-align: center;\"><span style=\"font-size: 8pt;\"><a href=\"https:\/\/museudigitalcp.com.br\/portaltur\/\">P\u00c1GINA PRINCIPAL<\/a> \u2502 <a href=\"https:\/\/museudigitalcp.com.br\/portaltur\/pontos-turisticos-cachoeira-paulista\/\">PONTOS TUR\u00cdSTICOS<\/a> \u2502 <a href=\"https:\/\/museudigitalcp.com.br\/portaltur\/guias-de-turismo-credenciados\/\">GUIAS DE TURISMO CREDENCIADOS<\/a> \u2502 <a href=\"https:\/\/museudigitalcp.com.br\/portaltur\/uber-taxista-e-vans\/\">UBER, TAXISTAS E VANS<\/a><\/span><\/p>\n<hr \/>\n","protected":false},"excerpt":{"rendered":"<p>O Parque Ecol\u00f3gico Nelson Lorena homenageia um dos maiores artistas cachoeirenses O parque homenageia uma importante personalidade de Cachoeira Paulista. Nelson Lorena comp\u00f4s o hino da cidade e ainda teve destacada atua\u00e7\u00e3o como escultor, professor, pintor e m\u00fasico cachoeirense. O parque foi inaugurado em\u00a01993 e, desde ent\u00e3o, \u00e9 uma das\u00a0principais \u00e1reas de lazer da cidade,\u00a0com [&hellip;]<\/p>\n","protected":false},"author":1,"featured_media":472,"comment_status":"closed","ping_status":"closed","sticky":false,"template":"","format":"standard","meta":{"_monsterinsights_skip_tracking":false,"site-sidebar-layout":"default","site-content-layout":"","ast-site-content-layout":"default","site-content-style":"default","site-sidebar-style":"default","ast-global-header-display":"","ast-banner-title-visibility":"","ast-main-header-display":"","ast-hfb-above-header-display":"","ast-hfb-below-header-display":"","ast-hfb-mobile-header-display":"","site-post-title":"","ast-breadcrumbs-content":"","ast-featured-img":"","footer-sml-layout":"","ast-disable-related-posts":"","theme-transparent-header-meta":"","adv-header-id-meta":"","stick-header-meta":"","header-above-stick-meta":"","header-main-stick-meta":"","header-below-stick-meta":"","astra-migrate-meta-layouts":"default","ast-page-background-enabled":"default","ast-page-background-meta":{"desktop":{"background-color":"var(--ast-global-color-4)","background-image":"","background-repeat":"repeat","background-position":"center center","background-size":"auto","background-attachment":"scroll","background-type":"","background-media":"","overlay-type":"","overlay-color":"","overlay-opacity":"","overlay-gradient":""},"tablet":{"background-color":"","background-image":"","background-repeat":"repeat","background-position":"center center","background-size":"auto","background-attachment":"scroll","background-type":"","background-media":"","overlay-type":"","overlay-color":"","overlay-opacity":"","overlay-gradient":""},"mobile":{"background-color":"","background-image":"","background-repeat":"repeat","background-position":"center center","background-size":"auto","background-attachment":"scroll","background-type":"","background-media":"","overlay-type":"","overlay-color":"","overlay-opacity":"","overlay-gradient":""}},"ast-content-background-meta":{"desktop":{"background-color":"var(--ast-global-color-5)","background-image":"","background-repeat":"repeat","background-position":"center center","background-size":"auto","background-attachment":"scroll","background-type":"","background-media":"","overlay-type":"","overlay-color":"","overlay-opacity":"","overlay-gradient":""},"tablet":{"background-color":"var(--ast-global-color-5)","background-image":"","background-repeat":"repeat","background-position":"center center","background-size":"auto","background-attachment":"scroll","background-type":"","background-media":"","overlay-type":"","overlay-color":"","overlay-opacity":"","overlay-gradient":""},"mobile":{"background-color":"var(--ast-global-color-5)","background-image":"","background-repeat":"repeat","background-position":"center center","background-size":"auto","background-attachment":"scroll","background-type":"","background-media":"","overlay-type":"","overlay-color":"","overlay-opacity":"","overlay-gradient":""}},"footnotes":""},"categories":[191,190],"tags":[],"class_list":["post-470","post","type-post","status-publish","format-standard","has-post-thumbnail","hentry","category-pontos-turisticos-frente","category-pontos-turisticos-pagina"],"_links":{"self":[{"href":"https:\/\/museudigitalcp.com.br\/portaltur\/wp-json\/wp\/v2\/posts\/470","targetHints":{"allow":["GET"]}}],"collection":[{"href":"https:\/\/museudigitalcp.com.br\/portaltur\/wp-json\/wp\/v2\/posts"}],"about":[{"href":"https:\/\/museudigitalcp.com.br\/portaltur\/wp-json\/wp\/v2\/types\/post"}],"author":[{"embeddable":true,"href":"https:\/\/museudigitalcp.com.br\/portaltur\/wp-json\/wp\/v2\/users\/1"}],"replies":[{"embeddable":true,"href":"https:\/\/museudigitalcp.com.br\/portaltur\/wp-json\/wp\/v2\/comments?post=470"}],"version-history":[{"count":0,"href":"https:\/\/museudigitalcp.com.br\/portaltur\/wp-json\/wp\/v2\/posts\/470\/revisions"}],"wp:featuredmedia":[{"embeddable":true,"href":"https:\/\/museudigitalcp.com.br\/portaltur\/wp-json\/wp\/v2\/media\/472"}],"wp:attachment":[{"href":"https:\/\/museudigitalcp.com.br\/portaltur\/wp-json\/wp\/v2\/media?parent=470"}],"wp:term":[{"taxonomy":"category","embeddable":true,"href":"https:\/\/museudigitalcp.com.br\/portaltur\/wp-json\/wp\/v2\/categories?post=470"},{"taxonomy":"post_tag","embeddable":true,"href":"https:\/\/museudigitalcp.com.br\/portaltur\/wp-json\/wp\/v2\/tags?post=470"}],"curies":[{"name":"wp","href":"https:\/\/api.w.org\/{rel}","templated":true}]}}