{"id":2285,"date":"2026-08-01T13:54:32","date_gmt":"2026-08-01T13:54:32","guid":{"rendered":"https:\/\/museudigitalcp.com.br\/portaltur\/?p=2285"},"modified":"2026-08-01T18:39:58","modified_gmt":"2026-08-01T18:39:58","slug":"de-14-a-16-de-agostoacampamento-de-cura-interior","status":"publish","type":"post","link":"https:\/\/museudigitalcp.com.br\/portaltur\/de-14-a-16-de-agostoacampamento-de-cura-interior\/","title":{"rendered":"Acampamento de Cura Interior"},"content":{"rendered":"<p>De 14 a 16 de agosto Com o tema &#8220;Pela Verdade sereis curados&#8221;, o acampamento na Can\u00e7\u00e3o Nova em Cachoeira Paulista convida os peregrinos a viverem uma experi\u00eancia de ora\u00e7\u00e3o, cura, liberta\u00e7\u00e3o e encontro com Deus. A programa\u00e7\u00e3o conta com prega\u00e7\u00f5es, Adora\u00e7\u00e3o ao Sant\u00edssimo, Santa Missa e momentos de espiritualidade conduzidos pelos Padres F\u00e1bio de Melo, Adriano Zandon\u00e1 e M\u00e1rio Sartori. Evento gratuito e aberto ao p\u00fablico.<\/p>\n<h2>Programa\u00e7\u00e3o<\/h2>\n<p>Sexta-feira (14\/08) \u2013 Santu\u00e1rio 16h00 \u2013 Santa Missa (Pe. M\u00e1rio Sartori) 17h27 \u2013 Encerramento<br \/>\nS\u00e1bado (15\/08) \u2013 Centro de Evangeliza\u00e7\u00e3o 08h00 \u00e0s 12h30 \u2013 C\u00e2nticos, ora\u00e7\u00e3o e prega\u00e7\u00f5es (Pe. F\u00e1bio de Melo) 14h00 \u00e0s 15h30 \u2013 Prega\u00e7\u00e3o (Pe. M\u00e1rio Sartori) 16h00 \u2013 Santa Missa (Pe. F\u00e1bio de Melo) 21h00 \u2013 Adora\u00e7\u00e3o ao Sant\u00edssimo (Pe. M\u00e1rio Sartori)<\/p>\n<p>Domingo (16\/08) \u2013 Centro de Evangeliza\u00e7\u00e3o 08h00 \u00e0s 12h30 \u2013 C\u00e2nticos, prega\u00e7\u00f5es e Adora\u00e7\u00e3o 15h00 \u2013 Santa Missa (Pe. F\u00e1bio de Melo)<br \/>\n17h00 \u2013 Encerramento<\/p>\n<hr \/>\n<p style=\"text-align: center;\"><strong>Fa\u00e7a sua reserva nas melhores hospedagens em Cachoeira Paulista<br \/>\n<\/strong>Pousadas \u2502 Hot\u00e9is \u2502Casa e Hospedagem \u2502 Op\u00e7\u00f5es de camping<\/p>\n<hr \/>\n<p style=\"text-align: center;\">P\u00e1gina inicial<\/p>\n","protected":false},"excerpt":{"rendered":"<p>De 14 a 16 de agosto Com o tema &#8220;Pela Verdade sereis curados&#8221;, o acampamento na Can\u00e7\u00e3o Nova em Cachoeira Paulista convida os peregrinos a viverem uma experi\u00eancia de ora\u00e7\u00e3o, cura, liberta\u00e7\u00e3o e encontro com Deus. A programa\u00e7\u00e3o conta com prega\u00e7\u00f5es, Adora\u00e7\u00e3o ao Sant\u00edssimo, Santa Missa e momentos de espiritualidade conduzidos pelos Padres F\u00e1bio de [&hellip;]<\/p>\n","protected":false},"author":1,"featured_media":2287,"comment_status":"closed","ping_status":"closed","sticky":false,"template":"","format":"standard","meta":{"_monsterinsights_skip_tracking":false,"site-sidebar-layout":"default","site-content-layout":"","ast-site-content-layout":"default","site-content-style":"default","site-sidebar-style":"default","ast-global-header-display":"","ast-banner-title-visibility":"","ast-main-header-display":"","ast-hfb-above-header-display":"","ast-hfb-below-header-display":"","ast-hfb-mobile-header-display":"","site-post-title":"","ast-breadcrumbs-content":"","ast-featured-img":"","footer-sml-layout":"","ast-disable-related-posts":"","theme-transparent-header-meta":"default","adv-header-id-meta":"","stick-header-meta":"","header-above-stick-meta":"","header-main-stick-meta":"","header-below-stick-meta":"","astra-migrate-meta-layouts":"set","ast-page-background-enabled":"default","ast-page-background-meta":{"desktop":{"background-color":"var(--ast-global-color-4)","background-image":"","background-repeat":"repeat","background-position":"center center","background-size":"auto","background-attachment":"scroll","background-type":"","background-media":"","overlay-type":"","overlay-color":"","overlay-opacity":"","overlay-gradient":""},"tablet":{"background-color":"","background-image":"","background-repeat":"repeat","background-position":"center center","background-size":"auto","background-attachment":"scroll","background-type":"","background-media":"","overlay-type":"","overlay-color":"","overlay-opacity":"","overlay-gradient":""},"mobile":{"background-color":"","background-image":"","background-repeat":"repeat","background-position":"center center","background-size":"auto","background-attachment":"scroll","background-type":"","background-media":"","overlay-type":"","overlay-color":"","overlay-opacity":"","overlay-gradient":""}},"ast-content-background-meta":{"desktop":{"background-color":"var(--ast-global-color-5)","background-image":"","background-repeat":"repeat","background-position":"center center","background-size":"auto","background-attachment":"scroll","background-type":"","background-media":"","overlay-type":"","overlay-color":"","overlay-opacity":"","overlay-gradient":""},"tablet":{"background-color":"var(--ast-global-color-5)","background-image":"","background-repeat":"repeat","background-position":"center center","background-size":"auto","background-attachment":"scroll","background-type":"","background-media":"","overlay-type":"","overlay-color":"","overlay-opacity":"","overlay-gradient":""},"mobile":{"background-color":"var(--ast-global-color-5)","background-image":"","background-repeat":"repeat","background-position":"center center","background-size":"auto","background-attachment":"scroll","background-type":"","background-media":"","overlay-type":"","overlay-color":"","overlay-opacity":"","overlay-gradient":""}},"footnotes":""},"categories":[234],"tags":[],"class_list":["post-2285","post","type-post","status-publish","format-standard","has-post-thumbnail","hentry","category-proximos-eventos"],"_links":{"self":[{"href":"https:\/\/museudigitalcp.com.br\/portaltur\/wp-json\/wp\/v2\/posts\/2285","targetHints":{"allow":["GET"]}}],"collection":[{"href":"https:\/\/museudigitalcp.com.br\/portaltur\/wp-json\/wp\/v2\/posts"}],"about":[{"href":"https:\/\/museudigitalcp.com.br\/portaltur\/wp-json\/wp\/v2\/types\/post"}],"author":[{"embeddable":true,"href":"https:\/\/museudigitalcp.com.br\/portaltur\/wp-json\/wp\/v2\/users\/1"}],"replies":[{"embeddable":true,"href":"https:\/\/museudigitalcp.com.br\/portaltur\/wp-json\/wp\/v2\/comments?post=2285"}],"version-history":[{"count":0,"href":"https:\/\/museudigitalcp.com.br\/portaltur\/wp-json\/wp\/v2\/posts\/2285\/revisions"}],"wp:featuredmedia":[{"embeddable":true,"href":"https:\/\/museudigitalcp.com.br\/portaltur\/wp-json\/wp\/v2\/media\/2287"}],"wp:attachment":[{"href":"https:\/\/museudigitalcp.com.br\/portaltur\/wp-json\/wp\/v2\/media?parent=2285"}],"wp:term":[{"taxonomy":"category","embeddable":true,"href":"https:\/\/museudigitalcp.com.br\/portaltur\/wp-json\/wp\/v2\/categories?post=2285"},{"taxonomy":"post_tag","embeddable":true,"href":"https:\/\/museudigitalcp.com.br\/portaltur\/wp-json\/wp\/v2\/tags?post=2285"}],"curies":[{"name":"wp","href":"https:\/\/api.w.org\/{rel}","templated":true}]}}