{"id":1783,"date":"2026-04-01T15:33:46","date_gmt":"2026-04-01T15:33:46","guid":{"rendered":"https:\/\/cachoeirapaulista.tur.br\/?p=1783"},"modified":"2026-08-01T21:04:01","modified_gmt":"2026-08-01T21:04:01","slug":"sobre-cachoeira-paulista","status":"publish","type":"post","link":"https:\/\/museudigitalcp.com.br\/portaltur\/sobre-cachoeira-paulista\/","title":{"rendered":"Sobre Cachoeira Paulista"},"content":{"rendered":"<h2><span class=\"ez-toc-section\" id=\"Historico\"><\/span>Hist\u00f3rico<span class=\"ez-toc-section-end\"><\/span><\/h2>\n<p>Cachoeira Paulista era habitada pelos ind\u00edgenas\u00a0Puris, com uma aldeia entre as margens do rio Para\u00edba do Sul e a fonte da M\u00e3o Fria, local hoje chamado de Jardim da Fonte. J\u00e1 o primeiro povoamento colonial acontece por volta de 1730, pertencente \u00e0 Vila de Lorena e denominado Arraial do Porto da Caxoeira, cujo marco inicial do primitivo n\u00facleo foi uma pequena ermida erigida por devotos em homenagem ao <a href=\"https:\/\/museudigitalcp.com.br\/portaltur\/igreja-do-bom-jesus-da-cana-verde\/\">Senhor Bom Jesus da Cana Verde<\/a>, no ano de 1780.<\/p>\n<figure id=\"attachment_1296\" aria-describedby=\"caption-attachment-1296\" style=\"width: 420px\" class=\"wp-caption alignleft\"><img loading=\"lazy\" decoding=\"async\" class=\"wp-image-1296 size-full\" title=\"Cachoeira Paulista - Vista panor\u00e2mica\" src=\"https:\/\/museudigitalcp.com.br\/portaltur\/wp-content\/uploads\/2023\/07\/cachoeira-paulista01.webp\" alt=\"Cachoeira Paulista - Vista panor\u00e2mica\" width=\"420\" height=\"278\" srcset=\"https:\/\/museudigitalcp.com.br\/portaltur\/wp-content\/uploads\/2023\/07\/cachoeira-paulista01.webp 420w, https:\/\/museudigitalcp.com.br\/portaltur\/wp-content\/uploads\/2023\/07\/cachoeira-paulista01-300x199.webp 300w\" sizes=\"auto, (max-width: 420px) 100vw, 420px\" \/><figcaption id=\"caption-attachment-1296\" class=\"wp-caption-text\">Cachoeira Paulista &#8211; Vista panor\u00e2mica<\/figcaption><\/figure>\n<p>Manoel da Silva Caldas e sua esposa, \u00c2ngela Maria de Jesus, em 18 de Outubro de 1784 doaram &#8220;duzentas bra\u00e7as de testada e meia l\u00e9gua em dire\u00e7\u00e3o aos sert\u00f5es situados na margem esquerda do Rio Para\u00edba do Sul, at\u00e9 as divisas com o Emba\u00fa&#8221;, para o patrim\u00f4nio da nova Capela do Bom Jesus da Cana Verde, erigida em suas terras por Sebastiana de Tal, constituindo de fato o arraial e permitindo assim a expans\u00e3o do vilarejo ali instalado.<\/p>\n<p>As primeiras edifica\u00e7\u00f5es instaladas consistiam em\u00a0choupanas\u00a0de sertanejos, na sua maioria\u00a0pescadores, que tiravam seu sustento do Rio Para\u00edba. A primeira rua de Cachoeira, foi a Rua &#8220;Bom Jesus&#8221;, que na \u00e9poca partia da capela e avan\u00e7ava at\u00e9 a rota por onde passavam os tropeiros que se dirigiam a Minas Gerais.\u00a0No ano de 1822, nos dias que antecederam a\u00a0Proclama\u00e7\u00e3o da Independ\u00eancia, o Pr\u00edncipe Regente,\u00a0Dom Pedro I, passou pela ent\u00e3o Freguesia de Santo Ant\u00f4nio da Cachoeira, fazendo parada em 18 de agosto daquele ano.<\/p>\n<p>Um dos momentos hist\u00f3ricos mais significativos da cidade ocorreu em 1932, durante a\u00a0Revolu\u00e7\u00e3o Constitucionalista. Durante esse per\u00edodo, o munic\u00edpio transformou-se em uma pra\u00e7a de guerra, tornando-se o Quartel General do Movimento Constitucionalista.<br \/>\nTamb\u00e9m integra o munic\u00edpio atualmente o bairro do\u00a0Emba\u00fa, que foi sede do antigo munic\u00edpio de Concei\u00e7\u00e3o do Cruzeiro, atual\u00a0Cruzeiro.<\/p>\n<h3><span class=\"ez-toc-section\" id=\"A_origem_do_nome_Cachoeira_Paulista\"><\/span>A origem do nome Cachoeira Paulista<span class=\"ez-toc-section-end\"><\/span><\/h3>\n<figure id=\"attachment_1297\" aria-describedby=\"caption-attachment-1297\" style=\"width: 420px\" class=\"wp-caption alignright\"><img loading=\"lazy\" decoding=\"async\" class=\"wp-image-1297 size-full\" title=\"Ponte sobre o rio Para\u00edba em Cachoeira Paulista\" src=\"https:\/\/museudigitalcp.com.br\/portaltur\/wp-content\/uploads\/2023\/07\/cachoeira-paulista02.webp\" alt=\"Ponte sobre o rio Para\u00edba em Cachoeira Paulista\" width=\"420\" height=\"278\" srcset=\"https:\/\/museudigitalcp.com.br\/portaltur\/wp-content\/uploads\/2023\/07\/cachoeira-paulista02.webp 420w, https:\/\/museudigitalcp.com.br\/portaltur\/wp-content\/uploads\/2023\/07\/cachoeira-paulista02-300x199.webp 300w\" sizes=\"auto, (max-width: 420px) 100vw, 420px\" \/><figcaption id=\"caption-attachment-1297\" class=\"wp-caption-text\">Ponte sobre o rio Para\u00edba em Cachoeira Paulista<\/figcaption><\/figure>\n<p>A origem do nome Cachoeira Paulista deve-se ao fato de o Rio Para\u00edba ter algumas\u00a0corredeiras\u00a0ap\u00f3s o pontilh\u00e3o de Ferro da\u00a0MRS Log\u00edstica (antiga Estrada de Ferro Central do Brasil).\u00a0Antes de se chamar Cachoeira Paulista (1948), a cidade teve 11 nomes diferentes: Porto da Caxoeira, Arraial do Porto da Cachoeira, Porto da Cachoeira, Arraial porto da Cachoeira de Santo Ant\u00f4nio, Freguesia de Santo Antonio da Cachoeira, Vila de Santo Antonio da Bocaina (1880), Vila de Santo Ant\u00f4nio da Cachoeira (1883), Vila da Bocaina (1895), Bocaina (1911), Cachoeira (1915), Valpara\u00edba (1944).<\/p>\n<h3><span class=\"ez-toc-section\" id=\"Estacao_de_Cachoeira_Paulista\"><\/span>Esta\u00e7\u00e3o de Cachoeira Paulista<span class=\"ez-toc-section-end\"><\/span><\/h3>\n<p>A cidade de Cachoeira Paulista, no interior do Estado de S\u00e3o Paulo, abriga aquela que foi considerada uma das mais magn\u00edficas constru\u00e7\u00f5es ferrovi\u00e1rias da hist\u00f3ria deste pa\u00eds.<\/p>\n<p>Inaugurada em 1875, a\u00a0<a href=\"https:\/\/museudigitalcp.com.br\/portaltur\/estacao-ferroviaria-de-cachoeira-paulista\/\">Esta\u00e7\u00e3o Ferrovi\u00e1ria de Cachoeira Paulista<\/a>\u00a0marcava o ponto de encontro entre dois importantes ramais ferrovi\u00e1rios do Brasil: a\u00a0Estrada de Ferro do Norte\u00a0(tamb\u00e9m conhecida como Estrada de Ferro S\u00e3o Paulo \u2013 Rio) e a\u00a0Estrada de Ferro Dom Pedro II, que vinha desde a cidade do Rio de Janeiro.\u00a0Embora, atualmente encontre-se completamente abandonada, a Esta\u00e7\u00e3o de Cachoeira Paulista ainda exibe tra\u00e7os da bela arquitetura empreendida na \u00e9poca de sua constru\u00e7\u00e3o.<\/p>\n<h3><span class=\"ez-toc-section\" id=\"Religiao\"><\/span>Religi\u00e3o<span class=\"ez-toc-section-end\"><\/span><\/h3>\n<p>De acordo com o censo demogr\u00e1fico feito em 2010 pelo IBGE, a cidade conta com uma popula\u00e7\u00e3o que se identifica majoritariamente enquanto Cat\u00f3lica Romana (76,66%), Evang\u00e9lica (17,05%) e Esp\u00edrita (2,40%).<\/p>\n<p>A Igreja Cat\u00f3lica Apost\u00f3lica Romana est\u00e1 presente na cidade pela administra\u00e7\u00e3o da\u00a0Diocese de Lorena e conta com quatro par\u00f3quias: Santo Antonio de P\u00e1dua, S\u00e3o Sebasti\u00e3o, Nossa Senhora de Aparecida e Nossa Senhora da Concei\u00e7\u00e3o no bairro do Emba\u00fa.<\/p>\n<h3><span class=\"ez-toc-section\" id=\"Cancao_Nova\"><\/span>Can\u00e7\u00e3o Nova<span class=\"ez-toc-section-end\"><\/span><\/h3>\n<p>Cachoeira Paulista tamb\u00e9m se destaca por ser sede da\u00a0<a href=\"https:\/\/museudigitalcp.com.br\/portaltur\/cancao-nova\/\">Can\u00e7\u00e3o Nova<\/a>, uma comunidade fundada pelo\u00a0Monsenhor Jonas Abib\u00a0e companheiros em 1978, como parte da\u00a0Renova\u00e7\u00e3o Carism\u00e1tica Cat\u00f3lica. Com grande estrutura para receber visitantes, conta com o centro de eventos &#8220;Rinc\u00e3o do Meu Senhor&#8221; com capacidade para 80 mil pessoas, al\u00e9m do Santu\u00e1rio Pai das Miseric\u00f3rdias que comporta 10 mil pessoas.<\/p>\n<p>Sob responsabilidade da comunidade tamb\u00e9m est\u00e3o dois grande sistemas de comunica\u00e7\u00e3o, tanto a\u00a0R\u00e1dio Can\u00e7\u00e3o Nova\u00a0como a\u00a0TV Can\u00e7\u00e3o Nova. Dentre os diversos eventos religiosos que a comunidade promove, destaca-se o &#8220;<i>Hosana, Brasil<\/i>&#8221; em meados do m\u00eas de dezembro. Justamente para comportar o grande fluxo de visitantes, a cidade tem uma rede hoteleira e de lojas voltadas ao turismo religioso que movimenta a economia local.<\/p>\n<h3><span class=\"ez-toc-section\" id=\"Ciencia_e_tecnologia\"><\/span>Ci\u00eancia e tecnologia<span class=\"ez-toc-section-end\"><\/span><\/h3>\n<p>Na cidade de Cachoeira Paulista est\u00e1 localizada uma das sedes do\u00a0Instituto Nacional de Pesquisas Espaciais, dentro do qual est\u00e1 situado o\u00a0Centro de Previs\u00e3o de Tempo e Estudos Clim\u00e1ticos (CPTEC &#8211; INPE).\u00a0Neste local est\u00e1 instalado o\u00a0supercomputador\u00a0mais potente de todo o\u00a0hemisf\u00e9rio sul\u00a0do planeta.<\/p>\n<h3><span class=\"ez-toc-section\" id=\"Geografia\"><\/span>Geografia<span class=\"ez-toc-section-end\"><\/span><\/h3>\n<p>A cidade de Cachoeira Paulista est\u00e1 localizada no fundo do Vale do Para\u00edba, aos p\u00e9s da Serra da Mantiqueira. A partir da \u00e1rea central da cidade \u00e9 poss\u00edvel visualizar diversos cumes dessa forma\u00e7\u00e3o, dentre os quais destacam-se o Pico dos Marins (com altitude de 2.420 metros) e a Pedra da Mina (altitude de 2.798).<\/p>\n<p>A proximidade com a serra faz com que o clima do munic\u00edpio seja bastante inst\u00e1vel, com temperaturas podendo cair rapidamente em algumas noites durante o\u00a0outono\u00a0e\u00a0inverno\u00a0em fun\u00e7\u00e3o das\u00a0brisas de montanha\u00a0que ali atuam, carregando o ar gelado dos topos mais elevados at\u00e9 a por\u00e7\u00e3o mais baixa do vale.<\/p>\n<p>&nbsp;<\/p>\n<hr \/>\n<h3 style=\"text-align: center;\"><span class=\"ez-toc-section\" id=\"Dados_estatisticos_do_IBGE_sobre_Cachoeira_Paulista\"><\/span>Dados estat\u00edsticos do IBGE sobre Cachoeira Paulista<span class=\"ez-toc-section-end\"><\/span><\/h3>\n<p style=\"text-align: center;\"><a href=\"https:\/\/cidades.ibge.gov.br\/brasil\/sp\/cachoeira-paulista\/panorama\" target=\"_blank\" rel=\"noopener\">Dados (Panorama)<\/a> &#8211; <a href=\"https:\/\/geoftp.ibge.gov.br\/cartas_e_mapas\/mapas_municipais\/colecao_de_mapas_municipais\/2020\/SP\/cachoeira_paulista\/3508603_MM.pdf\" target=\"_blank\" rel=\"noopener\">Mapa estat\u00edstico<\/a> &#8211; <a href=\"http:\/\/geoftp.ibge.gov.br\/produtos_educacionais\/mapas_mudos\/mapas_do_brasil\/mapas_municipais\/SP\/3508603.pdf\" target=\"_blank\" rel=\"noopener\">Mapa Municipal<\/a><\/p>\n<hr \/>\n<div id=\"ez-toc-container\" class=\"ez-toc-v2_0_87 counter-hierarchy ez-toc-counter ez-toc-custom ez-toc-container-direction\">\n<div class=\"ez-toc-title-container\">\n<p class=\"ez-toc-title\" style=\"cursor:inherit\">Resumo<\/p>\n<span class=\"ez-toc-title-toggle\"><a href=\"#\" class=\"ez-toc-pull-right ez-toc-btn ez-toc-btn-xs ez-toc-btn-default ez-toc-toggle\" aria-label=\"Alternar tabela de conte\u00fado\"><span class=\"ez-toc-js-icon-con\"><span class=\"\"><span class=\"eztoc-hide\" style=\"display:none;\">Toggle<\/span><span class=\"ez-toc-icon-toggle-span\"><svg style=\"fill: #05006b;color:#05006b\" xmlns=\"http:\/\/www.w3.org\/2000\/svg\" class=\"list-377408\" width=\"20px\" height=\"20px\" viewBox=\"0 0 24 24\" fill=\"none\"><path d=\"M6 6H4v2h2V6zm14 0H8v2h12V6zM4 11h2v2H4v-2zm16 0H8v2h12v-2zM4 16h2v2H4v-2zm16 0H8v2h12v-2z\" fill=\"currentColor\"><\/path><\/svg><svg style=\"fill: #05006b;color:#05006b\" class=\"arrow-unsorted-368013\" xmlns=\"http:\/\/www.w3.org\/2000\/svg\" width=\"10px\" height=\"10px\" viewBox=\"0 0 24 24\" version=\"1.2\" baseProfile=\"tiny\"><path d=\"M18.2 9.3l-6.2-6.3-6.2 6.3c-.2.2-.3.4-.3.7s.1.5.3.7c.2.2.4.3.7.3h11c.3 0 .5-.1.7-.3.2-.2.3-.5.3-.7s-.1-.5-.3-.7zM5.8 14.7l6.2 6.3 6.2-6.3c.2-.2.3-.5.3-.7s-.1-.5-.3-.7c-.2-.2-.4-.3-.7-.3h-11c-.3 0-.5.1-.7.3-.2.2-.3.5-.3.7s.1.5.3.7z\"\/><\/svg><\/span><\/span><\/span><\/a><\/span><\/div>\n<nav><ul class='ez-toc-list ez-toc-list-level-1 eztoc-toggle-hide-by-default' ><li class='ez-toc-page-1 ez-toc-heading-level-2'><a class=\"ez-toc-link ez-toc-heading-1\" href=\"https:\/\/museudigitalcp.com.br\/portaltur\/sobre-cachoeira-paulista\/#Historico\" >Hist\u00f3rico<\/a><ul class='ez-toc-list-level-3' ><li class='ez-toc-heading-level-3'><a class=\"ez-toc-link ez-toc-heading-2\" href=\"https:\/\/museudigitalcp.com.br\/portaltur\/sobre-cachoeira-paulista\/#A_origem_do_nome_Cachoeira_Paulista\" >A origem do nome Cachoeira Paulista<\/a><\/li><li class='ez-toc-page-1 ez-toc-heading-level-3'><a class=\"ez-toc-link ez-toc-heading-3\" href=\"https:\/\/museudigitalcp.com.br\/portaltur\/sobre-cachoeira-paulista\/#Estacao_de_Cachoeira_Paulista\" >Esta\u00e7\u00e3o de Cachoeira Paulista<\/a><\/li><li class='ez-toc-page-1 ez-toc-heading-level-3'><a class=\"ez-toc-link ez-toc-heading-4\" href=\"https:\/\/museudigitalcp.com.br\/portaltur\/sobre-cachoeira-paulista\/#Religiao\" >Religi\u00e3o<\/a><\/li><li class='ez-toc-page-1 ez-toc-heading-level-3'><a class=\"ez-toc-link ez-toc-heading-5\" href=\"https:\/\/museudigitalcp.com.br\/portaltur\/sobre-cachoeira-paulista\/#Cancao_Nova\" >Can\u00e7\u00e3o Nova<\/a><\/li><li class='ez-toc-page-1 ez-toc-heading-level-3'><a class=\"ez-toc-link ez-toc-heading-6\" href=\"https:\/\/museudigitalcp.com.br\/portaltur\/sobre-cachoeira-paulista\/#Ciencia_e_tecnologia\" >Ci\u00eancia e tecnologia<\/a><\/li><li class='ez-toc-page-1 ez-toc-heading-level-3'><a class=\"ez-toc-link ez-toc-heading-7\" href=\"https:\/\/museudigitalcp.com.br\/portaltur\/sobre-cachoeira-paulista\/#Geografia\" >Geografia<\/a><\/li><li class='ez-toc-page-1 ez-toc-heading-level-3'><a class=\"ez-toc-link ez-toc-heading-8\" href=\"https:\/\/museudigitalcp.com.br\/portaltur\/sobre-cachoeira-paulista\/#Dados_estatisticos_do_IBGE_sobre_Cachoeira_Paulista\" >Dados estat\u00edsticos do IBGE sobre Cachoeira Paulista<\/a><\/li><\/ul><\/li><\/ul><\/nav><\/div>\n","protected":false},"excerpt":{"rendered":"<p>Hist\u00f3rico Cachoeira Paulista era habitada pelos ind\u00edgenas\u00a0Puris, com uma aldeia entre as margens do rio Para\u00edba do Sul e a fonte da M\u00e3o Fria, local hoje chamado de Jardim da Fonte. J\u00e1 o primeiro povoamento colonial acontece por volta de 1730, pertencente \u00e0 Vila de Lorena e denominado Arraial do Porto da Caxoeira, cujo marco [&hellip;]<\/p>\n","protected":false},"author":1,"featured_media":0,"comment_status":"closed","ping_status":"closed","sticky":false,"template":"","format":"standard","meta":{"_monsterinsights_skip_tracking":false,"site-sidebar-layout":"default","site-content-layout":"","ast-site-content-layout":"default","site-content-style":"default","site-sidebar-style":"default","ast-global-header-display":"","ast-banner-title-visibility":"","ast-main-header-display":"","ast-hfb-above-header-display":"","ast-hfb-below-header-display":"","ast-hfb-mobile-header-display":"","site-post-title":"","ast-breadcrumbs-content":"","ast-featured-img":"","footer-sml-layout":"","ast-disable-related-posts":"","theme-transparent-header-meta":"default","adv-header-id-meta":"","stick-header-meta":"","header-above-stick-meta":"","header-main-stick-meta":"","header-below-stick-meta":"","astra-migrate-meta-layouts":"set","ast-page-background-enabled":"default","ast-page-background-meta":{"desktop":{"background-color":"var(--ast-global-color-4)","background-image":"","background-repeat":"repeat","background-position":"center center","background-size":"auto","background-attachment":"scroll","background-type":"","background-media":"","overlay-type":"","overlay-color":"","overlay-opacity":"","overlay-gradient":""},"tablet":{"background-color":"","background-image":"","background-repeat":"repeat","background-position":"center center","background-size":"auto","background-attachment":"scroll","background-type":"","background-media":"","overlay-type":"","overlay-color":"","overlay-opacity":"","overlay-gradient":""},"mobile":{"background-color":"","background-image":"","background-repeat":"repeat","background-position":"center center","background-size":"auto","background-attachment":"scroll","background-type":"","background-media":"","overlay-type":"","overlay-color":"","overlay-opacity":"","overlay-gradient":""}},"ast-content-background-meta":{"desktop":{"background-color":"var(--ast-global-color-5)","background-image":"","background-repeat":"repeat","background-position":"center center","background-size":"auto","background-attachment":"scroll","background-type":"","background-media":"","overlay-type":"","overlay-color":"","overlay-opacity":"","overlay-gradient":""},"tablet":{"background-color":"var(--ast-global-color-5)","background-image":"","background-repeat":"repeat","background-position":"center center","background-size":"auto","background-attachment":"scroll","background-type":"","background-media":"","overlay-type":"","overlay-color":"","overlay-opacity":"","overlay-gradient":""},"mobile":{"background-color":"var(--ast-global-color-5)","background-image":"","background-repeat":"repeat","background-position":"center center","background-size":"auto","background-attachment":"scroll","background-type":"","background-media":"","overlay-type":"","overlay-color":"","overlay-opacity":"","overlay-gradient":""}},"footnotes":""},"categories":[1],"tags":[],"class_list":["post-1783","post","type-post","status-publish","format-standard","hentry","category-uncategorized"],"_links":{"self":[{"href":"https:\/\/museudigitalcp.com.br\/portaltur\/wp-json\/wp\/v2\/posts\/1783","targetHints":{"allow":["GET"]}}],"collection":[{"href":"https:\/\/museudigitalcp.com.br\/portaltur\/wp-json\/wp\/v2\/posts"}],"about":[{"href":"https:\/\/museudigitalcp.com.br\/portaltur\/wp-json\/wp\/v2\/types\/post"}],"author":[{"embeddable":true,"href":"https:\/\/museudigitalcp.com.br\/portaltur\/wp-json\/wp\/v2\/users\/1"}],"replies":[{"embeddable":true,"href":"https:\/\/museudigitalcp.com.br\/portaltur\/wp-json\/wp\/v2\/comments?post=1783"}],"version-history":[{"count":0,"href":"https:\/\/museudigitalcp.com.br\/portaltur\/wp-json\/wp\/v2\/posts\/1783\/revisions"}],"wp:attachment":[{"href":"https:\/\/museudigitalcp.com.br\/portaltur\/wp-json\/wp\/v2\/media?parent=1783"}],"wp:term":[{"taxonomy":"category","embeddable":true,"href":"https:\/\/museudigitalcp.com.br\/portaltur\/wp-json\/wp\/v2\/categories?post=1783"},{"taxonomy":"post_tag","embeddable":true,"href":"https:\/\/museudigitalcp.com.br\/portaltur\/wp-json\/wp\/v2\/tags?post=1783"}],"curies":[{"name":"wp","href":"https:\/\/api.w.org\/{rel}","templated":true}]}}