{"id":1678,"date":"2026-03-11T04:22:15","date_gmt":"2026-03-11T04:22:15","guid":{"rendered":"https:\/\/cachoeirapaulista.tur.br\/?p=1678"},"modified":"2026-07-20T03:22:09","modified_gmt":"2026-07-20T03:22:09","slug":"horarios-das-missas-na-cancao-nova","status":"publish","type":"post","link":"https:\/\/museudigitalcp.com.br\/portaltur\/horarios-das-missas-na-cancao-nova\/","title":{"rendered":"Hor\u00e1rios das missas na Can\u00e7\u00e3o Nova"},"content":{"rendered":"<div id=\"pl-1678\" class=\"panel-layout\">\n<div id=\"pg-1678-0\" class=\"panel-grid panel-no-style\">\n<div id=\"pgc-1678-0-0\" class=\"panel-grid-cell\" data-weight=\"1\">\n<div id=\"panel-1678-0-0-0\" class=\"so-panel widget widget_sow-editor panel-first-child panel-last-child\" data-index=\"0\" data-style=\"{&quot;background_image_attachment&quot;:false,&quot;background_display&quot;:&quot;tile&quot;,&quot;background_image_size&quot;:&quot;full&quot;,&quot;background_image_opacity&quot;:&quot;100&quot;,&quot;border_thickness&quot;:&quot;1px&quot;}\">\n<div class=\"so-widget-sow-editor so-widget-sow-editor-base\">\n<div class=\"siteorigin-widget-tinymce textwidget\">\n<h1><span class=\"ez-toc-section\" id=\"Horarios_das_missas_na_Cancao_Nova\"><\/span>Hor\u00e1rios das missas na Can\u00e7\u00e3o Nova<span class=\"ez-toc-section-end\"><\/span><\/h1>\n<p>As missas no Santu\u00e1rio do Pai das Miseric\u00f3rdias, na Can\u00e7\u00e3o Nova em Cachoeira Paulista\/SP, s\u00e3o di\u00e1rias. Aos domingos, os hor\u00e1rios s\u00e3o 07h, 09h30, 12h, 15h e 18h. Durante a semana (segunda a sexta), geralmente h\u00e1 missas \u00e0s 07h, 12h e 18h, com varia\u00e7\u00f5es (06h, 15h30 ou 20h). Aos s\u00e1bados, ocorrem \u00e0s 07h, 12h, 16h e 18h.<\/p>\n<h2><span class=\"ez-toc-section\" id=\"Dias_e_horarios_%E2%80%93_Santuario_do_Pai_das_Misericordias\"><\/span><strong>Dias e hor\u00e1rios &#8211; Santu\u00e1rio do Pai das Miseric\u00f3rdias:<\/strong><span class=\"ez-toc-section-end\"><\/span><\/h2>\n<p>\u2192 Domingo: 07:00, 09:30, 12:00, 15:00 e 18:00.<br \/>\n\u2192 Segunda-feira: 07:00, 12:00, 15:30 e 18:30.<br \/>\n\u2192 Ter\u00e7a-feira: 07:00, 12:00 e 18:30.<br \/>\n\u2192 Quarta-feira: 07:00, 12:00, 18:30 e 20:00.<br \/>\n\u2192 Quinta-feira: 07:00, 12:00, 16:00 e 18:30.<br \/>\n\u2192 Sexta-feira: 07:00, 12:00, 18:30 e 20:00.<br \/>\n\u2192 S\u00e1bado: 07:00, 12:00, 16:00 e 18:30.<\/p>\n<hr \/>\n<p style=\"text-align: center;\"><span style=\"font-size: 8pt;\"><a href=\"https:\/\/museudigitalcp.com.br\/portaltur\/\">P\u00c1GINA PRINCIPAL<\/a> \u2502 <a href=\"https:\/\/museudigitalcp.com.br\/portaltur\/como-chegar-a-cancao-nova\/\">COMO CHEGAR \u00c0 CAN\u00c7\u00c3O NOVA<\/a> \u2502 <a href=\"https:\/\/museudigitalcp.com.br\/portaltur\/peregrinacao-na-cancao-nova\/\">PEREGRINA\u00c7\u00c3O<\/a> \u2502 <a href=\"https:\/\/museudigitalcp.com.br\/portaltur\/guia-completo-do-turista-na-cancao-nova\/\">GUIA DO TURISTA NA CAN\u00c7\u00c3O NOVA<\/a> \u2502 <a href=\"https:\/\/museudigitalcp.com.br\/portaltur\/faq-perguntas-frequentes\/\">FAQ &#8211; PERGUNTAS FREQUENTES<\/a><\/span><\/p>\n<hr \/>\n<p>&nbsp;<\/p>\n<\/div>\n<\/div>\n<\/div>\n<\/div>\n<\/div>\n<\/div>\n<style type=\"text\/css\" class=\"panels-style\" data-panels-style-for-post=\"1678\">@import url(https:\/\/museudigitalcp.com.br\/portaltur\/wp-content\/plugins\/siteorigin-panels\/css\/front-flex.min.css); #pgc-1678-0-0 { width:100%;width:calc(100% - ( 0 * 30px ) ) } #pl-1678 .so-panel { margin-bottom:30px } #pl-1678 .so-panel:last-of-type { margin-bottom:0px } @media (max-width:780px){ #pg-1678-0.panel-no-style, #pg-1678-0.panel-has-style > .panel-row-style, #pg-1678-0 { -webkit-flex-direction:column;-ms-flex-direction:column;flex-direction:column } #pg-1678-0 > .panel-grid-cell , #pg-1678-0 > .panel-row-style > .panel-grid-cell { width:100%;margin-right:0 } #pl-1678 .panel-grid-cell { padding:0 } #pg-1678-0 .panel-grid-cell-empty { display:none } #pl-1678 .panel-grid .panel-grid-cell-mobile-last { margin-bottom:0px }  } <\/style>\n<div id=\"ez-toc-container\" class=\"ez-toc-v2_0_87 counter-hierarchy ez-toc-counter ez-toc-custom ez-toc-container-direction\">\n<div class=\"ez-toc-title-container\">\n<p class=\"ez-toc-title\" style=\"cursor:inherit\">Resumo<\/p>\n<span class=\"ez-toc-title-toggle\"><a href=\"#\" class=\"ez-toc-pull-right ez-toc-btn ez-toc-btn-xs ez-toc-btn-default ez-toc-toggle\" aria-label=\"Alternar tabela de conte\u00fado\"><span class=\"ez-toc-js-icon-con\"><span class=\"\"><span class=\"eztoc-hide\" style=\"display:none;\">Toggle<\/span><span class=\"ez-toc-icon-toggle-span\"><svg style=\"fill: #05006b;color:#05006b\" xmlns=\"http:\/\/www.w3.org\/2000\/svg\" class=\"list-377408\" width=\"20px\" height=\"20px\" viewBox=\"0 0 24 24\" fill=\"none\"><path d=\"M6 6H4v2h2V6zm14 0H8v2h12V6zM4 11h2v2H4v-2zm16 0H8v2h12v-2zM4 16h2v2H4v-2zm16 0H8v2h12v-2z\" fill=\"currentColor\"><\/path><\/svg><svg style=\"fill: #05006b;color:#05006b\" class=\"arrow-unsorted-368013\" xmlns=\"http:\/\/www.w3.org\/2000\/svg\" width=\"10px\" height=\"10px\" viewBox=\"0 0 24 24\" version=\"1.2\" baseProfile=\"tiny\"><path d=\"M18.2 9.3l-6.2-6.3-6.2 6.3c-.2.2-.3.4-.3.7s.1.5.3.7c.2.2.4.3.7.3h11c.3 0 .5-.1.7-.3.2-.2.3-.5.3-.7s-.1-.5-.3-.7zM5.8 14.7l6.2 6.3 6.2-6.3c.2-.2.3-.5.3-.7s-.1-.5-.3-.7c-.2-.2-.4-.3-.7-.3h-11c-.3 0-.5.1-.7.3-.2.2-.3.5-.3.7s.1.5.3.7z\"\/><\/svg><\/span><\/span><\/span><\/a><\/span><\/div>\n<nav><ul class='ez-toc-list ez-toc-list-level-1 eztoc-toggle-hide-by-default' ><li class='ez-toc-page-1 ez-toc-heading-level-1'><a class=\"ez-toc-link ez-toc-heading-1\" href=\"https:\/\/museudigitalcp.com.br\/portaltur\/horarios-das-missas-na-cancao-nova\/#Horarios_das_missas_na_Cancao_Nova\" >Hor\u00e1rios das missas na Can\u00e7\u00e3o Nova<\/a><ul class='ez-toc-list-level-2' ><li class='ez-toc-heading-level-2'><a class=\"ez-toc-link ez-toc-heading-2\" href=\"https:\/\/museudigitalcp.com.br\/portaltur\/horarios-das-missas-na-cancao-nova\/#Dias_e_horarios_%E2%80%93_Santuario_do_Pai_das_Misericordias\" >Dias e hor\u00e1rios &#8211; Santu\u00e1rio do Pai das Miseric\u00f3rdias:<\/a><\/li><\/ul><\/li><\/ul><\/nav><\/div>\n","protected":false},"excerpt":{"rendered":"<p>Hor\u00e1rios das missas na Can\u00e7\u00e3o Nova As missas no Santu\u00e1rio do Pai das Miseric\u00f3rdias, na Can\u00e7\u00e3o Nova em Cachoeira Paulista\/SP, s\u00e3o di\u00e1rias. Aos domingos, os hor\u00e1rios s\u00e3o 07h, 09h30, 12h, 15h e 18h. Durante a semana (segunda a sexta), geralmente h\u00e1 missas \u00e0s 07h, 12h e 18h, com varia\u00e7\u00f5es (06h, 15h30 ou 20h). Aos s\u00e1bados, [&hellip;]<\/p>\n","protected":false},"author":1,"featured_media":0,"comment_status":"closed","ping_status":"closed","sticky":false,"template":"","format":"standard","meta":{"_monsterinsights_skip_tracking":false,"site-sidebar-layout":"default","site-content-layout":"","ast-site-content-layout":"default","site-content-style":"default","site-sidebar-style":"default","ast-global-header-display":"","ast-banner-title-visibility":"","ast-main-header-display":"","ast-hfb-above-header-display":"","ast-hfb-below-header-display":"","ast-hfb-mobile-header-display":"","site-post-title":"","ast-breadcrumbs-content":"","ast-featured-img":"","footer-sml-layout":"","ast-disable-related-posts":"","theme-transparent-header-meta":"","adv-header-id-meta":"","stick-header-meta":"","header-above-stick-meta":"","header-main-stick-meta":"","header-below-stick-meta":"","astra-migrate-meta-layouts":"default","ast-page-background-enabled":"default","ast-page-background-meta":{"desktop":{"background-color":"var(--ast-global-color-4)","background-image":"","background-repeat":"repeat","background-position":"center center","background-size":"auto","background-attachment":"scroll","background-type":"","background-media":"","overlay-type":"","overlay-color":"","overlay-opacity":"","overlay-gradient":""},"tablet":{"background-color":"","background-image":"","background-repeat":"repeat","background-position":"center center","background-size":"auto","background-attachment":"scroll","background-type":"","background-media":"","overlay-type":"","overlay-color":"","overlay-opacity":"","overlay-gradient":""},"mobile":{"background-color":"","background-image":"","background-repeat":"repeat","background-position":"center center","background-size":"auto","background-attachment":"scroll","background-type":"","background-media":"","overlay-type":"","overlay-color":"","overlay-opacity":"","overlay-gradient":""}},"ast-content-background-meta":{"desktop":{"background-color":"var(--ast-global-color-5)","background-image":"","background-repeat":"repeat","background-position":"center center","background-size":"auto","background-attachment":"scroll","background-type":"","background-media":"","overlay-type":"","overlay-color":"","overlay-opacity":"","overlay-gradient":""},"tablet":{"background-color":"var(--ast-global-color-5)","background-image":"","background-repeat":"repeat","background-position":"center center","background-size":"auto","background-attachment":"scroll","background-type":"","background-media":"","overlay-type":"","overlay-color":"","overlay-opacity":"","overlay-gradient":""},"mobile":{"background-color":"var(--ast-global-color-5)","background-image":"","background-repeat":"repeat","background-position":"center center","background-size":"auto","background-attachment":"scroll","background-type":"","background-media":"","overlay-type":"","overlay-color":"","overlay-opacity":"","overlay-gradient":""}},"footnotes":""},"categories":[1],"tags":[],"class_list":["post-1678","post","type-post","status-publish","format-standard","hentry","category-uncategorized"],"_links":{"self":[{"href":"https:\/\/museudigitalcp.com.br\/portaltur\/wp-json\/wp\/v2\/posts\/1678","targetHints":{"allow":["GET"]}}],"collection":[{"href":"https:\/\/museudigitalcp.com.br\/portaltur\/wp-json\/wp\/v2\/posts"}],"about":[{"href":"https:\/\/museudigitalcp.com.br\/portaltur\/wp-json\/wp\/v2\/types\/post"}],"author":[{"embeddable":true,"href":"https:\/\/museudigitalcp.com.br\/portaltur\/wp-json\/wp\/v2\/users\/1"}],"replies":[{"embeddable":true,"href":"https:\/\/museudigitalcp.com.br\/portaltur\/wp-json\/wp\/v2\/comments?post=1678"}],"version-history":[{"count":0,"href":"https:\/\/museudigitalcp.com.br\/portaltur\/wp-json\/wp\/v2\/posts\/1678\/revisions"}],"wp:attachment":[{"href":"https:\/\/museudigitalcp.com.br\/portaltur\/wp-json\/wp\/v2\/media?parent=1678"}],"wp:term":[{"taxonomy":"category","embeddable":true,"href":"https:\/\/museudigitalcp.com.br\/portaltur\/wp-json\/wp\/v2\/categories?post=1678"},{"taxonomy":"post_tag","embeddable":true,"href":"https:\/\/museudigitalcp.com.br\/portaltur\/wp-json\/wp\/v2\/tags?post=1678"}],"curies":[{"name":"wp","href":"https:\/\/api.w.org\/{rel}","templated":true}]}}