{"id":1663,"date":"2026-03-09T23:28:38","date_gmt":"2026-03-09T23:28:38","guid":{"rendered":"https:\/\/cachoeirapaulista.tur.br\/?p=1663"},"modified":"2026-07-09T14:17:27","modified_gmt":"2026-07-09T14:17:27","slug":"agenda-cancao-nova-2026","status":"publish","type":"post","link":"https:\/\/museudigitalcp.com.br\/portaltur\/agenda-cancao-nova-2026\/","title":{"rendered":"Agenda Can\u00e7\u00e3o Nova &#8211; 2026"},"content":{"rendered":"<div id=\"pl-1663\"  class=\"panel-layout\" ><div id=\"pg-1663-0\"  class=\"panel-grid panel-no-style\" ><div id=\"pgc-1663-0-0\"  class=\"panel-grid-cell panel-grid-cell-mobile-last\" ><div id=\"panel-1663-0-0-0\" class=\"so-panel widget widget_sow-editor panel-first-child panel-last-child\" data-index=\"0\" ><div\n\t\t\t\n\t\t\tclass=\"so-widget-sow-editor so-widget-sow-editor-base\"\n\t\t\t\n\t\t>\n<div class=\"siteorigin-widget-tinymce textwidget\">\n\t<h1>Agenda de eventos da Can\u00e7\u00e3o Nova - 2026<\/h1>\n<h2><span class=\"ez-toc-section\" id=\"Confira_a_agenda_de_eventos_da_Cancao_Nova_de_2026_faca_a_programacao_da_sua_viagem_com_antecedencia_reserve_sua_hospedagem_em_nosso_site_e_viva_momentos_unicos_de_fe_e_devocao\"><\/span>Confira a agenda de eventos da Can\u00e7\u00e3o Nova de 2026, fa\u00e7a a programa\u00e7\u00e3o da sua viagem com anteced\u00eancia, reserve sua hospedagem em nosso site e viva momentos \u00fanicos de f\u00e9 e devo\u00e7\u00e3o.<span class=\"ez-toc-section-end\"><\/span><\/h2>\n<p><span style=\"font-size: 12pt;\">Programe-se, fa\u00e7a sua reserva e venha para a Can\u00e7\u00e3o Nova.<\/span><\/p>\n<\/div>\n<\/div><\/div><\/div><div id=\"pgc-1663-0-1\"  class=\"panel-grid-cell panel-grid-cell-empty\" ><\/div><\/div><div id=\"pg-1663-1\"  class=\"panel-grid panel-no-style\" ><div id=\"pgc-1663-1-0\"  class=\"panel-grid-cell\" ><div id=\"panel-1663-1-0-0\" class=\"so-panel widget widget_sow-editor panel-first-child panel-last-child\" data-index=\"1\" ><div class=\"panel-widget-style panel-widget-style-for-1663-1-0-0\" ><div\n\t\t\t\n\t\t\tclass=\"so-widget-sow-editor so-widget-sow-editor-base\"\n\t\t\t\n\t\t>\n<div class=\"siteorigin-widget-tinymce textwidget\">\n\t<hr \/>\n<h3><span class=\"ez-toc-section\" id=\"MARCO_2026\"><\/span><span style=\"color: #000000;\">MAR\u00c7O 2026<\/span><span class=\"ez-toc-section-end\"><\/span><\/h3>\n<\/div>\n<\/div><\/div><\/div><\/div><\/div><div id=\"pg-1663-2\"  class=\"panel-grid panel-no-style\" ><div id=\"pgc-1663-2-0\"  class=\"panel-grid-cell\" ><div id=\"panel-1663-2-0-0\" class=\"so-panel widget widget_sow-editor panel-first-child panel-last-child\" data-index=\"2\" ><div class=\"so-rounded panel-widget-style panel-widget-style-for-1663-2-0-0\" ><div\n\t\t\t\n\t\t\tclass=\"so-widget-sow-editor so-widget-sow-editor-base\"\n\t\t\t\n\t\t>\n<div class=\"siteorigin-widget-tinymce textwidget\">\n\t<h4 style=\"text-align: center;\"><span class=\"ez-toc-section\" id=\"ACAMPAMENTO_DE_CURA_E_LIBERTACAO_Permita_que_Deus_cure_e_restaure_as_areas_da_sua_vida_DE_13_a_15_DE_MARCO\"><\/span><strong>ACAMPAMENTO DE CURA E LIBERTA\u00c7\u00c3O<\/strong><br \/>\nPermita que Deus cure e restaure as \u00e1reas da sua vida<br \/>\n<span style=\"color: #ff6600;\"><strong><span style=\"font-size: 14pt;\">DE 13 a 15 DE MAR\u00c7O<\/span><\/strong><\/span><span class=\"ez-toc-section-end\"><\/span><\/h4>\n<\/div>\n<\/div><\/div><\/div><\/div><div id=\"pgc-1663-2-1\"  class=\"panel-grid-cell\" ><div id=\"panel-1663-2-1-0\" class=\"so-panel widget widget_sow-editor panel-first-child panel-last-child\" data-index=\"3\" ><div class=\"so-rounded panel-widget-style panel-widget-style-for-1663-2-1-0\" ><div\n\t\t\t\n\t\t\tclass=\"so-widget-sow-editor so-widget-sow-editor-base\"\n\t\t\t\n\t\t>\n<div class=\"siteorigin-widget-tinymce textwidget\">\n\t<h4 style=\"text-align: center;\"><span class=\"ez-toc-section\" id=\"ACAMPAMENTO_DE_SAO_JOSE_Com_a_presenca_internacional_do_Padre_Donald_Calloway_DE_19_a_22_DE_MARCO\"><\/span><strong>ACAMPAMENTO DE S\u00c3O JOS\u00c9<\/strong><br \/>\nCom a presen\u00e7a internacional do Padre Donald Calloway<br \/>\n<span style=\"color: #ff6600;\"><strong><span style=\"font-size: 14pt;\">DE 19 a 22 DE MAR\u00c7O<\/span><\/strong><\/span><span class=\"ez-toc-section-end\"><\/span><\/h4>\n<\/div>\n<\/div><\/div><\/div><\/div><div id=\"pgc-1663-2-2\"  class=\"panel-grid-cell\" ><div id=\"panel-1663-2-2-0\" class=\"so-panel widget widget_sow-editor panel-first-child panel-last-child\" data-index=\"4\" ><div class=\"so-rounded panel-widget-style panel-widget-style-for-1663-2-2-0\" ><div\n\t\t\t\n\t\t\tclass=\"so-widget-sow-editor so-widget-sow-editor-base\"\n\t\t\t\n\t\t>\n<div class=\"siteorigin-widget-tinymce textwidget\">\n\t<h4 style=\"text-align: center;\"><strong>KAIR\u00d3S - DOMINGO DE RAMOS<\/strong><br \/>\nDomingo de Ramos abrindo a Semana Santa na Can\u00e7\u00e3o Nova<br \/>\n<span style=\"color: #ff6600;\"><strong><span style=\"font-size: 14pt;\">29 DE MAR\u00c7O<\/span><\/strong><\/span><\/h4>\n<\/div>\n<\/div><\/div><\/div><\/div><\/div><div id=\"pg-1663-3\"  class=\"panel-grid panel-no-style\" ><div id=\"pgc-1663-3-0\"  class=\"panel-grid-cell\" ><div id=\"panel-1663-3-0-0\" class=\"so-panel widget widget_sow-editor panel-first-child panel-last-child\" data-index=\"5\" ><div class=\"panel-widget-style panel-widget-style-for-1663-3-0-0\" ><div\n\t\t\t\n\t\t\tclass=\"so-widget-sow-editor so-widget-sow-editor-base\"\n\t\t\t\n\t\t>\n<div class=\"siteorigin-widget-tinymce textwidget\">\n\t<hr \/>\n<h3><span class=\"ez-toc-section\" id=\"ABRIL_2026\"><\/span>ABRIL 2026<span class=\"ez-toc-section-end\"><\/span><\/h3>\n<\/div>\n<\/div><\/div><\/div><\/div><\/div><div id=\"pg-1663-4\"  class=\"panel-grid panel-no-style\" ><div id=\"pgc-1663-4-0\"  class=\"panel-grid-cell\" ><div id=\"panel-1663-4-0-0\" class=\"so-panel widget widget_sow-editor panel-first-child\" data-index=\"6\" ><div class=\"so-rounded panel-widget-style panel-widget-style-for-1663-4-0-0\" ><div\n\t\t\t\n\t\t\tclass=\"so-widget-sow-editor so-widget-sow-editor-base\"\n\t\t\t\n\t\t>\n<div class=\"siteorigin-widget-tinymce textwidget\">\n\t<h4 style=\"text-align: center;\"><span class=\"ez-toc-section\" id=\"ACAMPAMENTO_SEMANA_SANTA_Meditacao_do_misterio_da_Paixao_Morte_e_Ressurreicao_de_Cristo_DE_2_a_5_DE_ABRIL\"><\/span><strong>ACAMPAMENTO SEMANA SANTA<\/strong><br \/>\nMedita\u00e7\u00e3o do mist\u00e9rio da Paix\u00e3o, Morte e Ressurrei\u00e7\u00e3o de Cristo<br \/>\n<span style=\"color: #ff6600;\"><strong><span style=\"font-size: 14pt;\">DE 2 a 5 DE ABRIL<\/span><\/strong><\/span><span class=\"ez-toc-section-end\"><\/span><\/h4>\n<\/div>\n<\/div><\/div><\/div><div id=\"panel-1663-4-0-1\" class=\"so-panel widget widget_sow-editor panel-last-child\" data-index=\"7\" ><div class=\"so-rounded panel-widget-style panel-widget-style-for-1663-4-0-1\" ><div\n\t\t\t\n\t\t\tclass=\"so-widget-sow-editor so-widget-sow-editor-base\"\n\t\t\t\n\t\t>\n<div class=\"siteorigin-widget-tinymce textwidget\">\n\t<h4 style=\"text-align: center;\"><span class=\"ez-toc-section\" id=\"ACAMPAMENTO_JOVENS_SARADOS_Dias_intensos_de_cura_oracao_e_experiencia_profunda_com_Deus_DE_24_a_26_DE_ABRIL\"><\/span><strong>ACAMPAMENTO JOVENS SARADOS<\/strong><br \/>\nDias intensos de cura, ora\u00e7\u00e3o e experi\u00eancia profunda com Deus!<br \/>\n<span style=\"color: #ff6600;\"><strong><span style=\"font-size: 14pt;\">DE 24 a 26 DE ABRIL<\/span><\/strong><\/span><span class=\"ez-toc-section-end\"><\/span><\/h4>\n<\/div>\n<\/div><\/div><\/div><\/div><div id=\"pgc-1663-4-1\"  class=\"panel-grid-cell\" ><div id=\"panel-1663-4-1-0\" class=\"so-panel widget widget_sow-editor panel-first-child\" data-index=\"8\" ><div class=\"so-rounded panel-widget-style panel-widget-style-for-1663-4-1-0\" ><div\n\t\t\t\n\t\t\tclass=\"so-widget-sow-editor so-widget-sow-editor-base\"\n\t\t\t\n\t\t>\n<div class=\"siteorigin-widget-tinymce textwidget\">\n\t<h4 style=\"text-align: center;\"><span class=\"ez-toc-section\" id=\"FESTA_DA_MISERICORDIA_Com_o_tema_%E2%80%9CConcedereis_gracas_ainda_maiores%E2%80%9D_Festa_da_Misericordia_reune_fieis_na_Cancao_Nova_DE_9_a_12_DE_ABRIL\"><\/span><strong>FESTA DA MISERIC\u00d3RDIA<\/strong><br \/>\nCom o tema \u201cConcedereis gra\u00e7as ainda maiores\u201d, Festa da Miseric\u00f3rdia re\u00fane fi\u00e9is na Can\u00e7\u00e3o Nova<br \/>\n<span style=\"color: #ff6600;\"><strong><span style=\"font-size: 14pt;\">DE 9 a 12 DE ABRIL<\/span><\/strong><\/span><span class=\"ez-toc-section-end\"><\/span><\/h4>\n<\/div>\n<\/div><\/div><\/div><div id=\"panel-1663-4-1-1\" class=\"so-panel widget widget_sow-editor panel-last-child\" data-index=\"9\" ><div class=\"so-rounded panel-widget-style panel-widget-style-for-1663-4-1-1\" ><div\n\t\t\t\n\t\t\tclass=\"so-widget-sow-editor so-widget-sow-editor-base\"\n\t\t\t\n\t\t>\n<div class=\"siteorigin-widget-tinymce textwidget\">\n\t<h4 style=\"text-align: center;\"><span class=\"ez-toc-section\" id=\"ENCONTRO_NACIONAL_DOS_DIACONOS_Encontro_Nacional_dos_Diaconos_acontece_na_Cancao_Nova_DE_24_a_26_DE_ABRIL\"><\/span><strong>ENCONTRO NACIONAL DOS DI\u00c1CONOS<\/strong><br \/>\nEncontro Nacional dos Di\u00e1conos acontece na Can\u00e7\u00e3o Nova<br \/>\n<span style=\"color: #ff6600;\"><strong><span style=\"font-size: 14pt;\">DE 24 a 26 DE ABRIL<\/span><\/strong><\/span><span class=\"ez-toc-section-end\"><\/span><\/h4>\n<\/div>\n<\/div><\/div><\/div><\/div><div id=\"pgc-1663-4-2\"  class=\"panel-grid-cell\" ><div id=\"panel-1663-4-2-0\" class=\"so-panel widget widget_sow-editor panel-first-child\" data-index=\"10\" ><div class=\"so-rounded panel-widget-style panel-widget-style-for-1663-4-2-0\" ><div\n\t\t\t\n\t\t\tclass=\"so-widget-sow-editor so-widget-sow-editor-base\"\n\t\t\t\n\t\t>\n<div class=\"siteorigin-widget-tinymce textwidget\">\n\t<h4 style=\"text-align: center;\"><span class=\"ez-toc-section\" id=\"MAES_QUE_ORAM_PELOS_FILHOS_Cidade_das_Maes_2026_destaca_a_Eucaristia_como_encontro_vivo_com_Cristo_16_A_19_DE_ABRIL\"><\/span><strong>M\u00c3ES QUE ORAM PELOS FILHOS<\/strong><br \/>\nCidade das M\u00e3es 2026 destaca a Eucaristia como encontro vivo com Cristo<br \/>\n<span style=\"color: #ff6600;\"><strong><span style=\"font-size: 14pt;\">16 A 19 DE ABRIL<\/span><\/strong><\/span><span class=\"ez-toc-section-end\"><\/span><\/h4>\n<\/div>\n<\/div><\/div><\/div><div id=\"panel-1663-4-2-1\" class=\"so-panel widget widget_sow-editor panel-last-child\" data-index=\"11\" ><div class=\"so-rounded panel-widget-style panel-widget-style-for-1663-4-2-1\" ><div\n\t\t\t\n\t\t\tclass=\"so-widget-sow-editor so-widget-sow-editor-base\"\n\t\t\t\n\t\t>\n<div class=\"siteorigin-widget-tinymce textwidget\">\n\t<h4 style=\"text-align: center;\"><strong>ACAMPAMENTO MARIANO<\/strong><br \/>\nAcampamento Mariano com o tema \u201cDai-nos a b\u00ean\u00e7\u00e3o!\"<br \/>\n<span style=\"color: #ff6600;\"><strong><span style=\"font-size: 14pt;\">DE 30 DE ABRIL A 3 DE MAIO<\/span><\/strong><\/span><\/h4>\n<\/div>\n<\/div><\/div><\/div><\/div><\/div><div id=\"pg-1663-5\"  class=\"panel-grid panel-no-style\" ><div id=\"pgc-1663-5-0\"  class=\"panel-grid-cell\" ><div id=\"panel-1663-5-0-0\" class=\"so-panel widget widget_sow-editor panel-first-child panel-last-child\" data-index=\"12\" ><div class=\"panel-widget-style panel-widget-style-for-1663-5-0-0\" ><div\n\t\t\t\n\t\t\tclass=\"so-widget-sow-editor so-widget-sow-editor-base\"\n\t\t\t\n\t\t>\n<div class=\"siteorigin-widget-tinymce textwidget\">\n\t<hr \/>\n<h3><span class=\"ez-toc-section\" id=\"MAIO_2026\"><\/span>MAIO 2026<span class=\"ez-toc-section-end\"><\/span><\/h3>\n<\/div>\n<\/div><\/div><\/div><\/div><\/div><div id=\"pg-1663-6\"  class=\"panel-grid panel-no-style\" ><div id=\"pgc-1663-6-0\"  class=\"panel-grid-cell\" ><div id=\"panel-1663-6-0-0\" class=\"so-panel widget widget_sow-editor panel-first-child\" data-index=\"13\" ><div class=\"so-rounded panel-widget-style panel-widget-style-for-1663-6-0-0\" ><div\n\t\t\t\n\t\t\tclass=\"so-widget-sow-editor so-widget-sow-editor-base\"\n\t\t\t\n\t\t>\n<div class=\"siteorigin-widget-tinymce textwidget\">\n\t<h4 style=\"text-align: center;\"><span class=\"ez-toc-section\" id=\"ACAMPAMENTO_DE_ORACAO_Festa_das_Tendas_DE_15_a_17_DE_MAIO\"><\/span><strong>ACAMPAMENTO DE ORA\u00c7\u00c3O<\/strong><br \/>\nFesta das Tendas<br \/>\n<span style=\"color: #ff6600;\"><strong><span style=\"font-size: 14pt;\">DE 15 a 17 DE MAIO<\/span><\/strong><\/span><span class=\"ez-toc-section-end\"><\/span><\/h4>\n<\/div>\n<\/div><\/div><\/div><div id=\"panel-1663-6-0-1\" class=\"so-panel widget widget_sow-editor panel-last-child\" data-index=\"14\" ><div class=\"so-rounded panel-widget-style panel-widget-style-for-1663-6-0-1\" ><div\n\t\t\t\n\t\t\tclass=\"so-widget-sow-editor so-widget-sow-editor-base\"\n\t\t\t\n\t\t>\n<div class=\"siteorigin-widget-tinymce textwidget\">\n\t<h4 style=\"text-align: center;\"><span class=\"ez-toc-section\" id=\"FESTA_DO_PAI_DAS_MISERICORDIAS_Celebracao_do_amor_de_Deus_na_sede_da_Comunidade_Cancao_Nova_DE_29_a_31_DE_MAIO\"><\/span><strong>FESTA DO PAI DAS MISERIC\u00d3RDIAS<\/strong><br \/>\nCelebra\u00e7\u00e3o do amor de Deus na sede da Comunidade Can\u00e7\u00e3o Nova<br \/>\n<span style=\"color: #ff6600;\"><strong><span style=\"font-size: 14pt;\">DE 29 a 31 DE MAIO<\/span><\/strong><\/span><span class=\"ez-toc-section-end\"><\/span><\/h4>\n<\/div>\n<\/div><\/div><\/div><\/div><div id=\"pgc-1663-6-1\"  class=\"panel-grid-cell\" ><div id=\"panel-1663-6-1-0\" class=\"so-panel widget widget_sow-editor panel-first-child panel-last-child\" data-index=\"15\" ><div class=\"so-rounded panel-widget-style panel-widget-style-for-1663-6-1-0\" ><div\n\t\t\t\n\t\t\tclass=\"so-widget-sow-editor so-widget-sow-editor-base\"\n\t\t\t\n\t\t>\n<div class=\"siteorigin-widget-tinymce textwidget\">\n\t<h4 style=\"text-align: center;\"><strong>SEXUALIDADE E EDUCA\u00c7\u00c3O DOS FILHOS<\/strong><br \/>\nEducar no tempo das perguntas dif\u00edceis: um chamado \u00e0 forma\u00e7\u00e3o dos pais e educadores<br \/>\n<span style=\"color: #ff6600;\"><strong><span style=\"font-size: 14pt;\">15 DE MAIO - 19H00<\/span><\/strong><\/span><\/h4>\n<\/div>\n<\/div><\/div><\/div><\/div><div id=\"pgc-1663-6-2\"  class=\"panel-grid-cell\" ><div id=\"panel-1663-6-2-0\" class=\"so-panel widget widget_sow-editor panel-first-child panel-last-child\" data-index=\"16\" ><div class=\"so-rounded panel-widget-style panel-widget-style-for-1663-6-2-0\" ><div\n\t\t\t\n\t\t\tclass=\"so-widget-sow-editor so-widget-sow-editor-base\"\n\t\t\t\n\t\t>\n<div class=\"siteorigin-widget-tinymce textwidget\">\n\t<h4 style=\"text-align: center;\"><span class=\"ez-toc-section\" id=\"ACAMPAMENTO_DE_PENTECOSTES_Convite_a_uma_profunda_experiencia_com_o_Espirito_Santo_DE_21_A_24_DE_MAIO\"><\/span><strong>ACAMPAMENTO DE PENTECOSTES<\/strong><br \/>\nConvite a uma profunda experi\u00eancia com o Esp\u00edrito Santo<br \/>\n<span style=\"color: #ff6600;\"><strong><span style=\"font-size: 14pt;\">DE 21 A 24 DE MAIO<\/span><\/strong><\/span><span class=\"ez-toc-section-end\"><\/span><\/h4>\n<\/div>\n<\/div><\/div><\/div><\/div><\/div><div id=\"pg-1663-7\"  class=\"panel-grid panel-no-style\" ><div id=\"pgc-1663-7-0\"  class=\"panel-grid-cell\" ><div id=\"panel-1663-7-0-0\" class=\"so-panel widget widget_sow-editor panel-first-child panel-last-child\" data-index=\"17\" ><div class=\"panel-widget-style panel-widget-style-for-1663-7-0-0\" ><div\n\t\t\t\n\t\t\tclass=\"so-widget-sow-editor so-widget-sow-editor-base\"\n\t\t\t\n\t\t>\n<div class=\"siteorigin-widget-tinymce textwidget\">\n\t<hr \/>\n<h3><span class=\"ez-toc-section\" id=\"JUNHO_2026\"><\/span>JUNHO 2026<span class=\"ez-toc-section-end\"><\/span><\/h3>\n<\/div>\n<\/div><\/div><\/div><\/div><\/div><div id=\"pg-1663-8\"  class=\"panel-grid panel-no-style\" ><div id=\"pgc-1663-8-0\"  class=\"panel-grid-cell\" ><div id=\"panel-1663-8-0-0\" class=\"so-panel widget widget_sow-editor panel-first-child\" data-index=\"18\" ><div class=\"so-rounded panel-widget-style panel-widget-style-for-1663-8-0-0\" ><div\n\t\t\t\n\t\t\tclass=\"so-widget-sow-editor so-widget-sow-editor-base\"\n\t\t\t\n\t\t>\n<div class=\"siteorigin-widget-tinymce textwidget\">\n\t<h4 style=\"text-align: center;\"><span class=\"ez-toc-section\" id=\"ACAMPAMENTO_DE_CORPUS_CHRISTI_Um_convite_aos_fieis_a_viver_uma_profunda_experiencia_com_Jesus_Eucaristico_DE_04_a_07_DE_JUNHO\"><\/span><strong>ACAMPAMENTO DE CORPUS CHRISTI<\/strong><br \/>\nUm convite aos fi\u00e9is a viver uma profunda experi\u00eancia com Jesus Eucar\u00edstico<br \/>\n<span style=\"color: #ff6600;\"><strong><span style=\"font-size: 14pt;\">DE 04 a 07 DE JUNHO<\/span><\/strong><\/span><span class=\"ez-toc-section-end\"><\/span><\/h4>\n<\/div>\n<\/div><\/div><\/div><div id=\"panel-1663-8-0-1\" class=\"so-panel widget widget_sow-editor panel-last-child\" data-index=\"19\" ><div class=\"so-rounded panel-widget-style panel-widget-style-for-1663-8-0-1\" ><div\n\t\t\t\n\t\t\tclass=\"so-widget-sow-editor so-widget-sow-editor-base\"\n\t\t\t\n\t\t>\n<div class=\"siteorigin-widget-tinymce textwidget\">\n\t<h4 style=\"text-align: center;\"><span class=\"ez-toc-section\" id=\"ACAMPAMENTO_SARA_E_TOBIAS_Homens_e_mulheres_sao_convidados_ao_Acampamento_Sara_e_Tobias_na_Cancao_Nova_DE_19_a_21_DE_JUNHO\"><\/span><strong>ACAMPAMENTO SARA E TOBIAS<\/strong><br \/>\nHomens e mulheres s\u00e3o convidados ao Acampamento Sara e Tobias na Can\u00e7\u00e3o Nova<br \/>\n<span style=\"color: #ff6600;\"><strong><span style=\"font-size: 14pt;\">DE 19 a 21 DE JUNHO<\/span><\/strong><\/span><span class=\"ez-toc-section-end\"><\/span><\/h4>\n<\/div>\n<\/div><\/div><\/div><\/div><div id=\"pgc-1663-8-1\"  class=\"panel-grid-cell\" ><div id=\"panel-1663-8-1-0\" class=\"so-panel widget widget_sow-editor panel-first-child\" data-index=\"20\" ><div class=\"so-rounded panel-widget-style panel-widget-style-for-1663-8-1-0\" ><div\n\t\t\t\n\t\t\tclass=\"so-widget-sow-editor so-widget-sow-editor-base\"\n\t\t\t\n\t\t>\n<div class=\"siteorigin-widget-tinymce textwidget\">\n\t<h4 style=\"text-align: center;\"><span class=\"ez-toc-section\" id=\"ACAMPAMENTO_DE_ORACAO_Acampamento_na_trilha_da_cura_DE_12_A_14_DE_JUNHO\"><\/span><strong>ACAMPAMENTO DE ORA\u00c7\u00c3O<\/strong><br \/>\nAcampamento na trilha da cura<br \/>\n<span style=\"color: #ff6600;\"><strong><span style=\"font-size: 14pt;\">DE 12 A 14 DE JUNHO<\/span><\/strong><\/span><span class=\"ez-toc-section-end\"><\/span><\/h4>\n<\/div>\n<\/div><\/div><\/div><div id=\"panel-1663-8-1-1\" class=\"so-panel widget widget_sow-editor panel-last-child\" data-index=\"21\" ><div class=\"so-rounded panel-widget-style panel-widget-style-for-1663-8-1-1\" ><div\n\t\t\t\n\t\t\tclass=\"so-widget-sow-editor so-widget-sow-editor-base\"\n\t\t\t\n\t\t>\n<div class=\"siteorigin-widget-tinymce textwidget\">\n\t<h4 style=\"text-align: center;\"><span class=\"ez-toc-section\" id=\"ACAMPAMENTO_FE_E_MILAGRES_Acampamento_Fe_e_Milagres_convida_fieis_a_confiar_na_acao_de_Deus_DE_26_a_28_DE_JUNHO\"><\/span><strong>ACAMPAMENTO F\u00c9 E MILAGRES<\/strong><br \/>\nAcampamento F\u00e9 e Milagres convida fi\u00e9is a confiar na a\u00e7\u00e3o de Deus<br \/>\n<span style=\"color: #ff6600;\"><strong><span style=\"font-size: 14pt;\">DE 26 a 28 DE JUNHO<\/span><\/strong><\/span><span class=\"ez-toc-section-end\"><\/span><\/h4>\n<\/div>\n<\/div><\/div><\/div><\/div><div id=\"pgc-1663-8-2\"  class=\"panel-grid-cell\" ><div id=\"panel-1663-8-2-0\" class=\"so-panel widget widget_sow-editor panel-first-child panel-last-child\" data-index=\"22\" ><div class=\"so-rounded panel-widget-style panel-widget-style-for-1663-8-2-0\" ><div\n\t\t\t\n\t\t\tclass=\"so-widget-sow-editor so-widget-sow-editor-base\"\n\t\t\t\n\t\t>\n<div class=\"siteorigin-widget-tinymce textwidget\">\n\t<h4 style=\"text-align: center;\"><span class=\"ez-toc-section\" id=\"ACAMPAMENTO_DE_ORACAO_Acampamento_a_libertacao_de_espiritos_amlignos_DE_12_A_14_DE_JUNHO\"><\/span><strong>ACAMPAMENTO DE ORA\u00c7\u00c3O<\/strong><br \/>\nAcampamento a liberta\u00e7\u00e3o de esp\u00edritos amlignos<br \/>\n<span style=\"color: #ff6600;\"><strong><span style=\"font-size: 14pt;\">DE 12 A 14 DE JUNHO<\/span><\/strong><\/span><span class=\"ez-toc-section-end\"><\/span><\/h4>\n<\/div>\n<\/div><\/div><\/div><\/div><\/div><div id=\"pg-1663-9\"  class=\"panel-grid panel-no-style\" ><div id=\"pgc-1663-9-0\"  class=\"panel-grid-cell\" ><div id=\"panel-1663-9-0-0\" class=\"so-panel widget widget_sow-editor panel-first-child panel-last-child\" data-index=\"23\" ><div class=\"panel-widget-style panel-widget-style-for-1663-9-0-0\" ><div\n\t\t\t\n\t\t\tclass=\"so-widget-sow-editor so-widget-sow-editor-base\"\n\t\t\t\n\t\t>\n<div class=\"siteorigin-widget-tinymce textwidget\">\n\t<hr \/>\n<h3><span class=\"ez-toc-section\" id=\"JULHO_2026\"><\/span>JULHO 2026<span class=\"ez-toc-section-end\"><\/span><\/h3>\n<\/div>\n<\/div><\/div><\/div><\/div><\/div><div id=\"pg-1663-10\"  class=\"panel-grid panel-no-style\" ><div id=\"pgc-1663-10-0\"  class=\"panel-grid-cell\" ><div id=\"panel-1663-10-0-0\" class=\"so-panel widget widget_sow-editor panel-first-child\" data-index=\"24\" ><div class=\"so-rounded panel-widget-style panel-widget-style-for-1663-10-0-0\" ><div\n\t\t\t\n\t\t\tclass=\"so-widget-sow-editor so-widget-sow-editor-base\"\n\t\t\t\n\t\t>\n<div class=\"siteorigin-widget-tinymce textwidget\">\n\t<h4 style=\"text-align: center;\"><span class=\"ez-toc-section\" id=\"ACAMPAMENTO_DE_ORACAO_Acampamento_Obra_de_Maria_DE_3_a_5_DE_JULHO\"><\/span><strong>ACAMPAMENTO DE ORA\u00c7\u00c3O<\/strong><br \/>\nAcampamento Obra de Maria<br \/>\n<span style=\"color: #ff6600;\"><strong><span style=\"font-size: 14pt;\">DE 3 a 5 DE JULHO<\/span><\/strong><\/span><span class=\"ez-toc-section-end\"><\/span><\/h4>\n<\/div>\n<\/div><\/div><\/div><div id=\"panel-1663-10-0-1\" class=\"so-panel widget widget_sow-editor panel-last-child\" data-index=\"25\" ><div class=\"so-rounded panel-widget-style panel-widget-style-for-1663-10-0-1\" ><div\n\t\t\t\n\t\t\tclass=\"so-widget-sow-editor so-widget-sow-editor-base\"\n\t\t\t\n\t\t>\n<div class=\"siteorigin-widget-tinymce textwidget\">\n\t<h4 style=\"text-align: center;\"><span class=\"ez-toc-section\" id=\"ACAMPAMENTO_PARA_CASAIS_Um_encontro_voltado_a_restauracao_e_ao_fortalecimento_da_vida_conjugal_DE_23_a_26_DE_JULHO\"><\/span><strong>ACAMPAMENTO PARA CASAIS<\/strong><br \/>\nUm encontro voltado \u00e0 restaura\u00e7\u00e3o e ao fortalecimento da vida conjugal<br \/>\n<span style=\"color: #ff6600;\"><strong><span style=\"font-size: 14pt;\">DE 23 a 26 DE JULHO<\/span><\/strong><\/span><span class=\"ez-toc-section-end\"><\/span><\/h4>\n<\/div>\n<\/div><\/div><\/div><\/div><div id=\"pgc-1663-10-1\"  class=\"panel-grid-cell\" ><div id=\"panel-1663-10-1-0\" class=\"so-panel widget widget_sow-editor panel-first-child\" data-index=\"26\" ><div class=\"so-rounded panel-widget-style panel-widget-style-for-1663-10-1-0\" ><div\n\t\t\t\n\t\t\tclass=\"so-widget-sow-editor so-widget-sow-editor-base\"\n\t\t\t\n\t\t>\n<div class=\"siteorigin-widget-tinymce textwidget\">\n\t<h4 style=\"text-align: center;\"><span class=\"ez-toc-section\" id=\"PHN-_2026_Jovens_sao_chamados_a_uma_vida_nova_lavados_pelo_Sangue_do_Cordeiro_DE_8_A_12_DE_JULHO\"><\/span><strong>PHN- 2026<\/strong><br \/>\nJovens s\u00e3o chamados a uma vida nova, lavados pelo Sangue do Cordeiro<br \/>\n<span style=\"color: #ff6600;\"><strong><span style=\"font-size: 14pt;\">DE 8 A 12 DE JULHO<\/span><\/strong><\/span><span class=\"ez-toc-section-end\"><\/span><\/h4>\n<\/div>\n<\/div><\/div><\/div><div id=\"panel-1663-10-1-1\" class=\"so-panel widget widget_sow-editor panel-last-child\" data-index=\"27\" ><div class=\"so-rounded panel-widget-style panel-widget-style-for-1663-10-1-1\" ><div\n\t\t\t\n\t\t\tclass=\"so-widget-sow-editor so-widget-sow-editor-base\"\n\t\t\t\n\t\t>\n<div class=\"siteorigin-widget-tinymce textwidget\">\n\t<h4 style=\"text-align: center;\"><span class=\"ez-toc-section\" id=\"ACAMPAMENTO_DE_ORACAO_Encontro_sentinela_para_adolescentes_DE_24_a_26_DE_JULHO\"><\/span><strong>ACAMPAMENTO DE ORA\u00c7\u00c3O<\/strong><br \/>\nEncontro sentinela para adolescentes<br \/>\n<span style=\"color: #ff6600;\"><strong><span style=\"font-size: 14pt;\">DE 24 a 26 DE JULHO<\/span><\/strong><\/span><span class=\"ez-toc-section-end\"><\/span><\/h4>\n<\/div>\n<\/div><\/div><\/div><\/div><div id=\"pgc-1663-10-2\"  class=\"panel-grid-cell\" ><div id=\"panel-1663-10-2-0\" class=\"so-panel widget widget_sow-editor panel-first-child\" data-index=\"28\" ><div class=\"so-rounded panel-widget-style panel-widget-style-for-1663-10-2-0\" ><div\n\t\t\t\n\t\t\tclass=\"so-widget-sow-editor so-widget-sow-editor-base\"\n\t\t\t\n\t\t>\n<div class=\"siteorigin-widget-tinymce textwidget\">\n\t<h4 style=\"text-align: center;\"><span class=\"ez-toc-section\" id=\"ACAMPAMENTO_DE_LIVRAI-NOS_DO_MAL_Acampamento_%E2%80%9CLivrai-nos_do_mal%E2%80%9D_com_procissao_luminosa_e_noite_oracional_DE_17_A_19_DE_JULHO\"><\/span><strong>ACAMPAMENTO DE LIVRAI-NOS DO MAL<\/strong><br \/>\nAcampamento \u201cLivrai-nos do mal\u201d com prociss\u00e3o luminosa e noite oracional<br \/>\n<span style=\"color: #ff6600;\"><strong><span style=\"font-size: 14pt;\">DE 17 A 19 DE JULHO<\/span><\/strong><\/span><span class=\"ez-toc-section-end\"><\/span><\/h4>\n<\/div>\n<\/div><\/div><\/div><div id=\"panel-1663-10-2-1\" class=\"so-panel widget widget_sow-editor panel-last-child\" data-index=\"29\" ><div class=\"so-rounded panel-widget-style panel-widget-style-for-1663-10-2-1\" ><div\n\t\t\t\n\t\t\tclass=\"so-widget-sow-editor so-widget-sow-editor-base\"\n\t\t\t\n\t\t>\n<div class=\"siteorigin-widget-tinymce textwidget\">\n\t<h4 style=\"text-align: center;\"><span class=\"ez-toc-section\" id=\"ACAMPAMENTO_FE_CATOLICA_Acampamento_Fe_Catolica_DE_31_de_JULHO_A_02_DE_AGOSTO\"><\/span><strong>ACAMPAMENTO F\u00c9 CAT\u00d3LICA<\/strong><br \/>\nAcampamento F\u00e9 Cat\u00f3lica<br \/>\n<span style=\"color: #ff6600;\"><strong><span style=\"font-size: 14pt;\">DE 31 de JULHO A 02 DE AGOSTO<\/span><\/strong><\/span><span class=\"ez-toc-section-end\"><\/span><\/h4>\n<\/div>\n<\/div><\/div><\/div><\/div><\/div><div id=\"pg-1663-11\"  class=\"panel-grid panel-no-style\" ><div id=\"pgc-1663-11-0\"  class=\"panel-grid-cell\" ><div id=\"panel-1663-11-0-0\" class=\"so-panel widget widget_sow-editor panel-first-child panel-last-child\" data-index=\"30\" ><div class=\"panel-widget-style panel-widget-style-for-1663-11-0-0\" ><div\n\t\t\t\n\t\t\tclass=\"so-widget-sow-editor so-widget-sow-editor-base\"\n\t\t\t\n\t\t>\n<div class=\"siteorigin-widget-tinymce textwidget\">\n\t<hr \/>\n<h3><span class=\"ez-toc-section\" id=\"AGOSTO_2026\"><\/span>AGOSTO 2026<span class=\"ez-toc-section-end\"><\/span><\/h3>\n<\/div>\n<\/div><\/div><\/div><\/div><\/div><div id=\"pg-1663-12\"  class=\"panel-grid panel-no-style\" ><div id=\"pgc-1663-12-0\"  class=\"panel-grid-cell\" ><div id=\"panel-1663-12-0-0\" class=\"so-panel widget widget_sow-editor panel-first-child\" data-index=\"31\" ><div class=\"so-rounded panel-widget-style panel-widget-style-for-1663-12-0-0\" ><div\n\t\t\t\n\t\t\tclass=\"so-widget-sow-editor so-widget-sow-editor-base\"\n\t\t\t\n\t\t>\n<div class=\"siteorigin-widget-tinymce textwidget\">\n\t<h4 style=\"text-align: center;\"><span class=\"ez-toc-section\" id=\"ACAMPAMENTO_DE_ORACAO_Encontro_mundial_do_Charis_DE_5_a_8_DE_AGOSTO\"><\/span><strong>ACAMPAMENTO DE ORA\u00c7\u00c3O<\/strong><br \/>\nEncontro mundial do Charis<br \/>\n<span style=\"color: #ff6600;\"><strong><span style=\"font-size: 14pt;\">DE 5 a 8 DE AGOSTO<\/span><\/strong><\/span><span class=\"ez-toc-section-end\"><\/span><\/h4>\n<\/div>\n<\/div><\/div><\/div><div id=\"panel-1663-12-0-1\" class=\"so-panel widget widget_sow-editor panel-last-child\" data-index=\"32\" ><div class=\"so-rounded panel-widget-style panel-widget-style-for-1663-12-0-1\" ><div\n\t\t\t\n\t\t\tclass=\"so-widget-sow-editor so-widget-sow-editor-base\"\n\t\t\t\n\t\t>\n<div class=\"siteorigin-widget-tinymce textwidget\">\n\t<h4 style=\"text-align: center;\"><span class=\"ez-toc-section\" id=\"ACAMPAMENTO_DE_ORACAO_Acampamento_Fraternidade_SJPII_DE_21_a_23_DE_AGOSTO\"><\/span><strong>ACAMPAMENTO DE ORA\u00c7\u00c3O<\/strong><br \/>\nAcampamento Fraternidade SJPII<br \/>\n<span style=\"color: #ff6600;\"><strong><span style=\"font-size: 14pt;\">DE 21 a 23 DE AGOSTO<\/span><\/strong><\/span><span class=\"ez-toc-section-end\"><\/span><\/h4>\n<\/div>\n<\/div><\/div><\/div><\/div><div id=\"pgc-1663-12-1\"  class=\"panel-grid-cell\" ><div id=\"panel-1663-12-1-0\" class=\"so-panel widget widget_sow-editor panel-first-child\" data-index=\"33\" ><div class=\"so-rounded panel-widget-style panel-widget-style-for-1663-12-1-0\" ><div\n\t\t\t\n\t\t\tclass=\"so-widget-sow-editor so-widget-sow-editor-base\"\n\t\t\t\n\t\t>\n<div class=\"siteorigin-widget-tinymce textwidget\">\n\t<h4 style=\"text-align: center;\"><span class=\"ez-toc-section\" id=\"KAIROS_SERTANEJA_Kairos_Cancao_Nova_Sertaneja_reune_familias_do_campo_DIA_9_DE_AGOSTO\"><\/span><strong>KAIR\u00d3S SERTANEJA<\/strong><br \/>\nKair\u00f3s Can\u00e7\u00e3o Nova Sertaneja re\u00fane fam\u00edlias do campo<br \/>\n<span style=\"color: #ff6600;\"><strong><span style=\"font-size: 14pt;\">DIA 9 DE AGOSTO<\/span><\/strong><\/span><span class=\"ez-toc-section-end\"><\/span><\/h4>\n<\/div>\n<\/div><\/div><\/div><div id=\"panel-1663-12-1-1\" class=\"so-panel widget widget_sow-editor panel-last-child\" data-index=\"34\" ><div class=\"so-rounded panel-widget-style panel-widget-style-for-1663-12-1-1\" ><div\n\t\t\t\n\t\t\tclass=\"so-widget-sow-editor so-widget-sow-editor-base\"\n\t\t\t\n\t\t>\n<div class=\"siteorigin-widget-tinymce textwidget\">\n\t<h4 style=\"text-align: center;\"><span class=\"ez-toc-section\" id=\"ESCOLA_DE_FORMADORES_Capacitacao_de_lideres_para_acompanhamento_formativo_e_prevencao_de_feridas_e_abusos_DE_27_a_29_DE_AGOSTO\"><\/span><strong>ESCOLA DE FORMADORES<\/strong><br \/>\nCapacita\u00e7\u00e3o de l\u00edderes para acompanhamento formativo e preven\u00e7\u00e3o de feridas e abusos<br \/>\n<span style=\"color: #ff6600;\"><strong><span style=\"font-size: 14pt;\">DE 27 a 29 DE AGOSTO<\/span><\/strong><\/span><span class=\"ez-toc-section-end\"><\/span><\/h4>\n<\/div>\n<\/div><\/div><\/div><\/div><div id=\"pgc-1663-12-2\"  class=\"panel-grid-cell\" ><div id=\"panel-1663-12-2-0\" class=\"so-panel widget widget_sow-editor panel-first-child\" data-index=\"35\" ><div class=\"so-rounded panel-widget-style panel-widget-style-for-1663-12-2-0\" ><div\n\t\t\t\n\t\t\tclass=\"so-widget-sow-editor so-widget-sow-editor-base\"\n\t\t\t\n\t\t>\n<div class=\"siteorigin-widget-tinymce textwidget\">\n\t<h4 style=\"text-align: center;\"><span class=\"ez-toc-section\" id=\"ACAMPAMENTO_DE_CURA_INTERIOR_Viva_experiencia_de_restauracao_e_encontro_com_Deus_DE_14_A_16_DE_AGOSTO\"><\/span><strong>ACAMPAMENTO DE CURA INTERIOR<\/strong><br \/>\nViva experi\u00eancia de restaura\u00e7\u00e3o e encontro com Deus<br \/>\n<span style=\"color: #ff6600;\"><strong><span style=\"font-size: 14pt;\">DE 14 A 16 DE AGOSTO<\/span><\/strong><\/span><span class=\"ez-toc-section-end\"><\/span><\/h4>\n<\/div>\n<\/div><\/div><\/div><div id=\"panel-1663-12-2-1\" class=\"so-panel widget widget_sow-editor panel-last-child\" data-index=\"36\" ><div class=\"so-rounded panel-widget-style panel-widget-style-for-1663-12-2-1\" ><div\n\t\t\t\n\t\t\tclass=\"so-widget-sow-editor so-widget-sow-editor-base\"\n\t\t\t\n\t\t>\n<div class=\"siteorigin-widget-tinymce textwidget\">\n\t<h4 style=\"text-align: center;\"><span class=\"ez-toc-section\" id=\"ACAMPAMENTO_DE_ORACAO_Acampamento_com_Filhos_de_Joao_batista_DE_28_A_30_DE_AGOSTO\"><\/span><strong>ACAMPAMENTO DE ORA\u00c7\u00c3O<\/strong><br \/>\nAcampamento com Filhos de Jo\u00e3o batista<br \/>\n<span style=\"color: #ff6600;\"><strong><span style=\"font-size: 14pt;\">DE 28 A 30 DE AGOSTO<\/span><\/strong><\/span><span class=\"ez-toc-section-end\"><\/span><\/h4>\n<\/div>\n<\/div><\/div><\/div><\/div><\/div><div id=\"pg-1663-13\"  class=\"panel-grid panel-no-style\" ><div id=\"pgc-1663-13-0\"  class=\"panel-grid-cell\" ><div id=\"panel-1663-13-0-0\" class=\"so-panel widget widget_sow-editor panel-first-child panel-last-child\" data-index=\"37\" ><div class=\"panel-widget-style panel-widget-style-for-1663-13-0-0\" ><div\n\t\t\t\n\t\t\tclass=\"so-widget-sow-editor so-widget-sow-editor-base\"\n\t\t\t\n\t\t>\n<div class=\"siteorigin-widget-tinymce textwidget\">\n\t<hr \/>\n<h3><span class=\"ez-toc-section\" id=\"SETEMBRO_2026\"><\/span>SETEMBRO 2026<span class=\"ez-toc-section-end\"><\/span><\/h3>\n<\/div>\n<\/div><\/div><\/div><\/div><\/div><div id=\"pg-1663-14\"  class=\"panel-grid panel-no-style\" ><div id=\"pgc-1663-14-0\"  class=\"panel-grid-cell\" ><div id=\"panel-1663-14-0-0\" class=\"so-panel widget widget_sow-editor panel-first-child\" data-index=\"38\" ><div class=\"so-rounded panel-widget-style panel-widget-style-for-1663-14-0-0\" ><div\n\t\t\t\n\t\t\tclass=\"so-widget-sow-editor so-widget-sow-editor-base\"\n\t\t\t\n\t\t>\n<div class=\"siteorigin-widget-tinymce textwidget\">\n\t<h4 style=\"text-align: center;\"><span class=\"ez-toc-section\" id=\"ACAMPAMENTO_DE_ORACAO_Nosso_acampamento_DE_11_a_13_DE_SETEMBRO\"><\/span><strong>ACAMPAMENTO DE ORA\u00c7\u00c3O<\/strong><br \/>\nNosso acampamento<br \/>\n<span style=\"color: #ff6600;\"><strong><span style=\"font-size: 14pt;\">DE 11 a 13 DE SETEMBRO<\/span><\/strong><\/span><span class=\"ez-toc-section-end\"><\/span><\/h4>\n<\/div>\n<\/div><\/div><\/div><div id=\"panel-1663-14-0-1\" class=\"so-panel widget widget_sow-editor\" data-index=\"39\" ><div class=\"so-rounded panel-widget-style panel-widget-style-for-1663-14-0-1\" ><div\n\t\t\t\n\t\t\tclass=\"so-widget-sow-editor so-widget-sow-editor-base\"\n\t\t\t\n\t\t>\n<div class=\"siteorigin-widget-tinymce textwidget\">\n\t<h4 style=\"text-align: center;\"><span class=\"ez-toc-section\" id=\"ACAMPAMENTO_DE_ORACAO_Congresso_Jovem_DE_18_a_20_DE_SETEMBRO\"><\/span><strong>ACAMPAMENTO DE ORA\u00c7\u00c3O<\/strong><br \/>\nCongresso Jovem<br \/>\n<span style=\"color: #ff6600;\"><strong><span style=\"font-size: 14pt;\">DE 18 a 20 DE SETEMBRO<\/span><\/strong><\/span><span class=\"ez-toc-section-end\"><\/span><\/h4>\n<\/div>\n<\/div><\/div><\/div><div id=\"panel-1663-14-0-2\" class=\"so-panel widget widget_sow-editor panel-last-child\" data-index=\"40\" ><div class=\"so-rounded panel-widget-style panel-widget-style-for-1663-14-0-2\" ><div\n\t\t\t\n\t\t\tclass=\"so-widget-sow-editor so-widget-sow-editor-base\"\n\t\t\t\n\t\t>\n<div class=\"siteorigin-widget-tinymce textwidget\">\n\t<h4 style=\"text-align: center;\"><span class=\"ez-toc-section\" id=\"ACAMPAMENTO_DE_ORACAO_Acampamento_Sao_Miguel_Arcanjo_DE_25_a_27_DE_SETEMBRO\"><\/span><strong>ACAMPAMENTO DE ORA\u00c7\u00c3O<\/strong><br \/>\nAcampamento S\u00e3o Miguel Arcanjo<br \/>\n<span style=\"color: #ff6600;\"><strong><span style=\"font-size: 14pt;\">DE 25 a 27 DE SETEMBRO<\/span><\/strong><\/span><span class=\"ez-toc-section-end\"><\/span><\/h4>\n<\/div>\n<\/div><\/div><\/div><\/div><div id=\"pgc-1663-14-1\"  class=\"panel-grid-cell\" ><div id=\"panel-1663-14-1-0\" class=\"so-panel widget widget_sow-editor panel-first-child\" data-index=\"41\" ><div class=\"so-rounded panel-widget-style panel-widget-style-for-1663-14-1-0\" ><div\n\t\t\t\n\t\t\tclass=\"so-widget-sow-editor so-widget-sow-editor-base\"\n\t\t\t\n\t\t>\n<div class=\"siteorigin-widget-tinymce textwidget\">\n\t<h4 style=\"text-align: center;\"><span class=\"ez-toc-section\" id=\"ACAMPAMENTO_DE_ORACAO_Acampamento_%E2%80%9CNo_combate_da_oracao%E2%80%9D_DE_4_A_7_DE_SETEMBRO\"><\/span><strong>ACAMPAMENTO DE ORA\u00c7\u00c3O<\/strong><br \/>\nAcampamento &#8220;No combate da ora\u00e7\u00e3o&#8221;<br \/>\n<span style=\"color: #ff6600;\"><strong><span style=\"font-size: 14pt;\">DE 4 A 7 DE SETEMBRO<\/span><\/strong><\/span><span class=\"ez-toc-section-end\"><\/span><\/h4>\n<\/div>\n<\/div><\/div><\/div><div id=\"panel-1663-14-1-1\" class=\"so-panel widget widget_sow-editor panel-last-child\" data-index=\"42\" ><div class=\"so-rounded panel-widget-style panel-widget-style-for-1663-14-1-1\" ><div\n\t\t\t\n\t\t\tclass=\"so-widget-sow-editor so-widget-sow-editor-base\"\n\t\t\t\n\t\t>\n<div class=\"siteorigin-widget-tinymce textwidget\">\n\t<h4 style=\"text-align: center;\"><span class=\"ez-toc-section\" id=\"ACAMPAMENTO_DE_ORACAO_Encontro_Grupo_de_Amigos_DE_18_A_20_DE_SETEMBRO\"><\/span><strong>ACAMPAMENTO DE ORA\u00c7\u00c3O<\/strong><br \/>\nEncontro Grupo de Amigos<br \/>\n<span style=\"color: #ff6600;\"><strong><span style=\"font-size: 14pt;\">DE 18 A 20 DE SETEMBRO<\/span><\/strong><\/span><span class=\"ez-toc-section-end\"><\/span><\/h4>\n<\/div>\n<\/div><\/div><\/div><\/div><div id=\"pgc-1663-14-2\"  class=\"panel-grid-cell\" ><div id=\"panel-1663-14-2-0\" class=\"so-panel widget widget_sow-editor panel-first-child\" data-index=\"43\" ><div class=\"so-rounded panel-widget-style panel-widget-style-for-1663-14-2-0\" ><div\n\t\t\t\n\t\t\tclass=\"so-widget-sow-editor so-widget-sow-editor-base\"\n\t\t\t\n\t\t>\n<div class=\"siteorigin-widget-tinymce textwidget\">\n\t<h4 style=\"text-align: center;\"><span class=\"ez-toc-section\" id=\"ACAMPAMENTO_DE_ORACAO_Encontro_movimento_Sacerdotal_Mariano_DE_4_A_6_DE_SETEMBRO\"><\/span><strong>ACAMPAMENTO DE ORA\u00c7\u00c3O<\/strong><br \/>\nEncontro movimento Sacerdotal Mariano<br \/>\n<span style=\"color: #ff6600;\"><strong><span style=\"font-size: 14pt;\">DE 4 A 6 DE SETEMBRO<\/span><\/strong><\/span><span class=\"ez-toc-section-end\"><\/span><\/h4>\n<\/div>\n<\/div><\/div><\/div><div id=\"panel-1663-14-2-1\" class=\"so-panel widget widget_sow-editor panel-last-child\" data-index=\"44\" ><div class=\"so-rounded panel-widget-style panel-widget-style-for-1663-14-2-1\" ><div\n\t\t\t\n\t\t\tclass=\"so-widget-sow-editor so-widget-sow-editor-base\"\n\t\t\t\n\t\t>\n<div class=\"siteorigin-widget-tinymce textwidget\">\n\t<h4 style=\"text-align: center;\"><span class=\"ez-toc-section\" id=\"ACAMPAMENTO_DE_ORACAO_Peregrinacao_no_pedal_C33_DE_18_A_20_DE_SETEMBRO\"><\/span><strong>ACAMPAMENTO DE ORA\u00c7\u00c3O<\/strong><br \/>\nPeregrina\u00e7\u00e3o no pedal C33<br \/>\n<span style=\"color: #ff6600;\"><strong><span style=\"font-size: 14pt;\">DE 18 A 20 DE SETEMBRO<\/span><\/strong><\/span><span class=\"ez-toc-section-end\"><\/span><\/h4>\n<\/div>\n<\/div><\/div><\/div><\/div><\/div><div id=\"pg-1663-15\"  class=\"panel-grid panel-no-style\" ><div id=\"pgc-1663-15-0\"  class=\"panel-grid-cell\" ><div id=\"panel-1663-15-0-0\" class=\"so-panel widget widget_sow-editor panel-first-child panel-last-child\" data-index=\"45\" ><div class=\"panel-widget-style panel-widget-style-for-1663-15-0-0\" ><div\n\t\t\t\n\t\t\tclass=\"so-widget-sow-editor so-widget-sow-editor-base\"\n\t\t\t\n\t\t>\n<div class=\"siteorigin-widget-tinymce textwidget\">\n\t<hr \/>\n<h3><span class=\"ez-toc-section\" id=\"OUTUBRO_2026\"><\/span>OUTUBRO 2026<span class=\"ez-toc-section-end\"><\/span><\/h3>\n<\/div>\n<\/div><\/div><\/div><\/div><\/div><div id=\"pg-1663-16\"  class=\"panel-grid panel-no-style\" ><div id=\"pgc-1663-16-0\"  class=\"panel-grid-cell\" ><div id=\"panel-1663-16-0-0\" class=\"so-panel widget widget_sow-editor panel-first-child\" data-index=\"46\" ><div class=\"so-rounded panel-widget-style panel-widget-style-for-1663-16-0-0\" ><div\n\t\t\t\n\t\t\tclass=\"so-widget-sow-editor so-widget-sow-editor-base\"\n\t\t\t\n\t\t>\n<div class=\"siteorigin-widget-tinymce textwidget\">\n\t<h4 style=\"text-align: center;\"><span class=\"ez-toc-section\" id=\"ACAMPAMENTO_DE_ORACAO_Acampamento_Cancao_Nova_Kids_DE_9_a_11_DE_OUTUBRO\"><\/span><strong>ACAMPAMENTO DE ORA\u00c7\u00c3O<\/strong><br \/>\nAcampamento Can\u00e7\u00e3o Nova Kids<br \/>\n<span style=\"color: #ff6600;\"><strong><span style=\"font-size: 14pt;\">DE 9 a 11 DE OUTUBRO<\/span><\/strong><\/span><span class=\"ez-toc-section-end\"><\/span><\/h4>\n<\/div>\n<\/div><\/div><\/div><div id=\"panel-1663-16-0-1\" class=\"so-panel widget widget_sow-editor panel-last-child\" data-index=\"47\" ><div class=\"so-rounded panel-widget-style panel-widget-style-for-1663-16-0-1\" ><div\n\t\t\t\n\t\t\tclass=\"so-widget-sow-editor so-widget-sow-editor-base\"\n\t\t\t\n\t\t>\n<div class=\"siteorigin-widget-tinymce textwidget\">\n\t<h4 style=\"text-align: center;\"><span class=\"ez-toc-section\" id=\"ACAMPAMENTO_DE_ORACAO_Acampamento_Secreto_DE_30_DE_OUTUBRO_A_1_DE_NOVEMBRO\"><\/span><strong>ACAMPAMENTO DE ORA\u00c7\u00c3O<\/strong><br \/>\nAcampamento Secreto<br \/>\n<span style=\"color: #ff6600;\"><strong><span style=\"font-size: 14pt;\">DE 30 DE OUTUBRO A 1 DE NOVEMBRO<\/span><\/strong><\/span><span class=\"ez-toc-section-end\"><\/span><\/h4>\n<\/div>\n<\/div><\/div><\/div><\/div><div id=\"pgc-1663-16-1\"  class=\"panel-grid-cell\" ><div id=\"panel-1663-16-1-0\" class=\"so-panel widget widget_sow-editor panel-first-child panel-last-child\" data-index=\"48\" ><div class=\"so-rounded panel-widget-style panel-widget-style-for-1663-16-1-0\" ><div\n\t\t\t\n\t\t\tclass=\"so-widget-sow-editor so-widget-sow-editor-base\"\n\t\t\t\n\t\t>\n<div class=\"siteorigin-widget-tinymce textwidget\">\n\t<h4 style=\"text-align: center;\"><span class=\"ez-toc-section\" id=\"CURA_E_LIBERTACAO_Acampamento_de_Cura_e_Libertacao_DE_15_A_18_DE_OUTUBRO\"><\/span><strong>CURA E LIBERTA\u00c7\u00c3O<\/strong><br \/>\nAcampamento de Cura e Liberta\u00e7\u00e3o<br \/>\n<span style=\"color: #ff6600;\"><strong><span style=\"font-size: 14pt;\">DE 15 A 18 DE OUTUBRO<\/span><\/strong><\/span><span class=\"ez-toc-section-end\"><\/span><\/h4>\n<\/div>\n<\/div><\/div><\/div><\/div><div id=\"pgc-1663-16-2\"  class=\"panel-grid-cell\" ><div id=\"panel-1663-16-2-0\" class=\"so-panel widget widget_sow-editor panel-first-child panel-last-child\" data-index=\"49\" ><div class=\"so-rounded panel-widget-style panel-widget-style-for-1663-16-2-0\" ><div\n\t\t\t\n\t\t\tclass=\"so-widget-sow-editor so-widget-sow-editor-base\"\n\t\t\t\n\t\t>\n<div class=\"siteorigin-widget-tinymce textwidget\">\n\t<h4 style=\"text-align: center;\"><span class=\"ez-toc-section\" id=\"ACAMPAMENTO_DE_ORACAO_Acampamento_a_cura_dos_traumas_da_morte_DE_30_DE_OUTUBRO_A_2_DE_NOVEMBRO\"><\/span><strong>ACAMPAMENTO DE ORA\u00c7\u00c3O<\/strong><br \/>\nAcampamento a cura dos traumas da morte<br \/>\n<span style=\"color: #ff6600;\"><strong><span style=\"font-size: 14pt;\">DE 30 DE OUTUBRO A 2 DE NOVEMBRO<\/span><\/strong><\/span><span class=\"ez-toc-section-end\"><\/span><\/h4>\n<\/div>\n<\/div><\/div><\/div><\/div><\/div><div id=\"pg-1663-17\"  class=\"panel-grid panel-no-style\" ><div id=\"pgc-1663-17-0\"  class=\"panel-grid-cell\" ><div id=\"panel-1663-17-0-0\" class=\"so-panel widget widget_sow-editor panel-first-child panel-last-child\" data-index=\"50\" ><div class=\"panel-widget-style panel-widget-style-for-1663-17-0-0\" ><div\n\t\t\t\n\t\t\tclass=\"so-widget-sow-editor so-widget-sow-editor-base\"\n\t\t\t\n\t\t>\n<div class=\"siteorigin-widget-tinymce textwidget\">\n\t<hr \/>\n<h3><span class=\"ez-toc-section\" id=\"NOVEMBRO_2026\"><\/span>NOVEMBRO 2026<span class=\"ez-toc-section-end\"><\/span><\/h3>\n<\/div>\n<\/div><\/div><\/div><\/div><\/div><div id=\"pg-1663-18\"  class=\"panel-grid panel-no-style\" ><div id=\"pgc-1663-18-0\"  class=\"panel-grid-cell\" ><div id=\"panel-1663-18-0-0\" class=\"so-panel widget widget_sow-editor panel-first-child\" data-index=\"51\" ><div class=\"so-rounded panel-widget-style panel-widget-style-for-1663-18-0-0\" ><div\n\t\t\t\n\t\t\tclass=\"so-widget-sow-editor so-widget-sow-editor-base\"\n\t\t\t\n\t\t>\n<div class=\"siteorigin-widget-tinymce textwidget\">\n\t<h4 style=\"text-align: center;\"><span class=\"ez-toc-section\" id=\"ACAMPAMENTO_DE_ORACAO_Cancao_Nova_Sertaneja_DE_6_A_8_DE_NOVEMBRO\"><\/span><strong>ACAMPAMENTO DE ORA\u00c7\u00c3O<\/strong><br \/>\nCan\u00e7\u00e3o Nova Sertaneja<br \/>\n<span style=\"color: #ff6600;\"><strong><span style=\"font-size: 14pt;\">DE 6 A 8 DE NOVEMBRO<\/span><\/strong><\/span><span class=\"ez-toc-section-end\"><\/span><\/h4>\n<\/div>\n<\/div><\/div><\/div><div id=\"panel-1663-18-0-1\" class=\"so-panel widget widget_sow-editor panel-last-child\" data-index=\"52\" ><div class=\"so-rounded panel-widget-style panel-widget-style-for-1663-18-0-1\" ><div\n\t\t\t\n\t\t\tclass=\"so-widget-sow-editor so-widget-sow-editor-base\"\n\t\t\t\n\t\t>\n<div class=\"siteorigin-widget-tinymce textwidget\">\n\t<h4 style=\"text-align: center;\"><span class=\"ez-toc-section\" id=\"ACAMPAMENTO_DE_ORACAO_Acampamento_para_musicos_DE_20_A_22_DE_NOVEMBRO\"><\/span><strong>ACAMPAMENTO DE ORA\u00c7\u00c3O<\/strong><br \/>\nAcampamento para m\u00fasicos<br \/>\n<span style=\"color: #ff6600;\"><strong><span style=\"font-size: 14pt;\">DE 20 A 22 DE NOVEMBRO<\/span><\/strong><\/span><span class=\"ez-toc-section-end\"><\/span><\/h4>\n<\/div>\n<\/div><\/div><\/div><\/div><div id=\"pgc-1663-18-1\"  class=\"panel-grid-cell\" ><div id=\"panel-1663-18-1-0\" class=\"so-panel widget widget_sow-editor panel-first-child\" data-index=\"53\" ><div class=\"so-rounded panel-widget-style panel-widget-style-for-1663-18-1-0\" ><div\n\t\t\t\n\t\t\tclass=\"so-widget-sow-editor so-widget-sow-editor-base\"\n\t\t\t\n\t\t>\n<div class=\"siteorigin-widget-tinymce textwidget\">\n\t<h4 style=\"text-align: center;\"><span class=\"ez-toc-section\" id=\"ACAMPAMENTO_DE_ORACAO_Congresso_Nacional_do_Charis_DE_13_A_15_DE_NOVEMBRO\"><\/span><strong>ACAMPAMENTO DE ORA\u00c7\u00c3O<\/strong><br \/>\nCongresso Nacional do Charis<br \/>\n<span style=\"color: #ff6600;\"><strong><span style=\"font-size: 14pt;\">DE 13 A 15 DE NOVEMBRO<\/span><\/strong><\/span><span class=\"ez-toc-section-end\"><\/span><\/h4>\n<\/div>\n<\/div><\/div><\/div><div id=\"panel-1663-18-1-1\" class=\"so-panel widget widget_sow-editor panel-last-child\" data-index=\"54\" ><div class=\"so-rounded panel-widget-style panel-widget-style-for-1663-18-1-1\" ><div\n\t\t\t\n\t\t\tclass=\"so-widget-sow-editor so-widget-sow-editor-base\"\n\t\t\t\n\t\t>\n<div class=\"siteorigin-widget-tinymce textwidget\">\n\t<h4 style=\"text-align: center;\"><span class=\"ez-toc-section\" id=\"ACAMPAMENTO_DE_ORACAO_Summer_Beats_DE_28_A_29_DE_NOVEMBRO\"><\/span><strong>ACAMPAMENTO DE ORA\u00c7\u00c3O<\/strong><br \/>\nSummer Beats<br \/>\n<span style=\"color: #ff6600;\"><strong><span style=\"font-size: 14pt;\">DE 28 A 29 DE NOVEMBRO<\/span><\/strong><\/span><span class=\"ez-toc-section-end\"><\/span><\/h4>\n<\/div>\n<\/div><\/div><\/div><\/div><div id=\"pgc-1663-18-2\"  class=\"panel-grid-cell\" ><div id=\"panel-1663-18-2-0\" class=\"so-panel widget widget_sow-editor panel-first-child panel-last-child\" data-index=\"55\" ><div class=\"so-rounded panel-widget-style panel-widget-style-for-1663-18-2-0\" ><div\n\t\t\t\n\t\t\tclass=\"so-widget-sow-editor so-widget-sow-editor-base\"\n\t\t\t\n\t\t>\n<div class=\"siteorigin-widget-tinymce textwidget\">\n\t<h4 style=\"text-align: center;\"><span class=\"ez-toc-section\" id=\"ACAMPAMENTO_DE_ORACAO_Aprofundamento_dos_jovens_sarados_DE_19_A_22_DE_NOVEMBRO\"><\/span><strong>ACAMPAMENTO DE ORA\u00c7\u00c3O<\/strong><br \/>\nAprofundamento dos jovens sarados<br \/>\n<span style=\"color: #ff6600;\"><strong><span style=\"font-size: 14pt;\">DE 19 A 22 DE NOVEMBRO<\/span><\/strong><\/span><span class=\"ez-toc-section-end\"><\/span><\/h4>\n<\/div>\n<\/div><\/div><\/div><\/div><\/div><div id=\"pg-1663-19\"  class=\"panel-grid panel-no-style\" ><div id=\"pgc-1663-19-0\"  class=\"panel-grid-cell\" ><div id=\"panel-1663-19-0-0\" class=\"so-panel widget widget_sow-editor panel-first-child panel-last-child\" data-index=\"56\" ><div class=\"panel-widget-style panel-widget-style-for-1663-19-0-0\" ><div\n\t\t\t\n\t\t\tclass=\"so-widget-sow-editor so-widget-sow-editor-base\"\n\t\t\t\n\t\t>\n<div class=\"siteorigin-widget-tinymce textwidget\">\n\t<hr \/>\n<h3><span class=\"ez-toc-section\" id=\"DEZEMBRO_2026\"><\/span>DEZEMBRO 2026<span class=\"ez-toc-section-end\"><\/span><\/h3>\n<\/div>\n<\/div><\/div><\/div><\/div><\/div><div id=\"pg-1663-20\"  class=\"panel-grid panel-no-style\" ><div id=\"pgc-1663-20-0\"  class=\"panel-grid-cell\" ><div id=\"panel-1663-20-0-0\" class=\"so-panel widget widget_sow-editor panel-first-child\" data-index=\"57\" ><div class=\"so-rounded panel-widget-style panel-widget-style-for-1663-20-0-0\" ><div\n\t\t\t\n\t\t\tclass=\"so-widget-sow-editor so-widget-sow-editor-base\"\n\t\t\t\n\t\t>\n<div class=\"siteorigin-widget-tinymce textwidget\">\n\t<h4 style=\"text-align: center;\"><span class=\"ez-toc-section\" id=\"ACAMPAMENTO_DE_ORACAO_Acampamento_Maranatha_DE_4_A_6_DE_DEZEMBRO\"><\/span><strong>ACAMPAMENTO DE ORA\u00c7\u00c3O<\/strong><br \/>\nAcampamento Maranath\u00e1<br \/>\n<span style=\"color: #ff6600;\"><strong><span style=\"font-size: 14pt;\">DE 4 A 6 DE DEZEMBRO<\/span><\/strong><\/span><span class=\"ez-toc-section-end\"><\/span><\/h4>\n<\/div>\n<\/div><\/div><\/div><div id=\"panel-1663-20-0-1\" class=\"so-panel widget widget_sow-editor panel-last-child\" data-index=\"58\" ><div class=\"so-rounded panel-widget-style panel-widget-style-for-1663-20-0-1\" ><div\n\t\t\t\n\t\t\tclass=\"so-widget-sow-editor so-widget-sow-editor-base\"\n\t\t\t\n\t\t>\n<div class=\"siteorigin-widget-tinymce textwidget\">\n\t<h4 style=\"text-align: center;\"><span class=\"ez-toc-section\" id=\"ACAMPAMENTO_DE_ORACAO_Kairos_Aguenta_Firme_20_DE_DEZEMBRO\"><\/span><strong>ACAMPAMENTO DE ORA\u00c7\u00c3O<\/strong><br \/>\nKair\u00f3s Aguenta Firme<br \/>\n<span style=\"color: #ff6600;\"><strong><span style=\"font-size: 14pt;\">20 DE DEZEMBRO<\/span><\/strong><\/span><span class=\"ez-toc-section-end\"><\/span><\/h4>\n<\/div>\n<\/div><\/div><\/div><\/div><div id=\"pgc-1663-20-1\"  class=\"panel-grid-cell\" ><div id=\"panel-1663-20-1-0\" class=\"so-panel widget widget_sow-editor panel-first-child\" data-index=\"59\" ><div class=\"so-rounded panel-widget-style panel-widget-style-for-1663-20-1-0\" ><div\n\t\t\t\n\t\t\tclass=\"so-widget-sow-editor so-widget-sow-editor-base\"\n\t\t\t\n\t\t>\n<div class=\"siteorigin-widget-tinymce textwidget\">\n\t<h4 style=\"text-align: center;\"><span class=\"ez-toc-section\" id=\"ACAMPAMENTO_DE_ORACAO_Hosana_Brasil_DE_10_A_13_DE_DEZEMBRO\"><\/span><strong>ACAMPAMENTO DE ORA\u00c7\u00c3O<\/strong><br \/>\nHosana Brasil<br \/>\n<span style=\"color: #ff6600;\"><strong><span style=\"font-size: 14pt;\">DE 10 A 13 DE DEZEMBRO<\/span><\/strong><\/span><span class=\"ez-toc-section-end\"><\/span><\/h4>\n<\/div>\n<\/div><\/div><\/div><div id=\"panel-1663-20-1-1\" class=\"so-panel widget widget_sow-editor panel-last-child\" data-index=\"60\" ><div class=\"so-rounded panel-widget-style panel-widget-style-for-1663-20-1-1\" ><div\n\t\t\t\n\t\t\tclass=\"so-widget-sow-editor so-widget-sow-editor-base\"\n\t\t\t\n\t\t>\n<div class=\"siteorigin-widget-tinymce textwidget\">\n\t<h4 style=\"text-align: center;\"><span class=\"ez-toc-section\" id=\"ACAMPAMENTO_DE_ORACAO_Acampamento_de_Ano_Novo_DE_31_DE_DEZEMBRO_A_3_DE_JANEIRO\"><\/span><strong>ACAMPAMENTO DE ORA\u00c7\u00c3O<\/strong><br \/>\nAcampamento de Ano Novo<br \/>\n<span style=\"color: #ff6600;\"><strong><span style=\"font-size: 14pt;\">DE 31 DE DEZEMBRO A 3 DE JANEIRO<\/span><\/strong><\/span><span class=\"ez-toc-section-end\"><\/span><\/h4>\n<\/div>\n<\/div><\/div><\/div><\/div><div id=\"pgc-1663-20-2\"  class=\"panel-grid-cell\" ><div id=\"panel-1663-20-2-0\" class=\"so-panel widget widget_sow-editor panel-first-child panel-last-child\" data-index=\"61\" ><div class=\"so-rounded panel-widget-style panel-widget-style-for-1663-20-2-0\" ><div\n\t\t\t\n\t\t\tclass=\"so-widget-sow-editor so-widget-sow-editor-base\"\n\t\t\t\n\t\t>\n<div class=\"siteorigin-widget-tinymce textwidget\">\n\t<h4 style=\"text-align: center;\"><span class=\"ez-toc-section\" id=\"ACAMPAMENTO_DE_ORACAO_Cantata_de_Natal_19_DE_DEZEMBRO\"><\/span><strong>ACAMPAMENTO DE ORA\u00c7\u00c3O<\/strong><br \/>\nCantata de Natal<br \/>\n<span style=\"color: #ff6600;\"><strong><span style=\"font-size: 14pt;\">19 DE DEZEMBRO<\/span><\/strong><\/span><span class=\"ez-toc-section-end\"><\/span><\/h4>\n<\/div>\n<\/div><\/div><\/div><\/div><\/div><div id=\"pg-1663-21\"  class=\"panel-grid panel-no-style\" ><div id=\"pgc-1663-21-0\"  class=\"panel-grid-cell\" ><div id=\"panel-1663-21-0-0\" class=\"so-panel widget widget_sow-editor panel-first-child panel-last-child\" data-index=\"62\" ><div\n\t\t\t\n\t\t\tclass=\"so-widget-sow-editor so-widget-sow-editor-base\"\n\t\t\t\n\t\t>\n<div class=\"siteorigin-widget-tinymce textwidget\">\n\t<hr \/>\n<p style=\"text-align: center;\"><span style=\"font-size: 8pt;\"><a href=\"https:\/\/museudigitalcp.com.br\/portaltur\/\">P\u00c1GINA PRINCIPAL<\/a> \u2502 <a href=\"https:\/\/museudigitalcp.com.br\/portaltur\/como-chegar-a-cancao-nova\/\">COMO CHEGAR \u00c0 CAN\u00c7\u00c3O NOVA<\/a> \u2502 <a href=\"https:\/\/museudigitalcp.com.br\/portaltur\/peregrinacao-na-cancao-nova\/\">PEREGRINA\u00c7\u00c3O<\/a> \u2502 <a href=\"https:\/\/museudigitalcp.com.br\/portaltur\/guia-completo-do-turista-na-cancao-nova\/\">GUIA DO TURISTA NA CAN\u00c7\u00c3O NOVA<\/a> \u2502 <a href=\"https:\/\/museudigitalcp.com.br\/portaltur\/faq-perguntas-frequentes\/\">FAQ - PERGUNTAS FREQUENTES<\/a><\/span><\/p>\n<hr \/>\n<\/div>\n<\/div><\/div><\/div><\/div><\/div><div id=\"ez-toc-container\" class=\"ez-toc-v2_0_87 counter-hierarchy ez-toc-counter ez-toc-custom ez-toc-container-direction\">\n<div class=\"ez-toc-title-container\">\n<p class=\"ez-toc-title\" style=\"cursor:inherit\">Resumo<\/p>\n<span class=\"ez-toc-title-toggle\"><a href=\"#\" class=\"ez-toc-pull-right ez-toc-btn ez-toc-btn-xs ez-toc-btn-default ez-toc-toggle\" aria-label=\"Alternar tabela de conte\u00fado\"><span class=\"ez-toc-js-icon-con\"><span class=\"\"><span class=\"eztoc-hide\" style=\"display:none;\">Toggle<\/span><span class=\"ez-toc-icon-toggle-span\"><svg style=\"fill: #05006b;color:#05006b\" xmlns=\"http:\/\/www.w3.org\/2000\/svg\" class=\"list-377408\" width=\"20px\" height=\"20px\" viewBox=\"0 0 24 24\" fill=\"none\"><path d=\"M6 6H4v2h2V6zm14 0H8v2h12V6zM4 11h2v2H4v-2zm16 0H8v2h12v-2zM4 16h2v2H4v-2zm16 0H8v2h12v-2z\" fill=\"currentColor\"><\/path><\/svg><svg style=\"fill: #05006b;color:#05006b\" class=\"arrow-unsorted-368013\" xmlns=\"http:\/\/www.w3.org\/2000\/svg\" width=\"10px\" height=\"10px\" viewBox=\"0 0 24 24\" version=\"1.2\" baseProfile=\"tiny\"><path d=\"M18.2 9.3l-6.2-6.3-6.2 6.3c-.2.2-.3.4-.3.7s.1.5.3.7c.2.2.4.3.7.3h11c.3 0 .5-.1.7-.3.2-.2.3-.5.3-.7s-.1-.5-.3-.7zM5.8 14.7l6.2 6.3 6.2-6.3c.2-.2.3-.5.3-.7s-.1-.5-.3-.7c-.2-.2-.4-.3-.7-.3h-11c-.3 0-.5.1-.7.3-.2.2-.3.5-.3.7s.1.5.3.7z\"\/><\/svg><\/span><\/span><\/span><\/a><\/span><\/div>\n<nav><ul class='ez-toc-list ez-toc-list-level-1 eztoc-toggle-hide-by-default' ><li class='ez-toc-page-1 ez-toc-heading-level-1'><a class=\"ez-toc-link ez-toc-heading-1\" href=\"https:\/\/museudigitalcp.com.br\/portaltur\/agenda-cancao-nova-2026\/#Agenda_de_eventos_da_Cancao_Nova_%E2%80%93_2026\" >Agenda de eventos da Can\u00e7\u00e3o Nova &#8211; 2026<\/a><ul class='ez-toc-list-level-2' ><li class='ez-toc-heading-level-2'><a class=\"ez-toc-link ez-toc-heading-2\" href=\"https:\/\/museudigitalcp.com.br\/portaltur\/agenda-cancao-nova-2026\/#Confira_a_agenda_de_eventos_da_Cancao_Nova_de_2026_faca_a_programacao_da_sua_viagem_com_antecedencia_reserve_sua_hospedagem_em_nosso_site_e_viva_momentos_unicos_de_fe_e_devocao\" >Confira a agenda de eventos da Can\u00e7\u00e3o Nova de 2026, fa\u00e7a a programa\u00e7\u00e3o da sua viagem com anteced\u00eancia, reserve sua hospedagem em nosso site e viva momentos \u00fanicos de f\u00e9 e devo\u00e7\u00e3o.<\/a><ul class='ez-toc-list-level-3' ><li class='ez-toc-heading-level-3'><a class=\"ez-toc-link ez-toc-heading-3\" href=\"https:\/\/museudigitalcp.com.br\/portaltur\/agenda-cancao-nova-2026\/#MARCO_2026\" >MAR\u00c7O 2026<\/a><ul class='ez-toc-list-level-4' ><li class='ez-toc-heading-level-4'><a class=\"ez-toc-link ez-toc-heading-4\" href=\"https:\/\/museudigitalcp.com.br\/portaltur\/agenda-cancao-nova-2026\/#ACAMPAMENTO_DE_CURA_E_LIBERTACAO_Permita_que_Deus_cure_e_restaure_as_areas_da_sua_vida_DE_13_a_15_DE_MARCO\" >ACAMPAMENTO DE CURA E LIBERTA\u00c7\u00c3O \nPermita que Deus cure e restaure as \u00e1reas da sua vida \nDE 13 a 15 DE MAR\u00c7O<\/a><\/li><li class='ez-toc-page-1 ez-toc-heading-level-4'><a class=\"ez-toc-link ez-toc-heading-5\" href=\"https:\/\/museudigitalcp.com.br\/portaltur\/agenda-cancao-nova-2026\/#ACAMPAMENTO_DE_SAO_JOSE_Com_a_presenca_internacional_do_Padre_Donald_Calloway_DE_19_a_22_DE_MARCO\" >ACAMPAMENTO DE S\u00c3O JOS\u00c9 \nCom a presen\u00e7a internacional do Padre Donald Calloway \nDE 19 a 22 DE MAR\u00c7O<\/a><\/li><li class='ez-toc-page-1 ez-toc-heading-level-4'><a class=\"ez-toc-link ez-toc-heading-6\" href=\"https:\/\/museudigitalcp.com.br\/portaltur\/agenda-cancao-nova-2026\/#KAIROS_%E2%80%93_DOMINGO_DE_RAMOS_Domingo_de_Ramos_abrindo_a_Semana_Santa_na_Cancao_Nova_29_DE_MARCO\" >KAIR\u00d3S &#8211; DOMINGO DE RAMOS \nDomingo de Ramos abrindo a Semana Santa na Can\u00e7\u00e3o Nova \n29 DE MAR\u00c7O<\/a><\/li><\/ul><\/li><li class='ez-toc-page-1 ez-toc-heading-level-3'><a class=\"ez-toc-link ez-toc-heading-7\" href=\"https:\/\/museudigitalcp.com.br\/portaltur\/agenda-cancao-nova-2026\/#ABRIL_2026\" >ABRIL 2026<\/a><ul class='ez-toc-list-level-4' ><li class='ez-toc-heading-level-4'><a class=\"ez-toc-link ez-toc-heading-8\" href=\"https:\/\/museudigitalcp.com.br\/portaltur\/agenda-cancao-nova-2026\/#ACAMPAMENTO_SEMANA_SANTA_Meditacao_do_misterio_da_Paixao_Morte_e_Ressurreicao_de_Cristo_DE_2_a_5_DE_ABRIL\" >ACAMPAMENTO SEMANA SANTA \nMedita\u00e7\u00e3o do mist\u00e9rio da Paix\u00e3o, Morte e Ressurrei\u00e7\u00e3o de Cristo \nDE 2 a 5 DE ABRIL<\/a><\/li><li class='ez-toc-page-1 ez-toc-heading-level-4'><a class=\"ez-toc-link ez-toc-heading-9\" href=\"https:\/\/museudigitalcp.com.br\/portaltur\/agenda-cancao-nova-2026\/#ACAMPAMENTO_JOVENS_SARADOS_Dias_intensos_de_cura_oracao_e_experiencia_profunda_com_Deus_DE_24_a_26_DE_ABRIL\" >ACAMPAMENTO JOVENS SARADOS \nDias intensos de cura, ora\u00e7\u00e3o e experi\u00eancia profunda com Deus! \nDE 24 a 26 DE ABRIL<\/a><\/li><li class='ez-toc-page-1 ez-toc-heading-level-4'><a class=\"ez-toc-link ez-toc-heading-10\" href=\"https:\/\/museudigitalcp.com.br\/portaltur\/agenda-cancao-nova-2026\/#FESTA_DA_MISERICORDIA_Com_o_tema_%E2%80%9CConcedereis_gracas_ainda_maiores%E2%80%9D_Festa_da_Misericordia_reune_fieis_na_Cancao_Nova_DE_9_a_12_DE_ABRIL\" >FESTA DA MISERIC\u00d3RDIA \nCom o tema \u201cConcedereis gra\u00e7as ainda maiores\u201d, Festa da Miseric\u00f3rdia re\u00fane fi\u00e9is na Can\u00e7\u00e3o Nova \nDE 9 a 12 DE ABRIL<\/a><\/li><li class='ez-toc-page-1 ez-toc-heading-level-4'><a class=\"ez-toc-link ez-toc-heading-11\" href=\"https:\/\/museudigitalcp.com.br\/portaltur\/agenda-cancao-nova-2026\/#ENCONTRO_NACIONAL_DOS_DIACONOS_Encontro_Nacional_dos_Diaconos_acontece_na_Cancao_Nova_DE_24_a_26_DE_ABRIL\" >ENCONTRO NACIONAL DOS DI\u00c1CONOS \nEncontro Nacional dos Di\u00e1conos acontece na Can\u00e7\u00e3o Nova \nDE 24 a 26 DE ABRIL<\/a><\/li><li class='ez-toc-page-1 ez-toc-heading-level-4'><a class=\"ez-toc-link ez-toc-heading-12\" href=\"https:\/\/museudigitalcp.com.br\/portaltur\/agenda-cancao-nova-2026\/#MAES_QUE_ORAM_PELOS_FILHOS_Cidade_das_Maes_2026_destaca_a_Eucaristia_como_encontro_vivo_com_Cristo_16_A_19_DE_ABRIL\" >M\u00c3ES QUE ORAM PELOS FILHOS \nCidade das M\u00e3es 2026 destaca a Eucaristia como encontro vivo com Cristo \n16 A 19 DE ABRIL<\/a><\/li><li class='ez-toc-page-1 ez-toc-heading-level-4'><a class=\"ez-toc-link ez-toc-heading-13\" href=\"https:\/\/museudigitalcp.com.br\/portaltur\/agenda-cancao-nova-2026\/#ACAMPAMENTO_MARIANO_Acampamento_Mariano_com_o_tema_%E2%80%9CDai-nos_a_bencao%E2%80%9D_DE_30_DE_ABRIL_A_3_DE_MAIO\" >ACAMPAMENTO MARIANO \nAcampamento Mariano com o tema \u201cDai-nos a b\u00ean\u00e7\u00e3o!&#8221; \nDE 30 DE ABRIL A 3 DE MAIO<\/a><\/li><\/ul><\/li><li class='ez-toc-page-1 ez-toc-heading-level-3'><a class=\"ez-toc-link ez-toc-heading-14\" href=\"https:\/\/museudigitalcp.com.br\/portaltur\/agenda-cancao-nova-2026\/#MAIO_2026\" >MAIO 2026<\/a><ul class='ez-toc-list-level-4' ><li class='ez-toc-heading-level-4'><a class=\"ez-toc-link ez-toc-heading-15\" href=\"https:\/\/museudigitalcp.com.br\/portaltur\/agenda-cancao-nova-2026\/#ACAMPAMENTO_DE_ORACAO_Festa_das_Tendas_DE_15_a_17_DE_MAIO\" >ACAMPAMENTO DE ORA\u00c7\u00c3O \nFesta das Tendas \nDE 15 a 17 DE MAIO<\/a><\/li><li class='ez-toc-page-1 ez-toc-heading-level-4'><a class=\"ez-toc-link ez-toc-heading-16\" href=\"https:\/\/museudigitalcp.com.br\/portaltur\/agenda-cancao-nova-2026\/#FESTA_DO_PAI_DAS_MISERICORDIAS_Celebracao_do_amor_de_Deus_na_sede_da_Comunidade_Cancao_Nova_DE_29_a_31_DE_MAIO\" >FESTA DO PAI DAS MISERIC\u00d3RDIAS \nCelebra\u00e7\u00e3o do amor de Deus na sede da Comunidade Can\u00e7\u00e3o Nova \nDE 29 a 31 DE MAIO<\/a><\/li><li class='ez-toc-page-1 ez-toc-heading-level-4'><a class=\"ez-toc-link ez-toc-heading-17\" href=\"https:\/\/museudigitalcp.com.br\/portaltur\/agenda-cancao-nova-2026\/#SEXUALIDADE_E_EDUCACAO_DOS_FILHOS_Educar_no_tempo_das_perguntas_dificeis_um_chamado_a_formacao_dos_pais_e_educadores_15_DE_MAIO_%E2%80%93_19H00\" >SEXUALIDADE E EDUCA\u00c7\u00c3O DOS FILHOS \nEducar no tempo das perguntas dif\u00edceis: um chamado \u00e0 forma\u00e7\u00e3o dos pais e educadores \n15 DE MAIO &#8211; 19H00<\/a><\/li><li class='ez-toc-page-1 ez-toc-heading-level-4'><a class=\"ez-toc-link ez-toc-heading-18\" href=\"https:\/\/museudigitalcp.com.br\/portaltur\/agenda-cancao-nova-2026\/#ACAMPAMENTO_DE_PENTECOSTES_Convite_a_uma_profunda_experiencia_com_o_Espirito_Santo_DE_21_A_24_DE_MAIO\" >ACAMPAMENTO DE PENTECOSTES \nConvite a uma profunda experi\u00eancia com o Esp\u00edrito Santo \nDE 21 A 24 DE MAIO<\/a><\/li><\/ul><\/li><li class='ez-toc-page-1 ez-toc-heading-level-3'><a class=\"ez-toc-link ez-toc-heading-19\" href=\"https:\/\/museudigitalcp.com.br\/portaltur\/agenda-cancao-nova-2026\/#JUNHO_2026\" >JUNHO 2026<\/a><ul class='ez-toc-list-level-4' ><li class='ez-toc-heading-level-4'><a class=\"ez-toc-link ez-toc-heading-20\" href=\"https:\/\/museudigitalcp.com.br\/portaltur\/agenda-cancao-nova-2026\/#ACAMPAMENTO_DE_CORPUS_CHRISTI_Um_convite_aos_fieis_a_viver_uma_profunda_experiencia_com_Jesus_Eucaristico_DE_04_a_07_DE_JUNHO\" >ACAMPAMENTO DE CORPUS CHRISTI \nUm convite aos fi\u00e9is a viver uma profunda experi\u00eancia com Jesus Eucar\u00edstico \nDE 04 a 07 DE JUNHO<\/a><\/li><li class='ez-toc-page-1 ez-toc-heading-level-4'><a class=\"ez-toc-link ez-toc-heading-21\" href=\"https:\/\/museudigitalcp.com.br\/portaltur\/agenda-cancao-nova-2026\/#ACAMPAMENTO_SARA_E_TOBIAS_Homens_e_mulheres_sao_convidados_ao_Acampamento_Sara_e_Tobias_na_Cancao_Nova_DE_19_a_21_DE_JUNHO\" >ACAMPAMENTO SARA E TOBIAS \nHomens e mulheres s\u00e3o convidados ao Acampamento Sara e Tobias na Can\u00e7\u00e3o Nova \nDE 19 a 21 DE JUNHO<\/a><\/li><li class='ez-toc-page-1 ez-toc-heading-level-4'><a class=\"ez-toc-link ez-toc-heading-22\" href=\"https:\/\/museudigitalcp.com.br\/portaltur\/agenda-cancao-nova-2026\/#ACAMPAMENTO_DE_ORACAO_Acampamento_na_trilha_da_cura_DE_12_A_14_DE_JUNHO\" >ACAMPAMENTO DE ORA\u00c7\u00c3O \nAcampamento na trilha da cura \nDE 12 A 14 DE JUNHO<\/a><\/li><li class='ez-toc-page-1 ez-toc-heading-level-4'><a class=\"ez-toc-link ez-toc-heading-23\" href=\"https:\/\/museudigitalcp.com.br\/portaltur\/agenda-cancao-nova-2026\/#ACAMPAMENTO_FE_E_MILAGRES_Acampamento_Fe_e_Milagres_convida_fieis_a_confiar_na_acao_de_Deus_DE_26_a_28_DE_JUNHO\" >ACAMPAMENTO F\u00c9 E MILAGRES \nAcampamento F\u00e9 e Milagres convida fi\u00e9is a confiar na a\u00e7\u00e3o de Deus \nDE 26 a 28 DE JUNHO<\/a><\/li><li class='ez-toc-page-1 ez-toc-heading-level-4'><a class=\"ez-toc-link ez-toc-heading-24\" href=\"https:\/\/museudigitalcp.com.br\/portaltur\/agenda-cancao-nova-2026\/#ACAMPAMENTO_DE_ORACAO_Acampamento_a_libertacao_de_espiritos_amlignos_DE_12_A_14_DE_JUNHO\" >ACAMPAMENTO DE ORA\u00c7\u00c3O \nAcampamento a liberta\u00e7\u00e3o de esp\u00edritos amlignos \nDE 12 A 14 DE JUNHO<\/a><\/li><\/ul><\/li><li class='ez-toc-page-1 ez-toc-heading-level-3'><a class=\"ez-toc-link ez-toc-heading-25\" href=\"https:\/\/museudigitalcp.com.br\/portaltur\/agenda-cancao-nova-2026\/#JULHO_2026\" >JULHO 2026<\/a><ul class='ez-toc-list-level-4' ><li class='ez-toc-heading-level-4'><a class=\"ez-toc-link ez-toc-heading-26\" href=\"https:\/\/museudigitalcp.com.br\/portaltur\/agenda-cancao-nova-2026\/#ACAMPAMENTO_DE_ORACAO_Acampamento_Obra_de_Maria_DE_3_a_5_DE_JULHO\" >ACAMPAMENTO DE ORA\u00c7\u00c3O \nAcampamento Obra de Maria \nDE 3 a 5 DE JULHO<\/a><\/li><li class='ez-toc-page-1 ez-toc-heading-level-4'><a class=\"ez-toc-link ez-toc-heading-27\" href=\"https:\/\/museudigitalcp.com.br\/portaltur\/agenda-cancao-nova-2026\/#ACAMPAMENTO_PARA_CASAIS_Um_encontro_voltado_a_restauracao_e_ao_fortalecimento_da_vida_conjugal_DE_23_a_26_DE_JULHO\" >ACAMPAMENTO PARA CASAIS \nUm encontro voltado \u00e0 restaura\u00e7\u00e3o e ao fortalecimento da vida conjugal \nDE 23 a 26 DE JULHO<\/a><\/li><li class='ez-toc-page-1 ez-toc-heading-level-4'><a class=\"ez-toc-link ez-toc-heading-28\" href=\"https:\/\/museudigitalcp.com.br\/portaltur\/agenda-cancao-nova-2026\/#PHN-_2026_Jovens_sao_chamados_a_uma_vida_nova_lavados_pelo_Sangue_do_Cordeiro_DE_8_A_12_DE_JULHO\" >PHN- 2026 \nJovens s\u00e3o chamados a uma vida nova, lavados pelo Sangue do Cordeiro \nDE 8 A 12 DE JULHO<\/a><\/li><li class='ez-toc-page-1 ez-toc-heading-level-4'><a class=\"ez-toc-link ez-toc-heading-29\" href=\"https:\/\/museudigitalcp.com.br\/portaltur\/agenda-cancao-nova-2026\/#ACAMPAMENTO_DE_ORACAO_Encontro_sentinela_para_adolescentes_DE_24_a_26_DE_JULHO\" >ACAMPAMENTO DE ORA\u00c7\u00c3O \nEncontro sentinela para adolescentes \nDE 24 a 26 DE JULHO<\/a><\/li><li class='ez-toc-page-1 ez-toc-heading-level-4'><a class=\"ez-toc-link ez-toc-heading-30\" href=\"https:\/\/museudigitalcp.com.br\/portaltur\/agenda-cancao-nova-2026\/#ACAMPAMENTO_DE_LIVRAI-NOS_DO_MAL_Acampamento_%E2%80%9CLivrai-nos_do_mal%E2%80%9D_com_procissao_luminosa_e_noite_oracional_DE_17_A_19_DE_JULHO\" >ACAMPAMENTO DE LIVRAI-NOS DO MAL \nAcampamento \u201cLivrai-nos do mal\u201d com prociss\u00e3o luminosa e noite oracional \nDE 17 A 19 DE JULHO<\/a><\/li><li class='ez-toc-page-1 ez-toc-heading-level-4'><a class=\"ez-toc-link ez-toc-heading-31\" href=\"https:\/\/museudigitalcp.com.br\/portaltur\/agenda-cancao-nova-2026\/#ACAMPAMENTO_FE_CATOLICA_Acampamento_Fe_Catolica_DE_31_de_JULHO_A_02_DE_AGOSTO\" >ACAMPAMENTO F\u00c9 CAT\u00d3LICA \nAcampamento F\u00e9 Cat\u00f3lica \nDE 31 de JULHO A 02 DE AGOSTO<\/a><\/li><\/ul><\/li><li class='ez-toc-page-1 ez-toc-heading-level-3'><a class=\"ez-toc-link ez-toc-heading-32\" href=\"https:\/\/museudigitalcp.com.br\/portaltur\/agenda-cancao-nova-2026\/#AGOSTO_2026\" >AGOSTO 2026<\/a><ul class='ez-toc-list-level-4' ><li class='ez-toc-heading-level-4'><a class=\"ez-toc-link ez-toc-heading-33\" href=\"https:\/\/museudigitalcp.com.br\/portaltur\/agenda-cancao-nova-2026\/#ACAMPAMENTO_DE_ORACAO_Encontro_mundial_do_Charis_DE_5_a_8_DE_AGOSTO\" >ACAMPAMENTO DE ORA\u00c7\u00c3O \nEncontro mundial do Charis \nDE 5 a 8 DE AGOSTO<\/a><\/li><li class='ez-toc-page-1 ez-toc-heading-level-4'><a class=\"ez-toc-link ez-toc-heading-34\" href=\"https:\/\/museudigitalcp.com.br\/portaltur\/agenda-cancao-nova-2026\/#ACAMPAMENTO_DE_ORACAO_Acampamento_Fraternidade_SJPII_DE_21_a_23_DE_AGOSTO\" >ACAMPAMENTO DE ORA\u00c7\u00c3O \nAcampamento Fraternidade SJPII \nDE 21 a 23 DE AGOSTO<\/a><\/li><li class='ez-toc-page-1 ez-toc-heading-level-4'><a class=\"ez-toc-link ez-toc-heading-35\" href=\"https:\/\/museudigitalcp.com.br\/portaltur\/agenda-cancao-nova-2026\/#KAIROS_SERTANEJA_Kairos_Cancao_Nova_Sertaneja_reune_familias_do_campo_DIA_9_DE_AGOSTO\" >KAIR\u00d3S SERTANEJA \nKair\u00f3s Can\u00e7\u00e3o Nova Sertaneja re\u00fane fam\u00edlias do campo \nDIA 9 DE AGOSTO<\/a><\/li><li class='ez-toc-page-1 ez-toc-heading-level-4'><a class=\"ez-toc-link ez-toc-heading-36\" href=\"https:\/\/museudigitalcp.com.br\/portaltur\/agenda-cancao-nova-2026\/#ESCOLA_DE_FORMADORES_Capacitacao_de_lideres_para_acompanhamento_formativo_e_prevencao_de_feridas_e_abusos_DE_27_a_29_DE_AGOSTO\" >ESCOLA DE FORMADORES \nCapacita\u00e7\u00e3o de l\u00edderes para acompanhamento formativo e preven\u00e7\u00e3o de feridas e abusos \nDE 27 a 29 DE AGOSTO<\/a><\/li><li class='ez-toc-page-1 ez-toc-heading-level-4'><a class=\"ez-toc-link ez-toc-heading-37\" href=\"https:\/\/museudigitalcp.com.br\/portaltur\/agenda-cancao-nova-2026\/#ACAMPAMENTO_DE_CURA_INTERIOR_Viva_experiencia_de_restauracao_e_encontro_com_Deus_DE_14_A_16_DE_AGOSTO\" >ACAMPAMENTO DE CURA INTERIOR \nViva experi\u00eancia de restaura\u00e7\u00e3o e encontro com Deus \nDE 14 A 16 DE AGOSTO<\/a><\/li><li class='ez-toc-page-1 ez-toc-heading-level-4'><a class=\"ez-toc-link ez-toc-heading-38\" href=\"https:\/\/museudigitalcp.com.br\/portaltur\/agenda-cancao-nova-2026\/#ACAMPAMENTO_DE_ORACAO_Acampamento_com_Filhos_de_Joao_batista_DE_28_A_30_DE_AGOSTO\" >ACAMPAMENTO DE ORA\u00c7\u00c3O \nAcampamento com Filhos de Jo\u00e3o batista \nDE 28 A 30 DE AGOSTO<\/a><\/li><\/ul><\/li><li class='ez-toc-page-1 ez-toc-heading-level-3'><a class=\"ez-toc-link ez-toc-heading-39\" href=\"https:\/\/museudigitalcp.com.br\/portaltur\/agenda-cancao-nova-2026\/#SETEMBRO_2026\" >SETEMBRO 2026<\/a><ul class='ez-toc-list-level-4' ><li class='ez-toc-heading-level-4'><a class=\"ez-toc-link ez-toc-heading-40\" href=\"https:\/\/museudigitalcp.com.br\/portaltur\/agenda-cancao-nova-2026\/#ACAMPAMENTO_DE_ORACAO_Nosso_acampamento_DE_11_a_13_DE_SETEMBRO\" >ACAMPAMENTO DE ORA\u00c7\u00c3O \nNosso acampamento \nDE 11 a 13 DE SETEMBRO<\/a><\/li><li class='ez-toc-page-1 ez-toc-heading-level-4'><a class=\"ez-toc-link ez-toc-heading-41\" href=\"https:\/\/museudigitalcp.com.br\/portaltur\/agenda-cancao-nova-2026\/#ACAMPAMENTO_DE_ORACAO_Congresso_Jovem_DE_18_a_20_DE_SETEMBRO\" >ACAMPAMENTO DE ORA\u00c7\u00c3O \nCongresso Jovem \nDE 18 a 20 DE SETEMBRO<\/a><\/li><li class='ez-toc-page-1 ez-toc-heading-level-4'><a class=\"ez-toc-link ez-toc-heading-42\" href=\"https:\/\/museudigitalcp.com.br\/portaltur\/agenda-cancao-nova-2026\/#ACAMPAMENTO_DE_ORACAO_Acampamento_Sao_Miguel_Arcanjo_DE_25_a_27_DE_SETEMBRO\" >ACAMPAMENTO DE ORA\u00c7\u00c3O \nAcampamento S\u00e3o Miguel Arcanjo \nDE 25 a 27 DE SETEMBRO<\/a><\/li><li class='ez-toc-page-1 ez-toc-heading-level-4'><a class=\"ez-toc-link ez-toc-heading-43\" href=\"https:\/\/museudigitalcp.com.br\/portaltur\/agenda-cancao-nova-2026\/#ACAMPAMENTO_DE_ORACAO_Acampamento_%E2%80%9CNo_combate_da_oracao%E2%80%9D_DE_4_A_7_DE_SETEMBRO\" >ACAMPAMENTO DE ORA\u00c7\u00c3O \nAcampamento &#8220;No combate da ora\u00e7\u00e3o&#8221; \nDE 4 A 7 DE SETEMBRO<\/a><\/li><li class='ez-toc-page-1 ez-toc-heading-level-4'><a class=\"ez-toc-link ez-toc-heading-44\" href=\"https:\/\/museudigitalcp.com.br\/portaltur\/agenda-cancao-nova-2026\/#ACAMPAMENTO_DE_ORACAO_Encontro_Grupo_de_Amigos_DE_18_A_20_DE_SETEMBRO\" >ACAMPAMENTO DE ORA\u00c7\u00c3O \nEncontro Grupo de Amigos \nDE 18 A 20 DE SETEMBRO<\/a><\/li><li class='ez-toc-page-1 ez-toc-heading-level-4'><a class=\"ez-toc-link ez-toc-heading-45\" href=\"https:\/\/museudigitalcp.com.br\/portaltur\/agenda-cancao-nova-2026\/#ACAMPAMENTO_DE_ORACAO_Encontro_movimento_Sacerdotal_Mariano_DE_4_A_6_DE_SETEMBRO\" >ACAMPAMENTO DE ORA\u00c7\u00c3O \nEncontro movimento Sacerdotal Mariano \nDE 4 A 6 DE SETEMBRO<\/a><\/li><li class='ez-toc-page-1 ez-toc-heading-level-4'><a class=\"ez-toc-link ez-toc-heading-46\" href=\"https:\/\/museudigitalcp.com.br\/portaltur\/agenda-cancao-nova-2026\/#ACAMPAMENTO_DE_ORACAO_Peregrinacao_no_pedal_C33_DE_18_A_20_DE_SETEMBRO\" >ACAMPAMENTO DE ORA\u00c7\u00c3O \nPeregrina\u00e7\u00e3o no pedal C33 \nDE 18 A 20 DE SETEMBRO<\/a><\/li><\/ul><\/li><li class='ez-toc-page-1 ez-toc-heading-level-3'><a class=\"ez-toc-link ez-toc-heading-47\" href=\"https:\/\/museudigitalcp.com.br\/portaltur\/agenda-cancao-nova-2026\/#OUTUBRO_2026\" >OUTUBRO 2026<\/a><ul class='ez-toc-list-level-4' ><li class='ez-toc-heading-level-4'><a class=\"ez-toc-link ez-toc-heading-48\" href=\"https:\/\/museudigitalcp.com.br\/portaltur\/agenda-cancao-nova-2026\/#ACAMPAMENTO_DE_ORACAO_Acampamento_Cancao_Nova_Kids_DE_9_a_11_DE_OUTUBRO\" >ACAMPAMENTO DE ORA\u00c7\u00c3O \nAcampamento Can\u00e7\u00e3o Nova Kids \nDE 9 a 11 DE OUTUBRO<\/a><\/li><li class='ez-toc-page-1 ez-toc-heading-level-4'><a class=\"ez-toc-link ez-toc-heading-49\" href=\"https:\/\/museudigitalcp.com.br\/portaltur\/agenda-cancao-nova-2026\/#ACAMPAMENTO_DE_ORACAO_Acampamento_Secreto_DE_30_DE_OUTUBRO_A_1_DE_NOVEMBRO\" >ACAMPAMENTO DE ORA\u00c7\u00c3O \nAcampamento Secreto \nDE 30 DE OUTUBRO A 1 DE NOVEMBRO<\/a><\/li><li class='ez-toc-page-1 ez-toc-heading-level-4'><a class=\"ez-toc-link ez-toc-heading-50\" href=\"https:\/\/museudigitalcp.com.br\/portaltur\/agenda-cancao-nova-2026\/#CURA_E_LIBERTACAO_Acampamento_de_Cura_e_Libertacao_DE_15_A_18_DE_OUTUBRO\" >CURA E LIBERTA\u00c7\u00c3O \nAcampamento de Cura e Liberta\u00e7\u00e3o \nDE 15 A 18 DE OUTUBRO<\/a><\/li><li class='ez-toc-page-1 ez-toc-heading-level-4'><a class=\"ez-toc-link ez-toc-heading-51\" href=\"https:\/\/museudigitalcp.com.br\/portaltur\/agenda-cancao-nova-2026\/#ACAMPAMENTO_DE_ORACAO_Acampamento_a_cura_dos_traumas_da_morte_DE_30_DE_OUTUBRO_A_2_DE_NOVEMBRO\" >ACAMPAMENTO DE ORA\u00c7\u00c3O \nAcampamento a cura dos traumas da morte \nDE 30 DE OUTUBRO A 2 DE NOVEMBRO<\/a><\/li><\/ul><\/li><li class='ez-toc-page-1 ez-toc-heading-level-3'><a class=\"ez-toc-link ez-toc-heading-52\" href=\"https:\/\/museudigitalcp.com.br\/portaltur\/agenda-cancao-nova-2026\/#NOVEMBRO_2026\" >NOVEMBRO 2026<\/a><ul class='ez-toc-list-level-4' ><li class='ez-toc-heading-level-4'><a class=\"ez-toc-link ez-toc-heading-53\" href=\"https:\/\/museudigitalcp.com.br\/portaltur\/agenda-cancao-nova-2026\/#ACAMPAMENTO_DE_ORACAO_Cancao_Nova_Sertaneja_DE_6_A_8_DE_NOVEMBRO\" >ACAMPAMENTO DE ORA\u00c7\u00c3O \nCan\u00e7\u00e3o Nova Sertaneja \nDE 6 A 8 DE NOVEMBRO<\/a><\/li><li class='ez-toc-page-1 ez-toc-heading-level-4'><a class=\"ez-toc-link ez-toc-heading-54\" href=\"https:\/\/museudigitalcp.com.br\/portaltur\/agenda-cancao-nova-2026\/#ACAMPAMENTO_DE_ORACAO_Acampamento_para_musicos_DE_20_A_22_DE_NOVEMBRO\" >ACAMPAMENTO DE ORA\u00c7\u00c3O \nAcampamento para m\u00fasicos \nDE 20 A 22 DE NOVEMBRO<\/a><\/li><li class='ez-toc-page-1 ez-toc-heading-level-4'><a class=\"ez-toc-link ez-toc-heading-55\" href=\"https:\/\/museudigitalcp.com.br\/portaltur\/agenda-cancao-nova-2026\/#ACAMPAMENTO_DE_ORACAO_Congresso_Nacional_do_Charis_DE_13_A_15_DE_NOVEMBRO\" >ACAMPAMENTO DE ORA\u00c7\u00c3O \nCongresso Nacional do Charis \nDE 13 A 15 DE NOVEMBRO<\/a><\/li><li class='ez-toc-page-1 ez-toc-heading-level-4'><a class=\"ez-toc-link ez-toc-heading-56\" href=\"https:\/\/museudigitalcp.com.br\/portaltur\/agenda-cancao-nova-2026\/#ACAMPAMENTO_DE_ORACAO_Summer_Beats_DE_28_A_29_DE_NOVEMBRO\" >ACAMPAMENTO DE ORA\u00c7\u00c3O \nSummer Beats \nDE 28 A 29 DE NOVEMBRO<\/a><\/li><li class='ez-toc-page-1 ez-toc-heading-level-4'><a class=\"ez-toc-link ez-toc-heading-57\" href=\"https:\/\/museudigitalcp.com.br\/portaltur\/agenda-cancao-nova-2026\/#ACAMPAMENTO_DE_ORACAO_Aprofundamento_dos_jovens_sarados_DE_19_A_22_DE_NOVEMBRO\" >ACAMPAMENTO DE ORA\u00c7\u00c3O \nAprofundamento dos jovens sarados \nDE 19 A 22 DE NOVEMBRO<\/a><\/li><\/ul><\/li><li class='ez-toc-page-1 ez-toc-heading-level-3'><a class=\"ez-toc-link ez-toc-heading-58\" href=\"https:\/\/museudigitalcp.com.br\/portaltur\/agenda-cancao-nova-2026\/#DEZEMBRO_2026\" >DEZEMBRO 2026<\/a><ul class='ez-toc-list-level-4' ><li class='ez-toc-heading-level-4'><a class=\"ez-toc-link ez-toc-heading-59\" href=\"https:\/\/museudigitalcp.com.br\/portaltur\/agenda-cancao-nova-2026\/#ACAMPAMENTO_DE_ORACAO_Acampamento_Maranatha_DE_4_A_6_DE_DEZEMBRO\" >ACAMPAMENTO DE ORA\u00c7\u00c3O \nAcampamento Maranath\u00e1 \nDE 4 A 6 DE DEZEMBRO<\/a><\/li><li class='ez-toc-page-1 ez-toc-heading-level-4'><a class=\"ez-toc-link ez-toc-heading-60\" href=\"https:\/\/museudigitalcp.com.br\/portaltur\/agenda-cancao-nova-2026\/#ACAMPAMENTO_DE_ORACAO_Kairos_Aguenta_Firme_20_DE_DEZEMBRO\" >ACAMPAMENTO DE ORA\u00c7\u00c3O \nKair\u00f3s Aguenta Firme \n20 DE DEZEMBRO<\/a><\/li><li class='ez-toc-page-1 ez-toc-heading-level-4'><a class=\"ez-toc-link ez-toc-heading-61\" href=\"https:\/\/museudigitalcp.com.br\/portaltur\/agenda-cancao-nova-2026\/#ACAMPAMENTO_DE_ORACAO_Hosana_Brasil_DE_10_A_13_DE_DEZEMBRO\" >ACAMPAMENTO DE ORA\u00c7\u00c3O \nHosana Brasil \nDE 10 A 13 DE DEZEMBRO<\/a><\/li><li class='ez-toc-page-1 ez-toc-heading-level-4'><a class=\"ez-toc-link ez-toc-heading-62\" href=\"https:\/\/museudigitalcp.com.br\/portaltur\/agenda-cancao-nova-2026\/#ACAMPAMENTO_DE_ORACAO_Acampamento_de_Ano_Novo_DE_31_DE_DEZEMBRO_A_3_DE_JANEIRO\" >ACAMPAMENTO DE ORA\u00c7\u00c3O \nAcampamento de Ano Novo \nDE 31 DE DEZEMBRO A 3 DE JANEIRO<\/a><\/li><li class='ez-toc-page-1 ez-toc-heading-level-4'><a class=\"ez-toc-link ez-toc-heading-63\" href=\"https:\/\/museudigitalcp.com.br\/portaltur\/agenda-cancao-nova-2026\/#ACAMPAMENTO_DE_ORACAO_Cantata_de_Natal_19_DE_DEZEMBRO\" >ACAMPAMENTO DE ORA\u00c7\u00c3O \nCantata de Natal \n19 DE DEZEMBRO<\/a><\/li><\/ul><\/li><\/ul><\/li><\/ul><\/li><\/ul><\/nav><\/div>\n","protected":false},"excerpt":{"rendered":"<p>Agenda de eventos da Can\u00e7\u00e3o Nova &#8211; 2026 Confira a agenda de eventos da Can\u00e7\u00e3o Nova de 2026, fa\u00e7a a programa\u00e7\u00e3o da sua viagem com anteced\u00eancia, reserve sua hospedagem em nosso site e viva momentos \u00fanicos de f\u00e9 e devo\u00e7\u00e3o. Programe-se, fa\u00e7a sua reserva e venha para a Can\u00e7\u00e3o Nova. MAR\u00c7O 2026<\/p>\n","protected":false},"author":1,"featured_media":0,"comment_status":"closed","ping_status":"closed","sticky":false,"template":"","format":"standard","meta":{"_monsterinsights_skip_tracking":false,"site-sidebar-layout":"default","site-content-layout":"","ast-site-content-layout":"default","site-content-style":"default","site-sidebar-style":"default","ast-global-header-display":"","ast-banner-title-visibility":"","ast-main-header-display":"","ast-hfb-above-header-display":"","ast-hfb-below-header-display":"","ast-hfb-mobile-header-display":"","site-post-title":"","ast-breadcrumbs-content":"","ast-featured-img":"","footer-sml-layout":"","ast-disable-related-posts":"","theme-transparent-header-meta":"","adv-header-id-meta":"","stick-header-meta":"","header-above-stick-meta":"","header-main-stick-meta":"","header-below-stick-meta":"","astra-migrate-meta-layouts":"default","ast-page-background-enabled":"default","ast-page-background-meta":{"desktop":{"background-color":"var(--ast-global-color-4)","background-image":"","background-repeat":"repeat","background-position":"center center","background-size":"auto","background-attachment":"scroll","background-type":"","background-media":"","overlay-type":"","overlay-color":"","overlay-opacity":"","overlay-gradient":""},"tablet":{"background-color":"","background-image":"","background-repeat":"repeat","background-position":"center center","background-size":"auto","background-attachment":"scroll","background-type":"","background-media":"","overlay-type":"","overlay-color":"","overlay-opacity":"","overlay-gradient":""},"mobile":{"background-color":"","background-image":"","background-repeat":"repeat","background-position":"center center","background-size":"auto","background-attachment":"scroll","background-type":"","background-media":"","overlay-type":"","overlay-color":"","overlay-opacity":"","overlay-gradient":""}},"ast-content-background-meta":{"desktop":{"background-color":"var(--ast-global-color-5)","background-image":"","background-repeat":"repeat","background-position":"center center","background-size":"auto","background-attachment":"scroll","background-type":"","background-media":"","overlay-type":"","overlay-color":"","overlay-opacity":"","overlay-gradient":""},"tablet":{"background-color":"var(--ast-global-color-5)","background-image":"","background-repeat":"repeat","background-position":"center center","background-size":"auto","background-attachment":"scroll","background-type":"","background-media":"","overlay-type":"","overlay-color":"","overlay-opacity":"","overlay-gradient":""},"mobile":{"background-color":"var(--ast-global-color-5)","background-image":"","background-repeat":"repeat","background-position":"center center","background-size":"auto","background-attachment":"scroll","background-type":"","background-media":"","overlay-type":"","overlay-color":"","overlay-opacity":"","overlay-gradient":""}},"footnotes":""},"categories":[1],"tags":[],"class_list":["post-1663","post","type-post","status-publish","format-standard","hentry","category-uncategorized"],"_links":{"self":[{"href":"https:\/\/museudigitalcp.com.br\/portaltur\/wp-json\/wp\/v2\/posts\/1663","targetHints":{"allow":["GET"]}}],"collection":[{"href":"https:\/\/museudigitalcp.com.br\/portaltur\/wp-json\/wp\/v2\/posts"}],"about":[{"href":"https:\/\/museudigitalcp.com.br\/portaltur\/wp-json\/wp\/v2\/types\/post"}],"author":[{"embeddable":true,"href":"https:\/\/museudigitalcp.com.br\/portaltur\/wp-json\/wp\/v2\/users\/1"}],"replies":[{"embeddable":true,"href":"https:\/\/museudigitalcp.com.br\/portaltur\/wp-json\/wp\/v2\/comments?post=1663"}],"version-history":[{"count":0,"href":"https:\/\/museudigitalcp.com.br\/portaltur\/wp-json\/wp\/v2\/posts\/1663\/revisions"}],"wp:attachment":[{"href":"https:\/\/museudigitalcp.com.br\/portaltur\/wp-json\/wp\/v2\/media?parent=1663"}],"wp:term":[{"taxonomy":"category","embeddable":true,"href":"https:\/\/museudigitalcp.com.br\/portaltur\/wp-json\/wp\/v2\/categories?post=1663"},{"taxonomy":"post_tag","embeddable":true,"href":"https:\/\/museudigitalcp.com.br\/portaltur\/wp-json\/wp\/v2\/tags?post=1663"}],"curies":[{"name":"wp","href":"https:\/\/api.w.org\/{rel}","templated":true}]}}