{"id":1531,"date":"2025-02-09T04:06:00","date_gmt":"2025-02-09T04:06:00","guid":{"rendered":"https:\/\/cachoeirapaulista.tur.br\/?p=1531"},"modified":"2025-02-26T20:26:01","modified_gmt":"2025-02-26T20:26:01","slug":"tumulo-de-padre-jonas-abib","status":"publish","type":"post","link":"https:\/\/museudigitalcp.com.br\/portaltur\/tumulo-de-padre-jonas-abib\/","title":{"rendered":"T\u00famulo de padre Jonas Abib"},"content":{"rendered":"<div id=\"pl-1531\"  class=\"panel-layout\" ><div id=\"pg-1531-0\"  class=\"panel-grid panel-no-style\" ><div id=\"pgc-1531-0-0\"  class=\"panel-grid-cell\" ><div id=\"panel-1531-0-0-0\" class=\"so-panel widget widget_sow-editor panel-first-child panel-last-child\" data-index=\"0\" ><div\n\t\t\t\n\t\t\tclass=\"so-widget-sow-editor so-widget-sow-editor-base\"\n\t\t\t\n\t\t>\n<div class=\"siteorigin-widget-tinymce textwidget\">\n\t<figure id=\"attachment_1532\" aria-describedby=\"caption-attachment-1532\" style=\"width: 400px\" class=\"wp-caption aligncenter\"><img loading=\"lazy\" decoding=\"async\" class=\"wp-image-1532\" src=\"https:\/\/museudigitalcp.com.br\/portaltur\/wp-content\/uploads\/2025\/02\/2_Bruno-Marques-300x200.webp\" alt=\"\" width=\"400\" height=\"267\" srcset=\"https:\/\/museudigitalcp.com.br\/portaltur\/wp-content\/uploads\/2025\/02\/2_Bruno-Marques-300x200.webp 300w, https:\/\/museudigitalcp.com.br\/portaltur\/wp-content\/uploads\/2025\/02\/2_Bruno-Marques-272x182.webp 272w, https:\/\/museudigitalcp.com.br\/portaltur\/wp-content\/uploads\/2025\/02\/2_Bruno-Marques.webp 674w\" sizes=\"auto, (max-width: 400px) 100vw, 400px\" \/><figcaption id=\"caption-attachment-1532\" class=\"wp-caption-text\">T\u00famulo do Padre Jonas Abib - Foto: Bruno Marques<\/figcaption><\/figure>\n<\/div>\n<\/div><\/div><\/div><div id=\"pgc-1531-0-1\"  class=\"panel-grid-cell\" ><div id=\"panel-1531-0-1-0\" class=\"so-panel widget widget_sow-editor panel-first-child panel-last-child\" data-index=\"1\" ><div\n\t\t\t\n\t\t\tclass=\"so-widget-sow-editor so-widget-sow-editor-base\"\n\t\t\t\n\t\t>\n<div class=\"siteorigin-widget-tinymce textwidget\">\n\t<p>Neste local, antiga Sala das Gra\u00e7as Alcan\u00e7adas, padre Jonas Abib, fundador da Comunidade Can\u00e7\u00e3o Nova, foi \u201csemeado\u201d, ap\u00f3s seu falecimento, no dia 12 de dezembro de 2023.<\/p>\n<\/div>\n<\/div><\/div><\/div><\/div><div id=\"pg-1531-1\"  class=\"panel-grid panel-no-style\" ><div id=\"pgc-1531-1-0\"  class=\"panel-grid-cell\" ><div id=\"panel-1531-1-0-0\" class=\"so-panel widget widget_sow-editor panel-first-child panel-last-child\" data-index=\"2\" ><div\n\t\t\t\n\t\t\tclass=\"so-widget-sow-editor so-widget-sow-editor-base\"\n\t\t\t\n\t\t>\n<div class=\"siteorigin-widget-tinymce textwidget\">\n\t<hr \/>\n<h5 style=\"text-align: center;\"><strong>Navegue pelos pontos de peregrina\u00e7\u00e3o nos links abaixo<\/strong><\/h5>\n<p style=\"text-align: center;\"><a href=\"https:\/\/museudigitalcp.com.br\/portaltur\/pai-das-misericordias\/\">Santu\u00e1rio Pai das Miseric\u00f3rdias<\/a> | <a href=\"https:\/\/museudigitalcp.com.br\/portaltur\/tumulo-de-padre-jonas-abib\/\">T\u00famulo do Padre Jonas Abib<\/a> | <a href=\"https:\/\/museudigitalcp.com.br\/portaltur\/patronos-da-cancao-nova\/\">Patronos da Can\u00e7\u00e3o Nova<\/a> | <a href=\"https:\/\/museudigitalcp.com.br\/portaltur\/sao-jose\/\">S\u00e3o Jos\u00e9<\/a> | <a href=\"https:\/\/museudigitalcp.com.br\/portaltur\/mirante-da-fe\/\">Mirante da F\u00e9<\/a> | <a href=\"https:\/\/museudigitalcp.com.br\/portaltur\/centro-de-evangelizacao-dom-joao-hipolito-de-moraes\/\">Centro de Evangeliza\u00e7\u00e3o Dom Jo\u00e3o Hip\u00f3lito de Morae<\/a>s |<a href=\"https:\/\/museudigitalcp.com.br\/portaltur\/rincao-do-meu-senhor\/\"> Rinc\u00e3o do Meu Senhor<\/a> | <a href=\"https:\/\/museudigitalcp.com.br\/portaltur\/caminho-da-misericordia\/\">Caminho da Miseric\u00f3rdia<\/a> | <a href=\"https:\/\/museudigitalcp.com.br\/portaltur\/presepio\/\">Pres\u00e9pio<\/a> | <a href=\"https:\/\/museudigitalcp.com.br\/portaltur\/praca-do-cruzeiro\/\">Pra\u00e7a do Cruzeiro<\/a> | <a href=\"https:\/\/museudigitalcp.com.br\/portaltur\/oratorio-nossa-senhora-das-gracas\/\">Orat\u00f3rio Nossa Senhora das Gra\u00e7as<\/a> | <a href=\"https:\/\/museudigitalcp.com.br\/portaltur\/ermida-mae-rainha\/\">Ermida M\u00e3e Rainha<\/a> | <a href=\"https:\/\/museudigitalcp.com.br\/portaltur\/oratorio-nossa-senhora-de-fatima\/\">Orat\u00f3rio Nossa Senhora de F\u00e1tima<\/a> | <a href=\"https:\/\/museudigitalcp.com.br\/portaltur\/casa-de-maria\/\">Casa de Maria<\/a> | <a href=\"https:\/\/museudigitalcp.com.br\/portaltur\/capela-sagrada-familia\/\">Capela Sagrada Fam\u00edlia<\/a> | <a href=\"https:\/\/museudigitalcp.com.br\/portaltur\/imagem-de-dom-bosco\/\">Imagem de Dom Bosco<\/a><\/p>\n<hr \/>\n<p style=\"text-align: center;\"><a href=\"https:\/\/museudigitalcp.com.br\/portaltur\/\">P\u00e1gina principal<\/a> | <a href=\"https:\/\/museudigitalcp.com.br\/portaltur\/peregrinacao\/\">Pontos de peregrina\u00e7\u00e3o<\/a> | <a href=\"https:\/\/img.cancaonova.com\/cnimages\/canais\/uploads\/sites\/5\/2014\/11\/Mapa-da-Ch%C3%A1cara-da-Can%C3%A7%C3%A3o-Nova.pdf\" target=\"_blank\" rel=\"noopener\">Mapa da Ch\u00e1cara Santa Cruz<\/a><\/p>\n<\/div>\n<\/div><\/div><\/div><\/div><\/div>","protected":false},"excerpt":{"rendered":"<p>Neste local, antiga Sala das Gra\u00e7as Alcan\u00e7adas, padre Jonas Abib, fundador da Comunidade Can\u00e7\u00e3o Nova, foi \u201csemeado\u201d, ap\u00f3s seu falecimento, no dia 12 de dezembro de 2023. Navegue pelos pontos de peregrina\u00e7\u00e3o nos links abaixo Santu\u00e1rio Pai das Miseric\u00f3rdias | T\u00famulo do Padre Jonas Abib | Patronos da Can\u00e7\u00e3o Nova | S\u00e3o Jos\u00e9 | Mirante [&hellip;]<\/p>\n","protected":false},"author":1,"featured_media":1532,"comment_status":"closed","ping_status":"open","sticky":false,"template":"","format":"standard","meta":{"_monsterinsights_skip_tracking":false,"site-sidebar-layout":"default","site-content-layout":"","ast-site-content-layout":"default","site-content-style":"default","site-sidebar-style":"default","ast-global-header-display":"","ast-banner-title-visibility":"","ast-main-header-display":"","ast-hfb-above-header-display":"","ast-hfb-below-header-display":"","ast-hfb-mobile-header-display":"","site-post-title":"","ast-breadcrumbs-content":"","ast-featured-img":"","footer-sml-layout":"","ast-disable-related-posts":"","theme-transparent-header-meta":"","adv-header-id-meta":"","stick-header-meta":"","header-above-stick-meta":"","header-main-stick-meta":"","header-below-stick-meta":"","astra-migrate-meta-layouts":"default","ast-page-background-enabled":"default","ast-page-background-meta":{"desktop":{"background-color":"var(--ast-global-color-4)","background-image":"","background-repeat":"repeat","background-position":"center center","background-size":"auto","background-attachment":"scroll","background-type":"","background-media":"","overlay-type":"","overlay-color":"","overlay-opacity":"","overlay-gradient":""},"tablet":{"background-color":"","background-image":"","background-repeat":"repeat","background-position":"center center","background-size":"auto","background-attachment":"scroll","background-type":"","background-media":"","overlay-type":"","overlay-color":"","overlay-opacity":"","overlay-gradient":""},"mobile":{"background-color":"","background-image":"","background-repeat":"repeat","background-position":"center center","background-size":"auto","background-attachment":"scroll","background-type":"","background-media":"","overlay-type":"","overlay-color":"","overlay-opacity":"","overlay-gradient":""}},"ast-content-background-meta":{"desktop":{"background-color":"var(--ast-global-color-5)","background-image":"","background-repeat":"repeat","background-position":"center center","background-size":"auto","background-attachment":"scroll","background-type":"","background-media":"","overlay-type":"","overlay-color":"","overlay-opacity":"","overlay-gradient":""},"tablet":{"background-color":"var(--ast-global-color-5)","background-image":"","background-repeat":"repeat","background-position":"center center","background-size":"auto","background-attachment":"scroll","background-type":"","background-media":"","overlay-type":"","overlay-color":"","overlay-opacity":"","overlay-gradient":""},"mobile":{"background-color":"var(--ast-global-color-5)","background-image":"","background-repeat":"repeat","background-position":"center center","background-size":"auto","background-attachment":"scroll","background-type":"","background-media":"","overlay-type":"","overlay-color":"","overlay-opacity":"","overlay-gradient":""}},"footnotes":""},"categories":[220],"tags":[],"class_list":["post-1531","post","type-post","status-publish","format-standard","has-post-thumbnail","hentry","category-peregrinacao-na-cancao-nova-cachoeira-paulista"],"_links":{"self":[{"href":"https:\/\/museudigitalcp.com.br\/portaltur\/wp-json\/wp\/v2\/posts\/1531","targetHints":{"allow":["GET"]}}],"collection":[{"href":"https:\/\/museudigitalcp.com.br\/portaltur\/wp-json\/wp\/v2\/posts"}],"about":[{"href":"https:\/\/museudigitalcp.com.br\/portaltur\/wp-json\/wp\/v2\/types\/post"}],"author":[{"embeddable":true,"href":"https:\/\/museudigitalcp.com.br\/portaltur\/wp-json\/wp\/v2\/users\/1"}],"replies":[{"embeddable":true,"href":"https:\/\/museudigitalcp.com.br\/portaltur\/wp-json\/wp\/v2\/comments?post=1531"}],"version-history":[{"count":0,"href":"https:\/\/museudigitalcp.com.br\/portaltur\/wp-json\/wp\/v2\/posts\/1531\/revisions"}],"wp:featuredmedia":[{"embeddable":true,"href":"https:\/\/museudigitalcp.com.br\/portaltur\/wp-json\/wp\/v2\/media\/1532"}],"wp:attachment":[{"href":"https:\/\/museudigitalcp.com.br\/portaltur\/wp-json\/wp\/v2\/media?parent=1531"}],"wp:term":[{"taxonomy":"category","embeddable":true,"href":"https:\/\/museudigitalcp.com.br\/portaltur\/wp-json\/wp\/v2\/categories?post=1531"},{"taxonomy":"post_tag","embeddable":true,"href":"https:\/\/museudigitalcp.com.br\/portaltur\/wp-json\/wp\/v2\/tags?post=1531"}],"curies":[{"name":"wp","href":"https:\/\/api.w.org\/{rel}","templated":true}]}}