{"id":1527,"date":"2025-02-06T04:11:57","date_gmt":"2025-02-06T04:11:57","guid":{"rendered":"https:\/\/cachoeirapaulista.tur.br\/?p=1527"},"modified":"2026-07-19T03:09:04","modified_gmt":"2026-07-19T03:09:04","slug":"peregrinacao-na-cancao-nova","status":"publish","type":"post","link":"https:\/\/museudigitalcp.com.br\/portaltur\/peregrinacao-na-cancao-nova\/","title":{"rendered":"Peregrina\u00e7\u00e3o na Can\u00e7\u00e3o Nova"},"content":{"rendered":"<h1 style=\"text-align: center;\"><span class=\"ez-toc-section\" id=\"Pontos_de_peregrinacao_na_Cancao_Nova\"><\/span>Pontos de peregrina\u00e7\u00e3o na Can\u00e7\u00e3o Nova<span class=\"ez-toc-section-end\"><\/span><\/h1>\n<p style=\"text-align: center;\"><span style=\"font-size: 12pt;\">Ocupando 372 mil metros quadrados, e mais de 6 mil metros de \u00e1rea constru\u00edda, a Ch\u00e1cara de Santa Cruz abriga uma grande infraestrutura para acolher milh\u00f5es de devotos que todos os anos visitam a <a href=\"https:\/\/cancaonova.com\/\" target=\"_blank\" rel=\"noopener\"><strong>Can\u00e7\u00e3o Nova em Cachoeira Paulista<\/strong><\/a>.\u00a0<\/span><span style=\"font-size: 12pt;\">O complexo tur\u00edstico e religioso abriga importantes espa\u00e7os para visita\u00e7\u00e3o formando um expressivo e sagrado roteiro de peregrina\u00e7\u00e3o para os visitantes.<\/span><\/p>\n<p style=\"text-align: center;\"><div class=\"pt-cv-wrapper\"><div class=\"pt-cv-view pt-cv-blockgrid iscvblock iscvhybrid grid1 layout1\" id=\"pt-cv-view-e88ac9186x\"><div data-id=\"pt-cv-page-1\" class=\"pt-cv-page\" data-cvc=\"4\"><div class=\" pt-cv-content-item pt-cv-1-col\" ><div class=\"pt-cv-thumb-wrapper  \"><a href=\"https:\/\/museudigitalcp.com.br\/portaltur\/imagem-de-dom-bosco\/\" class=\"_self pt-cv-href-thumbnail pt-cv-thumb-default\" target=\"_self\"><img loading=\"lazy\" decoding=\"async\" width=\"200\" height=\"300\" src=\"https:\/\/museudigitalcp.com.br\/portaltur\/wp-content\/uploads\/2025\/02\/16_Bruno-Marques-200x300.webp\" class=\"pt-cv-thumbnail\" alt=\"\" srcset=\"https:\/\/museudigitalcp.com.br\/portaltur\/wp-content\/uploads\/2025\/02\/16_Bruno-Marques-200x300.webp 200w, https:\/\/museudigitalcp.com.br\/portaltur\/wp-content\/uploads\/2025\/02\/16_Bruno-Marques.webp 450w\" sizes=\"auto, (max-width: 200px) 100vw, 200px\" \/><\/a><\/div>\n<h4 class=\"pt-cv-title\"><span class=\"ez-toc-section\" id=\"Imagem_de_Dom_Bosco\"><\/span><a href=\"https:\/\/museudigitalcp.com.br\/portaltur\/imagem-de-dom-bosco\/\" class=\"_self\" target=\"_self\">Imagem de Dom Bosco<\/a><span class=\"ez-toc-section-end\"><\/span><\/h4><\/div>\n<div class=\" pt-cv-content-item pt-cv-1-col\" ><div class=\"pt-cv-thumb-wrapper  \"><a href=\"https:\/\/museudigitalcp.com.br\/portaltur\/capela-sagrada-familia\/\" class=\"_self pt-cv-href-thumbnail pt-cv-thumb-default\" target=\"_self\"><img loading=\"lazy\" decoding=\"async\" width=\"300\" height=\"200\" src=\"https:\/\/museudigitalcp.com.br\/portaltur\/wp-content\/uploads\/2025\/02\/15_Bruno-Marques-300x200.webp\" class=\"pt-cv-thumbnail\" alt=\"\" srcset=\"https:\/\/museudigitalcp.com.br\/portaltur\/wp-content\/uploads\/2025\/02\/15_Bruno-Marques-300x200.webp 300w, https:\/\/museudigitalcp.com.br\/portaltur\/wp-content\/uploads\/2025\/02\/15_Bruno-Marques-272x182.webp 272w, https:\/\/museudigitalcp.com.br\/portaltur\/wp-content\/uploads\/2025\/02\/15_Bruno-Marques.webp 674w\" sizes=\"auto, (max-width: 300px) 100vw, 300px\" \/><\/a><\/div>\n<h4 class=\"pt-cv-title\"><span class=\"ez-toc-section\" id=\"Capela_Sagrada_Familia\"><\/span><a href=\"https:\/\/museudigitalcp.com.br\/portaltur\/capela-sagrada-familia\/\" class=\"_self\" target=\"_self\">Capela Sagrada Fam\u00edlia<\/a><span class=\"ez-toc-section-end\"><\/span><\/h4><\/div>\n<div class=\" pt-cv-content-item pt-cv-1-col\" ><div class=\"pt-cv-thumb-wrapper  \"><a href=\"https:\/\/museudigitalcp.com.br\/portaltur\/casa-de-maria\/\" class=\"_self pt-cv-href-thumbnail pt-cv-thumb-default\" target=\"_self\"><img loading=\"lazy\" decoding=\"async\" width=\"300\" height=\"200\" src=\"https:\/\/museudigitalcp.com.br\/portaltur\/wp-content\/uploads\/2025\/02\/14_CN-300x200.webp\" class=\"pt-cv-thumbnail\" alt=\"\" srcset=\"https:\/\/museudigitalcp.com.br\/portaltur\/wp-content\/uploads\/2025\/02\/14_CN-300x200.webp 300w, https:\/\/museudigitalcp.com.br\/portaltur\/wp-content\/uploads\/2025\/02\/14_CN-272x182.webp 272w, https:\/\/museudigitalcp.com.br\/portaltur\/wp-content\/uploads\/2025\/02\/14_CN.webp 674w\" sizes=\"auto, (max-width: 300px) 100vw, 300px\" \/><\/a><\/div>\n<h4 class=\"pt-cv-title\"><span class=\"ez-toc-section\" id=\"Casa_de_Maria\"><\/span><a href=\"https:\/\/museudigitalcp.com.br\/portaltur\/casa-de-maria\/\" class=\"_self\" target=\"_self\">Casa de Maria<\/a><span class=\"ez-toc-section-end\"><\/span><\/h4><\/div>\n<div class=\" pt-cv-content-item pt-cv-1-col\" ><div class=\"pt-cv-thumb-wrapper  \"><a href=\"https:\/\/museudigitalcp.com.br\/portaltur\/oratorio-nossa-senhora-de-fatima\/\" class=\"_self pt-cv-href-thumbnail pt-cv-thumb-default\" target=\"_self\"><img loading=\"lazy\" decoding=\"async\" width=\"300\" height=\"200\" src=\"https:\/\/museudigitalcp.com.br\/portaltur\/wp-content\/uploads\/2025\/02\/13_CN-300x200.webp\" class=\"pt-cv-thumbnail\" alt=\"\" srcset=\"https:\/\/museudigitalcp.com.br\/portaltur\/wp-content\/uploads\/2025\/02\/13_CN-300x200.webp 300w, https:\/\/museudigitalcp.com.br\/portaltur\/wp-content\/uploads\/2025\/02\/13_CN-272x182.webp 272w, https:\/\/museudigitalcp.com.br\/portaltur\/wp-content\/uploads\/2025\/02\/13_CN.webp 674w\" sizes=\"auto, (max-width: 300px) 100vw, 300px\" \/><\/a><\/div>\n<h4 class=\"pt-cv-title\"><span class=\"ez-toc-section\" id=\"Oratorio_Nossa_Senhora_de_Fatima\"><\/span><a href=\"https:\/\/museudigitalcp.com.br\/portaltur\/oratorio-nossa-senhora-de-fatima\/\" class=\"_self\" target=\"_self\">Orat\u00f3rio Nossa Senhora de F\u00e1tima<\/a><span class=\"ez-toc-section-end\"><\/span><\/h4><\/div>\n<div class=\" pt-cv-content-item pt-cv-1-col\" ><div class=\"pt-cv-thumb-wrapper  \"><a href=\"https:\/\/museudigitalcp.com.br\/portaltur\/ermida-mae-rainha\/\" class=\"_self pt-cv-href-thumbnail pt-cv-thumb-default\" target=\"_self\"><img loading=\"lazy\" decoding=\"async\" width=\"300\" height=\"200\" src=\"https:\/\/museudigitalcp.com.br\/portaltur\/wp-content\/uploads\/2025\/02\/12_CN-300x200.webp\" class=\"pt-cv-thumbnail\" alt=\"\" srcset=\"https:\/\/museudigitalcp.com.br\/portaltur\/wp-content\/uploads\/2025\/02\/12_CN-300x200.webp 300w, https:\/\/museudigitalcp.com.br\/portaltur\/wp-content\/uploads\/2025\/02\/12_CN-272x182.webp 272w, https:\/\/museudigitalcp.com.br\/portaltur\/wp-content\/uploads\/2025\/02\/12_CN.webp 675w\" sizes=\"auto, (max-width: 300px) 100vw, 300px\" \/><\/a><\/div>\n<h4 class=\"pt-cv-title\"><span class=\"ez-toc-section\" id=\"Ermida_Mae_Rainha\"><\/span><a href=\"https:\/\/museudigitalcp.com.br\/portaltur\/ermida-mae-rainha\/\" class=\"_self\" target=\"_self\">Ermida M\u00e3e Rainha<\/a><span class=\"ez-toc-section-end\"><\/span><\/h4><\/div>\n<div class=\" pt-cv-content-item pt-cv-1-col\" ><div class=\"pt-cv-thumb-wrapper  \"><a href=\"https:\/\/museudigitalcp.com.br\/portaltur\/oratorio-nossa-senhora-das-gracas\/\" class=\"_self pt-cv-href-thumbnail pt-cv-thumb-default\" target=\"_self\"><img loading=\"lazy\" decoding=\"async\" width=\"300\" height=\"200\" src=\"https:\/\/museudigitalcp.com.br\/portaltur\/wp-content\/uploads\/2025\/02\/11_CN-300x200.webp\" class=\"pt-cv-thumbnail\" alt=\"\" srcset=\"https:\/\/museudigitalcp.com.br\/portaltur\/wp-content\/uploads\/2025\/02\/11_CN-300x200.webp 300w, https:\/\/museudigitalcp.com.br\/portaltur\/wp-content\/uploads\/2025\/02\/11_CN-272x182.webp 272w, https:\/\/museudigitalcp.com.br\/portaltur\/wp-content\/uploads\/2025\/02\/11_CN.webp 674w\" sizes=\"auto, (max-width: 300px) 100vw, 300px\" \/><\/a><\/div>\n<h4 class=\"pt-cv-title\"><span class=\"ez-toc-section\" id=\"Oratorio_Nossa_Senhora_das_Gracas\"><\/span><a href=\"https:\/\/museudigitalcp.com.br\/portaltur\/oratorio-nossa-senhora-das-gracas\/\" class=\"_self\" target=\"_self\">Orat\u00f3rio Nossa Senhora das Gra\u00e7as<\/a><span class=\"ez-toc-section-end\"><\/span><\/h4><\/div>\n<div class=\" pt-cv-content-item pt-cv-1-col\" ><div class=\"pt-cv-thumb-wrapper  \"><a href=\"https:\/\/museudigitalcp.com.br\/portaltur\/praca-do-cruzeiro\/\" class=\"_self pt-cv-href-thumbnail pt-cv-thumb-default\" target=\"_self\"><img loading=\"lazy\" decoding=\"async\" width=\"300\" height=\"200\" src=\"https:\/\/museudigitalcp.com.br\/portaltur\/wp-content\/uploads\/2025\/02\/10_Bruno-Marques-300x200.webp\" class=\"pt-cv-thumbnail\" alt=\"\" srcset=\"https:\/\/museudigitalcp.com.br\/portaltur\/wp-content\/uploads\/2025\/02\/10_Bruno-Marques-300x200.webp 300w, https:\/\/museudigitalcp.com.br\/portaltur\/wp-content\/uploads\/2025\/02\/10_Bruno-Marques-272x182.webp 272w, https:\/\/museudigitalcp.com.br\/portaltur\/wp-content\/uploads\/2025\/02\/10_Bruno-Marques.webp 675w\" sizes=\"auto, (max-width: 300px) 100vw, 300px\" \/><\/a><\/div>\n<h4 class=\"pt-cv-title\"><span class=\"ez-toc-section\" id=\"Praca_do_Cruzeiro\"><\/span><a href=\"https:\/\/museudigitalcp.com.br\/portaltur\/praca-do-cruzeiro\/\" class=\"_self\" target=\"_self\">Pra\u00e7a do Cruzeiro<\/a><span class=\"ez-toc-section-end\"><\/span><\/h4><\/div>\n<div class=\" pt-cv-content-item pt-cv-1-col\" ><div class=\"pt-cv-thumb-wrapper  \"><a href=\"https:\/\/museudigitalcp.com.br\/portaltur\/presepio\/\" class=\"_self pt-cv-href-thumbnail pt-cv-thumb-default\" target=\"_self\"><img loading=\"lazy\" decoding=\"async\" width=\"300\" height=\"202\" src=\"https:\/\/museudigitalcp.com.br\/portaltur\/wp-content\/uploads\/2025\/02\/9_CN-300x202.webp\" class=\"pt-cv-thumbnail\" alt=\"\" srcset=\"https:\/\/museudigitalcp.com.br\/portaltur\/wp-content\/uploads\/2025\/02\/9_CN-300x202.webp 300w, https:\/\/museudigitalcp.com.br\/portaltur\/wp-content\/uploads\/2025\/02\/9_CN-272x182.webp 272w, https:\/\/museudigitalcp.com.br\/portaltur\/wp-content\/uploads\/2025\/02\/9_CN.webp 667w\" sizes=\"auto, (max-width: 300px) 100vw, 300px\" \/><\/a><\/div>\n<h4 class=\"pt-cv-title\"><span class=\"ez-toc-section\" id=\"Presepio\"><\/span><a href=\"https:\/\/museudigitalcp.com.br\/portaltur\/presepio\/\" class=\"_self\" target=\"_self\">Pres\u00e9pio<\/a><span class=\"ez-toc-section-end\"><\/span><\/h4><\/div>\n<div class=\" pt-cv-content-item pt-cv-1-col\" ><div class=\"pt-cv-thumb-wrapper  \"><a href=\"https:\/\/museudigitalcp.com.br\/portaltur\/caminho-da-misericordia\/\" class=\"_self pt-cv-href-thumbnail pt-cv-thumb-default\" target=\"_self\"><img loading=\"lazy\" decoding=\"async\" width=\"300\" height=\"200\" src=\"https:\/\/museudigitalcp.com.br\/portaltur\/wp-content\/uploads\/2025\/02\/8_Wesley-Almeida-300x200.webp\" class=\"pt-cv-thumbnail\" alt=\"\" srcset=\"https:\/\/museudigitalcp.com.br\/portaltur\/wp-content\/uploads\/2025\/02\/8_Wesley-Almeida-300x200.webp 300w, https:\/\/museudigitalcp.com.br\/portaltur\/wp-content\/uploads\/2025\/02\/8_Wesley-Almeida-272x182.webp 272w, https:\/\/museudigitalcp.com.br\/portaltur\/wp-content\/uploads\/2025\/02\/8_Wesley-Almeida.webp 675w\" sizes=\"auto, (max-width: 300px) 100vw, 300px\" \/><\/a><\/div>\n<h4 class=\"pt-cv-title\"><span class=\"ez-toc-section\" id=\"Caminho_da_Misericordia\"><\/span><a href=\"https:\/\/museudigitalcp.com.br\/portaltur\/caminho-da-misericordia\/\" class=\"_self\" target=\"_self\">Caminho da Miseric\u00f3rdia<\/a><span class=\"ez-toc-section-end\"><\/span><\/h4><\/div>\n<div class=\" pt-cv-content-item pt-cv-1-col\" ><div class=\"pt-cv-thumb-wrapper  \"><a href=\"https:\/\/museudigitalcp.com.br\/portaltur\/rincao-do-meu-senhor\/\" class=\"_self pt-cv-href-thumbnail pt-cv-thumb-default\" target=\"_self\"><img loading=\"lazy\" decoding=\"async\" width=\"300\" height=\"163\" src=\"https:\/\/museudigitalcp.com.br\/portaltur\/wp-content\/uploads\/2025\/02\/7_CN-300x163.webp\" class=\"pt-cv-thumbnail\" alt=\"\" srcset=\"https:\/\/museudigitalcp.com.br\/portaltur\/wp-content\/uploads\/2025\/02\/7_CN-300x163.webp 300w, https:\/\/museudigitalcp.com.br\/portaltur\/wp-content\/uploads\/2025\/02\/7_CN-768x418.webp 768w, https:\/\/museudigitalcp.com.br\/portaltur\/wp-content\/uploads\/2025\/02\/7_CN.webp 827w\" sizes=\"auto, (max-width: 300px) 100vw, 300px\" \/><\/a><\/div>\n<h4 class=\"pt-cv-title\"><span class=\"ez-toc-section\" id=\"Rincao_do_Meu_Senhor\"><\/span><a href=\"https:\/\/museudigitalcp.com.br\/portaltur\/rincao-do-meu-senhor\/\" class=\"_self\" target=\"_self\">Rinc\u00e3o do Meu Senhor<\/a><span class=\"ez-toc-section-end\"><\/span><\/h4><\/div>\n<div class=\" pt-cv-content-item pt-cv-1-col\" ><div class=\"pt-cv-thumb-wrapper  \"><a href=\"https:\/\/museudigitalcp.com.br\/portaltur\/centro-de-evangelizacao-dom-joao-hipolito-de-moraes\/\" class=\"_self pt-cv-href-thumbnail pt-cv-thumb-default\" target=\"_self\"><img loading=\"lazy\" decoding=\"async\" width=\"300\" height=\"200\" src=\"https:\/\/museudigitalcp.com.br\/portaltur\/wp-content\/uploads\/2025\/02\/6_Bruno-Marques-300x200.webp\" class=\"pt-cv-thumbnail\" alt=\"\" srcset=\"https:\/\/museudigitalcp.com.br\/portaltur\/wp-content\/uploads\/2025\/02\/6_Bruno-Marques-300x200.webp 300w, https:\/\/museudigitalcp.com.br\/portaltur\/wp-content\/uploads\/2025\/02\/6_Bruno-Marques-272x182.webp 272w, https:\/\/museudigitalcp.com.br\/portaltur\/wp-content\/uploads\/2025\/02\/6_Bruno-Marques.webp 674w\" sizes=\"auto, (max-width: 300px) 100vw, 300px\" \/><\/a><\/div>\n<h4 class=\"pt-cv-title\"><span class=\"ez-toc-section\" id=\"Centro_de_Evangelizacao_Dom_Joao_Hipolito_de_Moraes\"><\/span><a href=\"https:\/\/museudigitalcp.com.br\/portaltur\/centro-de-evangelizacao-dom-joao-hipolito-de-moraes\/\" class=\"_self\" target=\"_self\">Centro de Evangeliza\u00e7\u00e3o Dom Jo\u00e3o Hip\u00f3lito de Moraes<\/a><span class=\"ez-toc-section-end\"><\/span><\/h4><\/div>\n<div class=\" pt-cv-content-item pt-cv-1-col\" ><div class=\"pt-cv-thumb-wrapper  \"><a href=\"https:\/\/museudigitalcp.com.br\/portaltur\/mirante-da-fe\/\" class=\"_self pt-cv-href-thumbnail pt-cv-thumb-default\" target=\"_self\"><img loading=\"lazy\" decoding=\"async\" width=\"300\" height=\"200\" src=\"https:\/\/museudigitalcp.com.br\/portaltur\/wp-content\/uploads\/2025\/02\/5_CN-300x200.webp\" class=\"pt-cv-thumbnail\" alt=\"\" srcset=\"https:\/\/museudigitalcp.com.br\/portaltur\/wp-content\/uploads\/2025\/02\/5_CN-300x200.webp 300w, https:\/\/museudigitalcp.com.br\/portaltur\/wp-content\/uploads\/2025\/02\/5_CN-272x182.webp 272w, https:\/\/museudigitalcp.com.br\/portaltur\/wp-content\/uploads\/2025\/02\/5_CN.webp 675w\" sizes=\"auto, (max-width: 300px) 100vw, 300px\" \/><\/a><\/div>\n<h4 class=\"pt-cv-title\"><span class=\"ez-toc-section\" id=\"Mirante_da_Fe\"><\/span><a href=\"https:\/\/museudigitalcp.com.br\/portaltur\/mirante-da-fe\/\" class=\"_self\" target=\"_self\">Mirante da F\u00e9<\/a><span class=\"ez-toc-section-end\"><\/span><\/h4><\/div>\n<div class=\" pt-cv-content-item pt-cv-1-col\" ><div class=\"pt-cv-thumb-wrapper  \"><a href=\"https:\/\/museudigitalcp.com.br\/portaltur\/sao-jose\/\" class=\"_self pt-cv-href-thumbnail pt-cv-thumb-default\" target=\"_self\"><img loading=\"lazy\" decoding=\"async\" width=\"300\" height=\"200\" src=\"https:\/\/museudigitalcp.com.br\/portaltur\/wp-content\/uploads\/2025\/02\/4_Bruno-Marques-300x200.webp\" class=\"pt-cv-thumbnail\" alt=\"\" srcset=\"https:\/\/museudigitalcp.com.br\/portaltur\/wp-content\/uploads\/2025\/02\/4_Bruno-Marques-300x200.webp 300w, https:\/\/museudigitalcp.com.br\/portaltur\/wp-content\/uploads\/2025\/02\/4_Bruno-Marques-272x182.webp 272w, https:\/\/museudigitalcp.com.br\/portaltur\/wp-content\/uploads\/2025\/02\/4_Bruno-Marques.webp 674w\" sizes=\"auto, (max-width: 300px) 100vw, 300px\" \/><\/a><\/div>\n<h4 class=\"pt-cv-title\"><span class=\"ez-toc-section\" id=\"Sao_Jose\"><\/span><a href=\"https:\/\/museudigitalcp.com.br\/portaltur\/sao-jose\/\" class=\"_self\" target=\"_self\">S\u00e3o Jos\u00e9<\/a><span class=\"ez-toc-section-end\"><\/span><\/h4><\/div>\n<div class=\" pt-cv-content-item pt-cv-1-col\" ><div class=\"pt-cv-thumb-wrapper  \"><a href=\"https:\/\/museudigitalcp.com.br\/portaltur\/patronos-da-cancao-nova\/\" class=\"_self pt-cv-href-thumbnail pt-cv-thumb-default\" target=\"_self\"><img loading=\"lazy\" decoding=\"async\" width=\"300\" height=\"200\" src=\"https:\/\/museudigitalcp.com.br\/portaltur\/wp-content\/uploads\/2025\/02\/3_CN-300x200.webp\" class=\"pt-cv-thumbnail\" alt=\"\" srcset=\"https:\/\/museudigitalcp.com.br\/portaltur\/wp-content\/uploads\/2025\/02\/3_CN-300x200.webp 300w, https:\/\/museudigitalcp.com.br\/portaltur\/wp-content\/uploads\/2025\/02\/3_CN-272x182.webp 272w, https:\/\/museudigitalcp.com.br\/portaltur\/wp-content\/uploads\/2025\/02\/3_CN.webp 674w\" sizes=\"auto, (max-width: 300px) 100vw, 300px\" \/><\/a><\/div>\n<h4 class=\"pt-cv-title\"><span class=\"ez-toc-section\" id=\"Patronos_da_Cancao_Nova\"><\/span><a href=\"https:\/\/museudigitalcp.com.br\/portaltur\/patronos-da-cancao-nova\/\" class=\"_self\" target=\"_self\">Patronos da Can\u00e7\u00e3o Nova<\/a><span class=\"ez-toc-section-end\"><\/span><\/h4><\/div>\n<div class=\" pt-cv-content-item pt-cv-1-col\" ><div class=\"pt-cv-thumb-wrapper  \"><a href=\"https:\/\/museudigitalcp.com.br\/portaltur\/tumulo-de-padre-jonas-abib\/\" class=\"_self pt-cv-href-thumbnail pt-cv-thumb-default\" target=\"_self\"><img loading=\"lazy\" decoding=\"async\" width=\"300\" height=\"200\" src=\"https:\/\/museudigitalcp.com.br\/portaltur\/wp-content\/uploads\/2025\/02\/2_Bruno-Marques-300x200.webp\" class=\"pt-cv-thumbnail\" alt=\"\" srcset=\"https:\/\/museudigitalcp.com.br\/portaltur\/wp-content\/uploads\/2025\/02\/2_Bruno-Marques-300x200.webp 300w, https:\/\/museudigitalcp.com.br\/portaltur\/wp-content\/uploads\/2025\/02\/2_Bruno-Marques-272x182.webp 272w, https:\/\/museudigitalcp.com.br\/portaltur\/wp-content\/uploads\/2025\/02\/2_Bruno-Marques.webp 674w\" sizes=\"auto, (max-width: 300px) 100vw, 300px\" \/><\/a><\/div>\n<h4 class=\"pt-cv-title\"><span class=\"ez-toc-section\" id=\"Tumulo_de_padre_Jonas_Abib\"><\/span><a href=\"https:\/\/museudigitalcp.com.br\/portaltur\/tumulo-de-padre-jonas-abib\/\" class=\"_self\" target=\"_self\">T\u00famulo de padre Jonas Abib<\/a><span class=\"ez-toc-section-end\"><\/span><\/h4><\/div>\n<div class=\" pt-cv-content-item pt-cv-1-col\" ><div class=\"pt-cv-thumb-wrapper  \"><a href=\"https:\/\/museudigitalcp.com.br\/portaltur\/pai-das-misericordias\/\" class=\"_self pt-cv-href-thumbnail pt-cv-thumb-default\" target=\"_self\"><img loading=\"lazy\" decoding=\"async\" width=\"300\" height=\"199\" src=\"https:\/\/museudigitalcp.com.br\/portaltur\/wp-content\/uploads\/2022\/12\/santuario-cn-300x199.webp\" class=\"pt-cv-thumbnail\" alt=\"Santu\u00e1rio Pai das Miseric\u00f3rdias - Can\u00e7\u00e3o Nova - Cachoeira Paulista\" srcset=\"https:\/\/museudigitalcp.com.br\/portaltur\/wp-content\/uploads\/2022\/12\/santuario-cn-300x199.webp 300w, https:\/\/museudigitalcp.com.br\/portaltur\/wp-content\/uploads\/2022\/12\/santuario-cn.webp 500w\" sizes=\"auto, (max-width: 300px) 100vw, 300px\" \/><\/a><\/div>\n<h4 class=\"pt-cv-title\"><span class=\"ez-toc-section\" id=\"Pai_das_Misericordias\"><\/span><a href=\"https:\/\/museudigitalcp.com.br\/portaltur\/pai-das-misericordias\/\" class=\"_self\" target=\"_self\">Pai das Miseric\u00f3rdias<\/a><span class=\"ez-toc-section-end\"><\/span><\/h4><\/div><\/div><\/div><\/div>\t\t\t\t\t\t<style type=\"text\/css\" id=\"pt-cv-inline-style-3c3dda8a2y\">\n#pt-cv-view-e88ac9186x .pt-cv-thumb-wrapper:not(.miniwrap) { width: 200px; }#pt-cv-view-e88ac9186x .pt-cv-thumbnail:not(.pt-cv-thumbnailsm) { height: 100px; }#pt-cv-view-e88ac9186x > .pt-cv-page {grid-template-columns: repeat(4, 1fr);grid-gap: 15px;}\n@media all and (max-width: 1024px) { \n#pt-cv-view-e88ac9186x > .pt-cv-page {grid-template-columns: repeat(1, 1fr);}\n} \n@media all and (max-width: 767px) { \n#pt-cv-view-e88ac9186x > .pt-cv-page {grid-template-columns: repeat(1, 1fr);}\n} <\/style>\r\n\t\t\t<\/p>\n<hr \/>\n<p style=\"text-align: center;\"><span style=\"font-size: 8pt;\"><a href=\"https:\/\/museudigitalcp.com.br\/portaltur\/\">P\u00c1GINA PRINCIPAL<\/a> \u2502 <a href=\"https:\/\/museudigitalcp.com.br\/portaltur\/agenda-cancao-nova-2026\/\">AGENDA CAN\u00c7\u00c3O NOVA &#8211; 2026<\/a> \u2502 <a href=\"https:\/\/museudigitalcp.com.br\/portaltur\/horario-das-missas\/\">HOR\u00c1RIO DAS MISSAS<\/a> \u2502 <a href=\"https:\/\/museudigitalcp.com.br\/portaltur\/guias-de-turismo-credenciados\/\">GUIAS DE TURISMO CREDENCIADOS<\/a> \u2502 <a href=\"https:\/\/museudigitalcp.com.br\/portaltur\/uber-taxista-e-vans\/\">UBER, TAXISTAS E VANS<\/a><\/span><\/p>\n<hr \/>\n<div id=\"ez-toc-container\" class=\"ez-toc-v2_0_87 counter-hierarchy ez-toc-counter ez-toc-custom ez-toc-container-direction\">\n<div class=\"ez-toc-title-container\">\n<p class=\"ez-toc-title\" style=\"cursor:inherit\">Resumo<\/p>\n<span class=\"ez-toc-title-toggle\"><a href=\"#\" class=\"ez-toc-pull-right ez-toc-btn ez-toc-btn-xs ez-toc-btn-default ez-toc-toggle\" aria-label=\"Alternar tabela de conte\u00fado\"><span class=\"ez-toc-js-icon-con\"><span class=\"\"><span class=\"eztoc-hide\" style=\"display:none;\">Toggle<\/span><span class=\"ez-toc-icon-toggle-span\"><svg style=\"fill: #05006b;color:#05006b\" xmlns=\"http:\/\/www.w3.org\/2000\/svg\" class=\"list-377408\" width=\"20px\" height=\"20px\" viewBox=\"0 0 24 24\" fill=\"none\"><path d=\"M6 6H4v2h2V6zm14 0H8v2h12V6zM4 11h2v2H4v-2zm16 0H8v2h12v-2zM4 16h2v2H4v-2zm16 0H8v2h12v-2z\" fill=\"currentColor\"><\/path><\/svg><svg style=\"fill: #05006b;color:#05006b\" class=\"arrow-unsorted-368013\" xmlns=\"http:\/\/www.w3.org\/2000\/svg\" width=\"10px\" height=\"10px\" viewBox=\"0 0 24 24\" version=\"1.2\" baseProfile=\"tiny\"><path d=\"M18.2 9.3l-6.2-6.3-6.2 6.3c-.2.2-.3.4-.3.7s.1.5.3.7c.2.2.4.3.7.3h11c.3 0 .5-.1.7-.3.2-.2.3-.5.3-.7s-.1-.5-.3-.7zM5.8 14.7l6.2 6.3 6.2-6.3c.2-.2.3-.5.3-.7s-.1-.5-.3-.7c-.2-.2-.4-.3-.7-.3h-11c-.3 0-.5.1-.7.3-.2.2-.3.5-.3.7s.1.5.3.7z\"\/><\/svg><\/span><\/span><\/span><\/a><\/span><\/div>\n<nav><ul class='ez-toc-list ez-toc-list-level-1 eztoc-toggle-hide-by-default' ><li class='ez-toc-page-1 ez-toc-heading-level-1'><a class=\"ez-toc-link ez-toc-heading-1\" href=\"https:\/\/museudigitalcp.com.br\/portaltur\/peregrinacao-na-cancao-nova\/#Pontos_de_peregrinacao_na_Cancao_Nova\" >Pontos de peregrina\u00e7\u00e3o na Can\u00e7\u00e3o Nova<\/a><ul class='ez-toc-list-level-4' ><li class='ez-toc-heading-level-4'><ul class='ez-toc-list-level-4' ><li class='ez-toc-heading-level-4'><ul class='ez-toc-list-level-4' ><li class='ez-toc-heading-level-4'><a class=\"ez-toc-link ez-toc-heading-2\" href=\"https:\/\/museudigitalcp.com.br\/portaltur\/peregrinacao-na-cancao-nova\/#Imagem_de_Dom_Bosco\" >Imagem de Dom Bosco<\/a><\/li><li class='ez-toc-page-1 ez-toc-heading-level-4'><a class=\"ez-toc-link ez-toc-heading-3\" href=\"https:\/\/museudigitalcp.com.br\/portaltur\/peregrinacao-na-cancao-nova\/#Capela_Sagrada_Familia\" >Capela Sagrada Fam\u00edlia<\/a><\/li><li class='ez-toc-page-1 ez-toc-heading-level-4'><a class=\"ez-toc-link ez-toc-heading-4\" href=\"https:\/\/museudigitalcp.com.br\/portaltur\/peregrinacao-na-cancao-nova\/#Casa_de_Maria\" >Casa de Maria<\/a><\/li><li class='ez-toc-page-1 ez-toc-heading-level-4'><a class=\"ez-toc-link ez-toc-heading-5\" href=\"https:\/\/museudigitalcp.com.br\/portaltur\/peregrinacao-na-cancao-nova\/#Oratorio_Nossa_Senhora_de_Fatima\" >Orat\u00f3rio Nossa Senhora de F\u00e1tima<\/a><\/li><li class='ez-toc-page-1 ez-toc-heading-level-4'><a class=\"ez-toc-link ez-toc-heading-6\" href=\"https:\/\/museudigitalcp.com.br\/portaltur\/peregrinacao-na-cancao-nova\/#Ermida_Mae_Rainha\" >Ermida M\u00e3e Rainha<\/a><\/li><li class='ez-toc-page-1 ez-toc-heading-level-4'><a class=\"ez-toc-link ez-toc-heading-7\" href=\"https:\/\/museudigitalcp.com.br\/portaltur\/peregrinacao-na-cancao-nova\/#Oratorio_Nossa_Senhora_das_Gracas\" >Orat\u00f3rio Nossa Senhora das Gra\u00e7as<\/a><\/li><li class='ez-toc-page-1 ez-toc-heading-level-4'><a class=\"ez-toc-link ez-toc-heading-8\" href=\"https:\/\/museudigitalcp.com.br\/portaltur\/peregrinacao-na-cancao-nova\/#Praca_do_Cruzeiro\" >Pra\u00e7a do Cruzeiro<\/a><\/li><li class='ez-toc-page-1 ez-toc-heading-level-4'><a class=\"ez-toc-link ez-toc-heading-9\" href=\"https:\/\/museudigitalcp.com.br\/portaltur\/peregrinacao-na-cancao-nova\/#Presepio\" >Pres\u00e9pio<\/a><\/li><li class='ez-toc-page-1 ez-toc-heading-level-4'><a class=\"ez-toc-link ez-toc-heading-10\" href=\"https:\/\/museudigitalcp.com.br\/portaltur\/peregrinacao-na-cancao-nova\/#Caminho_da_Misericordia\" >Caminho da Miseric\u00f3rdia<\/a><\/li><li class='ez-toc-page-1 ez-toc-heading-level-4'><a class=\"ez-toc-link ez-toc-heading-11\" href=\"https:\/\/museudigitalcp.com.br\/portaltur\/peregrinacao-na-cancao-nova\/#Rincao_do_Meu_Senhor\" >Rinc\u00e3o do Meu Senhor<\/a><\/li><li class='ez-toc-page-1 ez-toc-heading-level-4'><a class=\"ez-toc-link ez-toc-heading-12\" href=\"https:\/\/museudigitalcp.com.br\/portaltur\/peregrinacao-na-cancao-nova\/#Centro_de_Evangelizacao_Dom_Joao_Hipolito_de_Moraes\" >Centro de Evangeliza\u00e7\u00e3o Dom Jo\u00e3o Hip\u00f3lito de Moraes<\/a><\/li><li class='ez-toc-page-1 ez-toc-heading-level-4'><a class=\"ez-toc-link ez-toc-heading-13\" href=\"https:\/\/museudigitalcp.com.br\/portaltur\/peregrinacao-na-cancao-nova\/#Mirante_da_Fe\" >Mirante da F\u00e9<\/a><\/li><li class='ez-toc-page-1 ez-toc-heading-level-4'><a class=\"ez-toc-link ez-toc-heading-14\" href=\"https:\/\/museudigitalcp.com.br\/portaltur\/peregrinacao-na-cancao-nova\/#Sao_Jose\" >S\u00e3o Jos\u00e9<\/a><\/li><li class='ez-toc-page-1 ez-toc-heading-level-4'><a class=\"ez-toc-link ez-toc-heading-15\" href=\"https:\/\/museudigitalcp.com.br\/portaltur\/peregrinacao-na-cancao-nova\/#Patronos_da_Cancao_Nova\" >Patronos da Can\u00e7\u00e3o Nova<\/a><\/li><li class='ez-toc-page-1 ez-toc-heading-level-4'><a class=\"ez-toc-link ez-toc-heading-16\" href=\"https:\/\/museudigitalcp.com.br\/portaltur\/peregrinacao-na-cancao-nova\/#Tumulo_de_padre_Jonas_Abib\" >T\u00famulo de padre Jonas Abib<\/a><\/li><li class='ez-toc-page-1 ez-toc-heading-level-4'><a class=\"ez-toc-link ez-toc-heading-17\" href=\"https:\/\/museudigitalcp.com.br\/portaltur\/peregrinacao-na-cancao-nova\/#Pai_das_Misericordias\" >Pai das Miseric\u00f3rdias<\/a><\/li><\/ul><\/li><\/ul><\/li><\/ul><\/li><\/ul><\/nav><\/div>\n","protected":false},"excerpt":{"rendered":"<p>Pontos de peregrina\u00e7\u00e3o na Can\u00e7\u00e3o Nova Ocupando 372 mil metros quadrados, e mais de 6 mil metros de \u00e1rea constru\u00edda, a Ch\u00e1cara de Santa Cruz abriga uma grande infraestrutura para acolher milh\u00f5es de devotos que todos os anos visitam a Can\u00e7\u00e3o Nova em Cachoeira Paulista.\u00a0O complexo tur\u00edstico e religioso abriga importantes espa\u00e7os para visita\u00e7\u00e3o formando [&hellip;]<\/p>\n","protected":false},"author":1,"featured_media":0,"comment_status":"closed","ping_status":"closed","sticky":false,"template":"","format":"standard","meta":{"_monsterinsights_skip_tracking":false,"site-sidebar-layout":"default","site-content-layout":"","ast-site-content-layout":"default","site-content-style":"default","site-sidebar-style":"default","ast-global-header-display":"","ast-banner-title-visibility":"","ast-main-header-display":"","ast-hfb-above-header-display":"","ast-hfb-below-header-display":"","ast-hfb-mobile-header-display":"","site-post-title":"","ast-breadcrumbs-content":"","ast-featured-img":"","footer-sml-layout":"","ast-disable-related-posts":"","theme-transparent-header-meta":"","adv-header-id-meta":"","stick-header-meta":"","header-above-stick-meta":"","header-main-stick-meta":"","header-below-stick-meta":"","astra-migrate-meta-layouts":"default","ast-page-background-enabled":"default","ast-page-background-meta":{"desktop":{"background-color":"var(--ast-global-color-4)","background-image":"","background-repeat":"repeat","background-position":"center center","background-size":"auto","background-attachment":"scroll","background-type":"","background-media":"","overlay-type":"","overlay-color":"","overlay-opacity":"","overlay-gradient":""},"tablet":{"background-color":"","background-image":"","background-repeat":"repeat","background-position":"center center","background-size":"auto","background-attachment":"scroll","background-type":"","background-media":"","overlay-type":"","overlay-color":"","overlay-opacity":"","overlay-gradient":""},"mobile":{"background-color":"","background-image":"","background-repeat":"repeat","background-position":"center center","background-size":"auto","background-attachment":"scroll","background-type":"","background-media":"","overlay-type":"","overlay-color":"","overlay-opacity":"","overlay-gradient":""}},"ast-content-background-meta":{"desktop":{"background-color":"var(--ast-global-color-5)","background-image":"","background-repeat":"repeat","background-position":"center center","background-size":"auto","background-attachment":"scroll","background-type":"","background-media":"","overlay-type":"","overlay-color":"","overlay-opacity":"","overlay-gradient":""},"tablet":{"background-color":"var(--ast-global-color-5)","background-image":"","background-repeat":"repeat","background-position":"center center","background-size":"auto","background-attachment":"scroll","background-type":"","background-media":"","overlay-type":"","overlay-color":"","overlay-opacity":"","overlay-gradient":""},"mobile":{"background-color":"var(--ast-global-color-5)","background-image":"","background-repeat":"repeat","background-position":"center center","background-size":"auto","background-attachment":"scroll","background-type":"","background-media":"","overlay-type":"","overlay-color":"","overlay-opacity":"","overlay-gradient":""}},"footnotes":""},"categories":[1],"tags":[],"class_list":["post-1527","post","type-post","status-publish","format-standard","hentry","category-uncategorized"],"_links":{"self":[{"href":"https:\/\/museudigitalcp.com.br\/portaltur\/wp-json\/wp\/v2\/posts\/1527","targetHints":{"allow":["GET"]}}],"collection":[{"href":"https:\/\/museudigitalcp.com.br\/portaltur\/wp-json\/wp\/v2\/posts"}],"about":[{"href":"https:\/\/museudigitalcp.com.br\/portaltur\/wp-json\/wp\/v2\/types\/post"}],"author":[{"embeddable":true,"href":"https:\/\/museudigitalcp.com.br\/portaltur\/wp-json\/wp\/v2\/users\/1"}],"replies":[{"embeddable":true,"href":"https:\/\/museudigitalcp.com.br\/portaltur\/wp-json\/wp\/v2\/comments?post=1527"}],"version-history":[{"count":0,"href":"https:\/\/museudigitalcp.com.br\/portaltur\/wp-json\/wp\/v2\/posts\/1527\/revisions"}],"wp:attachment":[{"href":"https:\/\/museudigitalcp.com.br\/portaltur\/wp-json\/wp\/v2\/media?parent=1527"}],"wp:term":[{"taxonomy":"category","embeddable":true,"href":"https:\/\/museudigitalcp.com.br\/portaltur\/wp-json\/wp\/v2\/categories?post=1527"},{"taxonomy":"post_tag","embeddable":true,"href":"https:\/\/museudigitalcp.com.br\/portaltur\/wp-json\/wp\/v2\/tags?post=1527"}],"curies":[{"name":"wp","href":"https:\/\/api.w.org\/{rel}","templated":true}]}}