{"id":1521,"date":"2025-02-06T02:34:51","date_gmt":"2025-02-06T02:34:51","guid":{"rendered":"https:\/\/cachoeirapaulista.tur.br\/?p=1521"},"modified":"2025-02-10T06:28:23","modified_gmt":"2025-02-10T06:28:23","slug":"pai-das-misericordias","status":"publish","type":"post","link":"https:\/\/museudigitalcp.com.br\/portaltur\/pai-das-misericordias\/","title":{"rendered":"Pai das Miseric\u00f3rdias"},"content":{"rendered":"<div id=\"pl-1521\"  class=\"panel-layout\" ><div id=\"pg-1521-0\"  class=\"panel-grid panel-no-style\" ><div id=\"pgc-1521-0-0\"  class=\"panel-grid-cell\" ><div id=\"panel-1521-0-0-0\" class=\"so-panel widget widget_sow-editor panel-first-child panel-last-child\" data-index=\"0\" ><div\n\t\t\t\n\t\t\tclass=\"so-widget-sow-editor so-widget-sow-editor-base\"\n\t\t\t\n\t\t>\n<div class=\"siteorigin-widget-tinymce textwidget\">\n\t<figure id=\"attachment_1529\" aria-describedby=\"caption-attachment-1529\" style=\"width: 450px\" class=\"wp-caption aligncenter\"><img loading=\"lazy\" decoding=\"async\" class=\"wp-image-1529\" title=\"Santu\u00e1rio Pai das Miseric\u00f3rdias - Arquivo Can\u00e7\u00e3o Nova\" src=\"https:\/\/museudigitalcp.com.br\/portaltur\/wp-content\/uploads\/2025\/02\/1_Santuario_CN.webp\" alt=\"Santu\u00e1rio Pai das Miseric\u00f3rdias - Arquivo Can\u00e7\u00e3o Nova\" width=\"450\" height=\"300\" srcset=\"https:\/\/museudigitalcp.com.br\/portaltur\/wp-content\/uploads\/2025\/02\/1_Santuario_CN.webp 675w, https:\/\/museudigitalcp.com.br\/portaltur\/wp-content\/uploads\/2025\/02\/1_Santuario_CN-300x200.webp 300w, https:\/\/museudigitalcp.com.br\/portaltur\/wp-content\/uploads\/2025\/02\/1_Santuario_CN-272x182.webp 272w\" sizes=\"auto, (max-width: 450px) 100vw, 450px\" \/><figcaption id=\"caption-attachment-1529\" class=\"wp-caption-text\">Santu\u00e1rio Pai das Miseric\u00f3rdias - Arquivo Can\u00e7\u00e3o Nova<\/figcaption><\/figure>\n<\/div>\n<\/div><\/div><\/div><div id=\"pgc-1521-0-1\"  class=\"panel-grid-cell\" ><div id=\"panel-1521-0-1-0\" class=\"so-panel widget widget_sow-editor panel-first-child panel-last-child\" data-index=\"1\" ><div\n\t\t\t\n\t\t\tclass=\"so-widget-sow-editor so-widget-sow-editor-base\"\n\t\t\t\n\t\t>\n<div class=\"siteorigin-widget-tinymce textwidget\">\n\t<h3><span class=\"ez-toc-section\" id=\"Santuario_do_Pai_das_Misericordias\"><\/span>Santu\u00e1rio do Pai das Miseric\u00f3rdias<span class=\"ez-toc-section-end\"><\/span><\/h3>\n<p>O <a href=\"https:\/\/santuario.cancaonova.com\/\" target=\"_blank\" rel=\"noopener\">Santu\u00e1rio do Pai das Miseric\u00f3rdias<\/a> \u00e9 uma profecia do padre Jonas Abib inspirada por Deus, em 2002. A sua constru\u00e7\u00e3o iniciou em 2008, por meio de milhares de doa\u00e7\u00f5es de ouro e de ora\u00e7\u00f5es. Em 2011, recebeu o t\u00edtulo de Santu\u00e1rio. Dedicado no dia 5 de dezembro de 2014, acolhe aqueles que v\u00eam em busca de perd\u00e3o, miseric\u00f3rdia e experi\u00eancia com Deus, Pai misericordioso.<\/p>\n<\/div>\n<\/div><\/div><\/div><\/div><div id=\"pg-1521-1\"  class=\"panel-grid panel-no-style\" ><div id=\"pgc-1521-1-0\"  class=\"panel-grid-cell\" ><div id=\"panel-1521-1-0-0\" class=\"so-panel widget widget_sow-editor panel-first-child panel-last-child\" data-index=\"2\" ><div\n\t\t\t\n\t\t\tclass=\"so-widget-sow-editor so-widget-sow-editor-base\"\n\t\t\t\n\t\t>\n<div class=\"siteorigin-widget-tinymce textwidget\">\n\t<hr \/>\n<h5 style=\"text-align: center;\"><span class=\"ez-toc-section\" id=\"Navegue_pelos_pontos_de_peregrinacao_nos_links_abaixo\"><\/span><strong>Navegue pelos pontos de peregrina\u00e7\u00e3o nos links abaixo<\/strong><span class=\"ez-toc-section-end\"><\/span><\/h5>\n<p style=\"text-align: center;\"><a href=\"https:\/\/museudigitalcp.com.br\/portaltur\/pai-das-misericordias\/\">Santu\u00e1rio Pai das Miseric\u00f3rdias<\/a> | <a href=\"https:\/\/museudigitalcp.com.br\/portaltur\/tumulo-de-padre-jonas-abib\/\">T\u00famulo do Padre Jonas Abib<\/a> | <a href=\"https:\/\/museudigitalcp.com.br\/portaltur\/patronos-da-cancao-nova\/\">Patronos da Can\u00e7\u00e3o Nova<\/a> | <a href=\"https:\/\/museudigitalcp.com.br\/portaltur\/sao-jose\/\">S\u00e3o Jos\u00e9<\/a> | <a href=\"https:\/\/museudigitalcp.com.br\/portaltur\/mirante-da-fe\/\">Mirante da F\u00e9<\/a> | <a href=\"https:\/\/museudigitalcp.com.br\/portaltur\/centro-de-evangelizacao-dom-joao-hipolito-de-moraes\/\">Centro de Evangeliza\u00e7\u00e3o Dom Jo\u00e3o Hip\u00f3lito de Morae<\/a>s |<a href=\"https:\/\/museudigitalcp.com.br\/portaltur\/rincao-do-meu-senhor\/\"> Rinc\u00e3o do Meu Senhor<\/a> | <a href=\"https:\/\/museudigitalcp.com.br\/portaltur\/caminho-da-misericordia\/\">Caminho da Miseric\u00f3rdia<\/a> | <a href=\"https:\/\/museudigitalcp.com.br\/portaltur\/presepio\/\">Pres\u00e9pio<\/a> | <a href=\"https:\/\/museudigitalcp.com.br\/portaltur\/praca-do-cruzeiro\/\">Pra\u00e7a do Cruzeiro<\/a> | <a href=\"https:\/\/museudigitalcp.com.br\/portaltur\/oratorio-nossa-senhora-das-gracas\/\">Orat\u00f3rio Nossa Senhora das Gra\u00e7as<\/a> | <a href=\"https:\/\/museudigitalcp.com.br\/portaltur\/ermida-mae-rainha\/\">Ermida M\u00e3e Rainha<\/a> | <a href=\"https:\/\/museudigitalcp.com.br\/portaltur\/oratorio-nossa-senhora-de-fatima\/\">Orat\u00f3rio Nossa Senhora de F\u00e1tima<\/a> | <a href=\"https:\/\/museudigitalcp.com.br\/portaltur\/casa-de-maria\/\">Casa de Maria<\/a> | <a href=\"https:\/\/museudigitalcp.com.br\/portaltur\/capela-sagrada-familia\/\">Capela Sagrada Fam\u00edlia<\/a> | <a href=\"https:\/\/museudigitalcp.com.br\/portaltur\/imagem-de-dom-bosco\/\">Imagem de Dom Bosco<\/a><\/p>\n<hr \/>\n<p style=\"text-align: center;\"><a href=\"https:\/\/museudigitalcp.com.br\/portaltur\/\">P\u00e1gina principal<\/a> | <a href=\"https:\/\/museudigitalcp.com.br\/portaltur\/peregrinacao\/\">Pontos de peregrina\u00e7\u00e3o<\/a> | <a href=\"https:\/\/img.cancaonova.com\/cnimages\/canais\/uploads\/sites\/5\/2014\/11\/Mapa-da-Ch%C3%A1cara-da-Can%C3%A7%C3%A3o-Nova.pdf\" target=\"_blank\" rel=\"noopener\">Mapa da Ch\u00e1cara Santa Cruz<\/a><\/p>\n<\/div>\n<\/div><\/div><\/div><\/div><\/div><div id=\"ez-toc-container\" class=\"ez-toc-v2_0_87 counter-hierarchy ez-toc-counter ez-toc-custom ez-toc-container-direction\">\n<div class=\"ez-toc-title-container\">\n<p class=\"ez-toc-title\" style=\"cursor:inherit\">Resumo<\/p>\n<span class=\"ez-toc-title-toggle\"><a href=\"#\" class=\"ez-toc-pull-right ez-toc-btn ez-toc-btn-xs ez-toc-btn-default ez-toc-toggle\" aria-label=\"Alternar tabela de conte\u00fado\"><span class=\"ez-toc-js-icon-con\"><span class=\"\"><span class=\"eztoc-hide\" style=\"display:none;\">Toggle<\/span><span class=\"ez-toc-icon-toggle-span\"><svg style=\"fill: #05006b;color:#05006b\" xmlns=\"http:\/\/www.w3.org\/2000\/svg\" class=\"list-377408\" width=\"20px\" height=\"20px\" viewBox=\"0 0 24 24\" fill=\"none\"><path d=\"M6 6H4v2h2V6zm14 0H8v2h12V6zM4 11h2v2H4v-2zm16 0H8v2h12v-2zM4 16h2v2H4v-2zm16 0H8v2h12v-2z\" fill=\"currentColor\"><\/path><\/svg><svg style=\"fill: #05006b;color:#05006b\" class=\"arrow-unsorted-368013\" xmlns=\"http:\/\/www.w3.org\/2000\/svg\" width=\"10px\" height=\"10px\" viewBox=\"0 0 24 24\" version=\"1.2\" baseProfile=\"tiny\"><path d=\"M18.2 9.3l-6.2-6.3-6.2 6.3c-.2.2-.3.4-.3.7s.1.5.3.7c.2.2.4.3.7.3h11c.3 0 .5-.1.7-.3.2-.2.3-.5.3-.7s-.1-.5-.3-.7zM5.8 14.7l6.2 6.3 6.2-6.3c.2-.2.3-.5.3-.7s-.1-.5-.3-.7c-.2-.2-.4-.3-.7-.3h-11c-.3 0-.5.1-.7.3-.2.2-.3.5-.3.7s.1.5.3.7z\"\/><\/svg><\/span><\/span><\/span><\/a><\/span><\/div>\n<nav><ul class='ez-toc-list ez-toc-list-level-1 eztoc-toggle-hide-by-default' ><li class='ez-toc-page-1 ez-toc-heading-level-3'><a class=\"ez-toc-link ez-toc-heading-1\" href=\"https:\/\/museudigitalcp.com.br\/portaltur\/pai-das-misericordias\/#Santuario_do_Pai_das_Misericordias\" >Santu\u00e1rio do Pai das Miseric\u00f3rdias<\/a><ul class='ez-toc-list-level-5' ><li class='ez-toc-heading-level-5'><ul class='ez-toc-list-level-5' ><li class='ez-toc-heading-level-5'><a class=\"ez-toc-link ez-toc-heading-2\" href=\"https:\/\/museudigitalcp.com.br\/portaltur\/pai-das-misericordias\/#Navegue_pelos_pontos_de_peregrinacao_nos_links_abaixo\" >Navegue pelos pontos de peregrina\u00e7\u00e3o nos links abaixo<\/a><\/li><\/ul><\/li><\/ul><\/li><\/ul><\/nav><\/div>\n","protected":false},"excerpt":{"rendered":"<p>Santu\u00e1rio do Pai das Miseric\u00f3rdias O Santu\u00e1rio do Pai das Miseric\u00f3rdias \u00e9 uma profecia do padre Jonas Abib inspirada por Deus, em 2002. A sua constru\u00e7\u00e3o iniciou em 2008, por meio de milhares de doa\u00e7\u00f5es de ouro e de ora\u00e7\u00f5es. Em 2011, recebeu o t\u00edtulo de Santu\u00e1rio. Dedicado no dia 5 de dezembro de 2014, [&hellip;]<\/p>\n","protected":false},"author":1,"featured_media":1098,"comment_status":"closed","ping_status":"open","sticky":false,"template":"","format":"standard","meta":{"_monsterinsights_skip_tracking":false,"site-sidebar-layout":"default","site-content-layout":"","ast-site-content-layout":"default","site-content-style":"default","site-sidebar-style":"default","ast-global-header-display":"","ast-banner-title-visibility":"","ast-main-header-display":"","ast-hfb-above-header-display":"","ast-hfb-below-header-display":"","ast-hfb-mobile-header-display":"","site-post-title":"","ast-breadcrumbs-content":"","ast-featured-img":"","footer-sml-layout":"","ast-disable-related-posts":"","theme-transparent-header-meta":"","adv-header-id-meta":"","stick-header-meta":"","header-above-stick-meta":"","header-main-stick-meta":"","header-below-stick-meta":"","astra-migrate-meta-layouts":"default","ast-page-background-enabled":"default","ast-page-background-meta":{"desktop":{"background-color":"var(--ast-global-color-4)","background-image":"","background-repeat":"repeat","background-position":"center center","background-size":"auto","background-attachment":"scroll","background-type":"","background-media":"","overlay-type":"","overlay-color":"","overlay-opacity":"","overlay-gradient":""},"tablet":{"background-color":"","background-image":"","background-repeat":"repeat","background-position":"center center","background-size":"auto","background-attachment":"scroll","background-type":"","background-media":"","overlay-type":"","overlay-color":"","overlay-opacity":"","overlay-gradient":""},"mobile":{"background-color":"","background-image":"","background-repeat":"repeat","background-position":"center center","background-size":"auto","background-attachment":"scroll","background-type":"","background-media":"","overlay-type":"","overlay-color":"","overlay-opacity":"","overlay-gradient":""}},"ast-content-background-meta":{"desktop":{"background-color":"var(--ast-global-color-5)","background-image":"","background-repeat":"repeat","background-position":"center center","background-size":"auto","background-attachment":"scroll","background-type":"","background-media":"","overlay-type":"","overlay-color":"","overlay-opacity":"","overlay-gradient":""},"tablet":{"background-color":"var(--ast-global-color-5)","background-image":"","background-repeat":"repeat","background-position":"center center","background-size":"auto","background-attachment":"scroll","background-type":"","background-media":"","overlay-type":"","overlay-color":"","overlay-opacity":"","overlay-gradient":""},"mobile":{"background-color":"var(--ast-global-color-5)","background-image":"","background-repeat":"repeat","background-position":"center center","background-size":"auto","background-attachment":"scroll","background-type":"","background-media":"","overlay-type":"","overlay-color":"","overlay-opacity":"","overlay-gradient":""}},"footnotes":""},"categories":[220],"tags":[],"class_list":["post-1521","post","type-post","status-publish","format-standard","has-post-thumbnail","hentry","category-peregrinacao-na-cancao-nova-cachoeira-paulista"],"_links":{"self":[{"href":"https:\/\/museudigitalcp.com.br\/portaltur\/wp-json\/wp\/v2\/posts\/1521","targetHints":{"allow":["GET"]}}],"collection":[{"href":"https:\/\/museudigitalcp.com.br\/portaltur\/wp-json\/wp\/v2\/posts"}],"about":[{"href":"https:\/\/museudigitalcp.com.br\/portaltur\/wp-json\/wp\/v2\/types\/post"}],"author":[{"embeddable":true,"href":"https:\/\/museudigitalcp.com.br\/portaltur\/wp-json\/wp\/v2\/users\/1"}],"replies":[{"embeddable":true,"href":"https:\/\/museudigitalcp.com.br\/portaltur\/wp-json\/wp\/v2\/comments?post=1521"}],"version-history":[{"count":0,"href":"https:\/\/museudigitalcp.com.br\/portaltur\/wp-json\/wp\/v2\/posts\/1521\/revisions"}],"wp:featuredmedia":[{"embeddable":true,"href":"https:\/\/museudigitalcp.com.br\/portaltur\/wp-json\/wp\/v2\/media\/1098"}],"wp:attachment":[{"href":"https:\/\/museudigitalcp.com.br\/portaltur\/wp-json\/wp\/v2\/media?parent=1521"}],"wp:term":[{"taxonomy":"category","embeddable":true,"href":"https:\/\/museudigitalcp.com.br\/portaltur\/wp-json\/wp\/v2\/categories?post=1521"},{"taxonomy":"post_tag","embeddable":true,"href":"https:\/\/museudigitalcp.com.br\/portaltur\/wp-json\/wp\/v2\/tags?post=1521"}],"curies":[{"name":"wp","href":"https:\/\/api.w.org\/{rel}","templated":true}]}}