{"id":1432,"date":"2024-03-18T18:46:44","date_gmt":"2024-03-18T18:46:44","guid":{"rendered":"https:\/\/cachoeirapaulista.tur.br\/?p=1432"},"modified":"2026-07-25T05:50:29","modified_gmt":"2026-07-25T05:50:29","slug":"escola-dr-evangelista-rodrigues","status":"publish","type":"post","link":"https:\/\/museudigitalcp.com.br\/portaltur\/escola-dr-evangelista-rodrigues\/","title":{"rendered":"Escola Dr Evangelista Rodrigues"},"content":{"rendered":"<h2><span class=\"ez-toc-section\" id=\"Tombada_pela_importancia_historica_e_cultural_em_Cachoeira_Paulista\"><\/span>Tombada pela import\u00e2ncia hist\u00f3rica e cultural em Cachoeira Paulista.<span class=\"ez-toc-section-end\"><\/span><\/h2>\n<p>Projetada em 1909 e inaugurada em 1913, a escola antes denominada Grupo Escolar da Bocaina, \u00e9 uma das mais antigas escolas de Cachoeira Paulista, com projeto elaborado por Jos\u00e9 Van Humbeeck para um pr\u00e9dio t\u00e9rreo contendo oito salas em esquema que incorpora alas, como os p\u00e1tios, a um n\u00facleo central.<br \/>\n\u00c9 uma das integrantes de conjunto de 126 escolas p\u00fablicas constru\u00eddas pelo Governo do Estado de S\u00e3o Paulo entre 1890 e 1930 que compartilham significados cultural, hist\u00f3rico e arquitet\u00f4nico.<\/p>\n<figure id=\"attachment_1433\" aria-describedby=\"caption-attachment-1433\" style=\"width: 450px\" class=\"wp-caption alignleft\"><img loading=\"lazy\" decoding=\"async\" class=\"wp-image-1433 size-full\" title=\"Escola Dr Evangelista Rodrigues - Cachoeira Paulista\" src=\"https:\/\/museudigitalcp.com.br\/portaltur\/wp-content\/uploads\/2024\/03\/evangelista-rodrigues1.webp\" alt=\"Escola Dr Evangelista Rodrigues - Cachoeira Paulista\" width=\"450\" height=\"298\" srcset=\"https:\/\/museudigitalcp.com.br\/portaltur\/wp-content\/uploads\/2024\/03\/evangelista-rodrigues1.webp 450w, https:\/\/museudigitalcp.com.br\/portaltur\/wp-content\/uploads\/2024\/03\/evangelista-rodrigues1-300x199.webp 300w\" sizes=\"auto, (max-width: 450px) 100vw, 450px\" \/><figcaption id=\"caption-attachment-1433\" class=\"wp-caption-text\">Escola Dr Evangelista Rodrigues &#8211; Cachoeira Paulista<\/figcaption><\/figure>\n<p>Destas escolas, Jos\u00e9 Van Humbeeck foi respons\u00e1vel por onze projetos nas cidades de Brotas, Cachoeira Paulista, Descalvado, Igarapava, Len\u00e7\u00f3is, Mat\u00e3o, Piraju, S\u00e3o Bento de Sapuca\u00ed, S\u00e3o Jo\u00e3o da Bocaina, S\u00e3o Pedro e Tamba\u00fa.<\/p>\n<p>Essas edifica\u00e7\u00f5es expressam o car\u00e1ter inovador e modelar das pol\u00edticas p\u00fablicas educacionais que, durante a Primeira Rep\u00fablica, reconheceram como inerente ao papel do Estado a promo\u00e7\u00e3o do ensino b\u00e1sico, dito prim\u00e1rio, e a forma\u00e7\u00e3o de professores capacitados para tal fun\u00e7\u00e3o. Quanto \u00e0s pol\u00edticas de constru\u00e7\u00e3o de obras p\u00fablicas, s\u00e3o representativas pela estrutura\u00e7\u00e3o racional de se instalar edifica\u00e7\u00f5es adequadas ao programa pedag\u00f3gico por todo o interior e capital do Estado.<\/p>\n<p>Destaca-se a qualidade do conjunto caracterizado pela t\u00e9cnica construtiva simples, consolidando o uso de alvenaria de tijolos e por uma linguagem estil\u00edstica que simplificou os atributos da tradi\u00e7\u00e3o cl\u00e1ssica acad\u00eamica. A organiza\u00e7\u00e3o espacial era concebida incorporando preceitos e recomenda\u00e7\u00f5es de higiene, insola\u00e7\u00e3o e ventila\u00e7\u00e3o previstos na cultura arquitet\u00f4nica que vinha se firmando desde o s\u00e9culo XIX. O programa pedag\u00f3gico distribu\u00eda essencialmente salas de aulas ao longo de eixos de circula\u00e7\u00e3o em plantas sim\u00e9tricas. Aos poucos se firmaram em projetos arquitet\u00f4nicos padronizados que se repetiam com pouca ou nenhuma varia\u00e7\u00e3o em mais de um munic\u00edpio.<\/p>\n<p>Atualmente A escola faz parte da Rede Municipal de ensino e est\u00e1 localizada no centro da cidade. Possui turmas do 1\u00ba ao 5\u00ba ano, EJA, Classes Especiais e Recursos Multifuncionais.<\/p>\n<p>Fonte: <a href=\"http:\/\/condephaat.sp.gov.br\/benstombados\/e-e-dr-evangelista-rodrigues\/\" target=\"_blank\" rel=\"noopener\">http:\/\/condephaat.sp.gov.br\/benstombados\/e-e-dr-evangelista-rodrigues\/<\/a><\/p>\n<h2><span class=\"ez-toc-section\" id=\"Quem_foi_Dr_Joao_Evangelista_Rodrigues\"><\/span>Quem foi Dr Jo\u00e3o Evangelista Rodrigues ?<span class=\"ez-toc-section-end\"><\/span><\/h2>\n<p>Nascido em Cachoeira Paulista em 22 de novembro de 1875, era filho de Cel Domiciano Rodrigues Pinto e Dra. Emiliana Barbosa Rodrigues. Ingressou na faculdade de direito e colou grau em oito de dezembro de 1895.<\/p>\n<p>Logo ap\u00f3s sua formatura exerceu o cargo de Promotor P\u00fablico em sua terra natal se afastando das fun\u00e7\u00f5es ap\u00f3s ter sido eleito Deputado Estadual em duas legislaturas. Foi vereador e prefeito de Cachoeira Paulista e em seguida ingressou na Magistratura e como Juiz foi distribuidor da Justi\u00e7a em santa Branca, Ca\u00e7apava, Franca. 2\u00aa Vara C\u00edvel de Ribeir\u00e3o Preto e 4\u00ba Vara C\u00edvel de S\u00e3o Paulo. No in\u00edcio de 1935 foi convocado para o Tribunal de Apela\u00e7\u00e3o do Estado, tendo assento na 4\u00aa C\u00e2mara.<\/p>\n<p>Foi o grande art\u00edfice da funda\u00e7\u00e3o da Santa Casa em 1911, da instala\u00e7\u00e3o da luz el\u00e9trica em 1913 e da cria\u00e7\u00e3o do Grupo Escolar que hoje leva seu nome.<\/p>\n<p>Faleceu em S\u00e3o Paulo no dia 3 de mar\u00e7o de 1935.<\/p>\n<figure id=\"attachment_1435\" aria-describedby=\"caption-attachment-1435\" style=\"width: 450px\" class=\"wp-caption alignright\"><img loading=\"lazy\" decoding=\"async\" class=\"wp-image-1435 size-full\" title=\"Escola Evangelista Rodrigues - Cachoeira Paulista\" src=\"https:\/\/museudigitalcp.com.br\/portaltur\/wp-content\/uploads\/2024\/03\/evangelista-rodrigues2.webp\" alt=\"Escola Evangelista Rodrigues - Cachoeira Paulista\" width=\"450\" height=\"298\" srcset=\"https:\/\/museudigitalcp.com.br\/portaltur\/wp-content\/uploads\/2024\/03\/evangelista-rodrigues2.webp 450w, https:\/\/museudigitalcp.com.br\/portaltur\/wp-content\/uploads\/2024\/03\/evangelista-rodrigues2-300x199.webp 300w\" sizes=\"auto, (max-width: 450px) 100vw, 450px\" \/><figcaption id=\"caption-attachment-1435\" class=\"wp-caption-text\">Escola Evangelista Rodrigues &#8211; Cachoeira Paulista<\/figcaption><\/figure>\n<p>A cria\u00e7\u00e3o deste estabelecimento de ensino deve-se aos esfor\u00e7os de Dr. Jo\u00e3o Evangelista Rodrigues, ent\u00e3o prefeito local, sendo presidente do Estado o Conselheiro Rodrigues Alves e Secret\u00e1rio do Interior o Dr. Altino Arantes. Decreto de 19-02-1913.<\/p>\n<p>A instala\u00e7\u00e3o do novo estabelecimento de ensino, que tanta alegria causou, verificou-se no dia 6 de Mar\u00e7o de 1913, pelo inspetor escolar Mauricio Camargo. Seu primeiro diretor foi o professor Rafael Sant\u2019Ana e o primeiro corpo docente estava assim constitu\u00eddo; professores \u2013 Salvador Pinto Barbosa e Jo\u00e3o Palazzo; professoras \u2013 D. Maria Tereza Tolosa, D. Joaquina Bueno Moreira, D. Maria Carlos de Toledo e D. Tereza Fortes. Substitutas \u2013 D. Ubaldina Bastos e D. Elvira Augusta Nogueira. Auxiliares: Pedro Evangelista Pinto, Joaquim Braga Filho, Jos\u00e9 de Paula Rocha e Silvina de Oliveira.<\/p>\n<p>Foram seus diretores, os professores: Rafael Sant\u2019Ana, Lindolfo Fran\u00e7a Machado, Francisco Lopes de Azevedo, Manoel Mendes, Jo\u00e3o Palazzo, Agostinho Ramos, Edgard Ferraz, Jo\u00e3o Rangel, Francisco Bueno Pereira, Milton Souto Mayor, Melquiades Pereira Junior, Joaquim de Castro, Jos\u00e9 Miranda Alves, Jos\u00e9 Neves da Silva, Ary Barreira Carrinho, Francisco Candido Reis, Francisco Rodrigues, Mois\u00e9s Junqueira de Souza, Ana Posh Siqueira e Luiz Wilson Marcondes de Moura \u2013 atual. &#8211; Esse grupo escolar, n\u00e3o s\u00f3 causou muito jubilo, quando da sua funda\u00e7\u00e3o, como se projetou no futuro desta cidade, nesses, quase, sessenta anos decorridos, em meses de incalcul\u00e1veis benef\u00edcios.<\/p>\n<hr \/>\n<p style=\"text-align: center;\"><span style=\"font-size: 8pt; color: #000000;\"><a style=\"color: #000000;\" href=\"https:\/\/museudigitalcp.com.br\/portaltur\/\">P\u00c1GINA PRINCIPAL<\/a> \u2502 <a style=\"color: #000000;\" href=\"https:\/\/museudigitalcp.com.br\/portaltur\/pontos-turisticos-cachoeira-paulista\/\">PONTOS TUR\u00cdSTICOS<\/a> \u2502 <a style=\"color: #000000;\" href=\"https:\/\/museudigitalcp.com.br\/portaltur\/guias-de-turismo-credenciados\/\">GUIAS DE TURISMO CREDENCIADOS<\/a> \u2502 <a style=\"color: #000000;\" href=\"https:\/\/museudigitalcp.com.br\/portaltur\/uber-taxista-e-vans\/\">UBER, TAXISTAS E VANS<\/a><\/span><\/p>\n<hr \/>\n<div id=\"ez-toc-container\" class=\"ez-toc-v2_0_87 counter-hierarchy ez-toc-counter ez-toc-custom ez-toc-container-direction\">\n<div class=\"ez-toc-title-container\">\n<p class=\"ez-toc-title\" style=\"cursor:inherit\">Resumo<\/p>\n<span class=\"ez-toc-title-toggle\"><a href=\"#\" class=\"ez-toc-pull-right ez-toc-btn ez-toc-btn-xs ez-toc-btn-default ez-toc-toggle\" aria-label=\"Alternar tabela de conte\u00fado\"><span class=\"ez-toc-js-icon-con\"><span class=\"\"><span class=\"eztoc-hide\" style=\"display:none;\">Toggle<\/span><span class=\"ez-toc-icon-toggle-span\"><svg style=\"fill: #05006b;color:#05006b\" xmlns=\"http:\/\/www.w3.org\/2000\/svg\" class=\"list-377408\" width=\"20px\" height=\"20px\" viewBox=\"0 0 24 24\" fill=\"none\"><path d=\"M6 6H4v2h2V6zm14 0H8v2h12V6zM4 11h2v2H4v-2zm16 0H8v2h12v-2zM4 16h2v2H4v-2zm16 0H8v2h12v-2z\" fill=\"currentColor\"><\/path><\/svg><svg style=\"fill: #05006b;color:#05006b\" class=\"arrow-unsorted-368013\" xmlns=\"http:\/\/www.w3.org\/2000\/svg\" width=\"10px\" height=\"10px\" viewBox=\"0 0 24 24\" version=\"1.2\" baseProfile=\"tiny\"><path d=\"M18.2 9.3l-6.2-6.3-6.2 6.3c-.2.2-.3.4-.3.7s.1.5.3.7c.2.2.4.3.7.3h11c.3 0 .5-.1.7-.3.2-.2.3-.5.3-.7s-.1-.5-.3-.7zM5.8 14.7l6.2 6.3 6.2-6.3c.2-.2.3-.5.3-.7s-.1-.5-.3-.7c-.2-.2-.4-.3-.7-.3h-11c-.3 0-.5.1-.7.3-.2.2-.3.5-.3.7s.1.5.3.7z\"\/><\/svg><\/span><\/span><\/span><\/a><\/span><\/div>\n<nav><ul class='ez-toc-list ez-toc-list-level-1 eztoc-toggle-hide-by-default' ><li class='ez-toc-page-1 ez-toc-heading-level-2'><a class=\"ez-toc-link ez-toc-heading-1\" href=\"https:\/\/museudigitalcp.com.br\/portaltur\/escola-dr-evangelista-rodrigues\/#Tombada_pela_importancia_historica_e_cultural_em_Cachoeira_Paulista\" >Tombada pela import\u00e2ncia hist\u00f3rica e cultural em Cachoeira Paulista.<\/a><\/li><li class='ez-toc-page-1 ez-toc-heading-level-2'><a class=\"ez-toc-link ez-toc-heading-2\" href=\"https:\/\/museudigitalcp.com.br\/portaltur\/escola-dr-evangelista-rodrigues\/#Quem_foi_Dr_Joao_Evangelista_Rodrigues\" >Quem foi Dr Jo\u00e3o Evangelista Rodrigues ?<\/a><\/li><\/ul><\/nav><\/div>\n","protected":false},"excerpt":{"rendered":"<p>Tombada pela import\u00e2ncia hist\u00f3rica e cultural em Cachoeira Paulista. Projetada em 1909 e inaugurada em 1913, a escola antes denominada Grupo Escolar da Bocaina, \u00e9 uma das mais antigas escolas de Cachoeira Paulista, com projeto elaborado por Jos\u00e9 Van Humbeeck para um pr\u00e9dio t\u00e9rreo contendo oito salas em esquema que incorpora alas, como os p\u00e1tios, [&hellip;]<\/p>\n","protected":false},"author":1,"featured_media":1435,"comment_status":"closed","ping_status":"closed","sticky":false,"template":"","format":"standard","meta":{"_monsterinsights_skip_tracking":false,"site-sidebar-layout":"default","site-content-layout":"","ast-site-content-layout":"default","site-content-style":"default","site-sidebar-style":"default","ast-global-header-display":"","ast-banner-title-visibility":"","ast-main-header-display":"","ast-hfb-above-header-display":"","ast-hfb-below-header-display":"","ast-hfb-mobile-header-display":"","site-post-title":"","ast-breadcrumbs-content":"","ast-featured-img":"","footer-sml-layout":"","ast-disable-related-posts":"","theme-transparent-header-meta":"default","adv-header-id-meta":"","stick-header-meta":"","header-above-stick-meta":"","header-main-stick-meta":"","header-below-stick-meta":"","astra-migrate-meta-layouts":"set","ast-page-background-enabled":"default","ast-page-background-meta":{"desktop":{"background-color":"var(--ast-global-color-4)","background-image":"","background-repeat":"repeat","background-position":"center center","background-size":"auto","background-attachment":"scroll","background-type":"","background-media":"","overlay-type":"","overlay-color":"","overlay-opacity":"","overlay-gradient":""},"tablet":{"background-color":"","background-image":"","background-repeat":"repeat","background-position":"center center","background-size":"auto","background-attachment":"scroll","background-type":"","background-media":"","overlay-type":"","overlay-color":"","overlay-opacity":"","overlay-gradient":""},"mobile":{"background-color":"","background-image":"","background-repeat":"repeat","background-position":"center center","background-size":"auto","background-attachment":"scroll","background-type":"","background-media":"","overlay-type":"","overlay-color":"","overlay-opacity":"","overlay-gradient":""}},"ast-content-background-meta":{"desktop":{"background-color":"var(--ast-global-color-5)","background-image":"","background-repeat":"repeat","background-position":"center center","background-size":"auto","background-attachment":"scroll","background-type":"","background-media":"","overlay-type":"","overlay-color":"","overlay-opacity":"","overlay-gradient":""},"tablet":{"background-color":"var(--ast-global-color-5)","background-image":"","background-repeat":"repeat","background-position":"center center","background-size":"auto","background-attachment":"scroll","background-type":"","background-media":"","overlay-type":"","overlay-color":"","overlay-opacity":"","overlay-gradient":""},"mobile":{"background-color":"var(--ast-global-color-5)","background-image":"","background-repeat":"repeat","background-position":"center center","background-size":"auto","background-attachment":"scroll","background-type":"","background-media":"","overlay-type":"","overlay-color":"","overlay-opacity":"","overlay-gradient":""}},"footnotes":""},"categories":[190],"tags":[],"class_list":["post-1432","post","type-post","status-publish","format-standard","has-post-thumbnail","hentry","category-pontos-turisticos-pagina"],"_links":{"self":[{"href":"https:\/\/museudigitalcp.com.br\/portaltur\/wp-json\/wp\/v2\/posts\/1432","targetHints":{"allow":["GET"]}}],"collection":[{"href":"https:\/\/museudigitalcp.com.br\/portaltur\/wp-json\/wp\/v2\/posts"}],"about":[{"href":"https:\/\/museudigitalcp.com.br\/portaltur\/wp-json\/wp\/v2\/types\/post"}],"author":[{"embeddable":true,"href":"https:\/\/museudigitalcp.com.br\/portaltur\/wp-json\/wp\/v2\/users\/1"}],"replies":[{"embeddable":true,"href":"https:\/\/museudigitalcp.com.br\/portaltur\/wp-json\/wp\/v2\/comments?post=1432"}],"version-history":[{"count":0,"href":"https:\/\/museudigitalcp.com.br\/portaltur\/wp-json\/wp\/v2\/posts\/1432\/revisions"}],"wp:featuredmedia":[{"embeddable":true,"href":"https:\/\/museudigitalcp.com.br\/portaltur\/wp-json\/wp\/v2\/media\/1435"}],"wp:attachment":[{"href":"https:\/\/museudigitalcp.com.br\/portaltur\/wp-json\/wp\/v2\/media?parent=1432"}],"wp:term":[{"taxonomy":"category","embeddable":true,"href":"https:\/\/museudigitalcp.com.br\/portaltur\/wp-json\/wp\/v2\/categories?post=1432"},{"taxonomy":"post_tag","embeddable":true,"href":"https:\/\/museudigitalcp.com.br\/portaltur\/wp-json\/wp\/v2\/tags?post=1432"}],"curies":[{"name":"wp","href":"https:\/\/api.w.org\/{rel}","templated":true}]}}