{"id":1426,"date":"2024-03-10T04:44:44","date_gmt":"2024-03-10T04:44:44","guid":{"rendered":"https:\/\/cachoeirapaulista.tur.br\/?p=1426"},"modified":"2026-07-25T05:52:11","modified_gmt":"2026-07-25T05:52:11","slug":"pontilhao-de-ferro-silvio-vilas-boas","status":"publish","type":"post","link":"https:\/\/museudigitalcp.com.br\/portaltur\/pontilhao-de-ferro-silvio-vilas-boas\/","title":{"rendered":"Pontilh\u00e3o de ferro Silvio Vilas Boas"},"content":{"rendered":"<h2 style=\"text-align: center;\">Obra que representa a expans\u00e3o e modernidade do Imp\u00e9rio<\/h2>\n<figure id=\"attachment_1428\" aria-describedby=\"caption-attachment-1428\" style=\"width: 300px\" class=\"wp-caption alignleft\"><img loading=\"lazy\" decoding=\"async\" class=\"wp-image-1428 size-medium\" title=\"Pontilh\u00e3o de ferro Silvio Vilas Boas\" src=\"https:\/\/museudigitalcp.com.br\/portaltur\/wp-content\/uploads\/2024\/03\/pontilhao-de-ferro-300x199.webp\" alt=\"Pontilh\u00e3o de ferro Silvio Vilas Boas\" width=\"300\" height=\"199\" srcset=\"https:\/\/museudigitalcp.com.br\/portaltur\/wp-content\/uploads\/2024\/03\/pontilhao-de-ferro-300x199.webp 300w, https:\/\/museudigitalcp.com.br\/portaltur\/wp-content\/uploads\/2024\/03\/pontilhao-de-ferro.webp 450w\" sizes=\"auto, (max-width: 300px) 100vw, 300px\" \/><figcaption id=\"caption-attachment-1428\" class=\"wp-caption-text\">Pontilh\u00e3o de ferro Silvio Vilas Boas<\/figcaption><\/figure>\n<p>O Pontilh\u00e3o de ferro Silvio Vilas Boas foi constru\u00eddo em 1875 no per\u00edodo da cria\u00e7\u00e3o da Estrada de Ferro que ligava o Rio de Janeiro a S\u00e3o Paulo. Tinha o objetivo de fazer a liga\u00e7\u00e3o das duas estradas de ferro, a Estrada de Ferro Dom Pedro II que partia do Rio de Janeiro e a Estrada de Ferro do Norte, tamb\u00e9m conhecida como S\u00e3o Paulo-Rio, projetada para facilitar o escoamento da produ\u00e7\u00e3o de caf\u00e9 das fazendas do Vale do Para\u00edba para o porto de Santos.<\/p>\n<p>Em 1896 o trecho com 231 km de extens\u00e3o da E.F. Norte foi incorporado pela Estrada de Ferro Central do Brasil com o objetivo de unificar as duas linhas alargando as bitolas e passando a se chamar <a href=\"https:\/\/pt.wikipedia.org\/wiki\/Estrada_de_Ferro_Central_do_Brasil#Refer%C3%AAncias\" target=\"_blank\" rel=\"noopener\">Ramal de S\u00e3o Paulo<\/a> que seguia \u00e0 margem direita do Rio Para\u00edba do Sul, at\u00e9 Porto de Cachoeira (atual Cachoeira Paulista), passando por Queluz e Cruzeiro, j\u00e1 na Prov\u00edncia de S\u00e3o Paulo. Este trecho seria conclu\u00eddo em 1874, com as composi\u00e7\u00f5es da Estrada de Ferro D. Pedro II alcan\u00e7ando a esta\u00e7\u00e3o constru\u00edda no povoado Santo Ant\u00f4nio da Cachoeira, no Porto de Cachoeira em 20 de julho de 1875.<\/p>\n<p>O pontilh\u00e3o, com 117 metros de extens\u00e3o foi projetado pelo engenheiro Newton Benatton, tamb\u00e9m autor do projeto da <a href=\"https:\/\/museudigitalcp.com.br\/portaltur\/estacao-ferroviaria-de-cachoeira-paulista\/\"><strong>Esta\u00e7\u00e3o Ferrovi\u00e1ria de Cachoeira Paulista<\/strong><\/a>, e posteriormente restaurada pelo engenheiro Euclydes da Cunha de acordo com o Of\u00edcio n\u00ba 61 de 31 de mar\u00e7o de 1897.<\/p>\n<hr \/>\n<p style=\"text-align: center;\"><span style=\"font-size: 8pt; color: #000000;\"><a style=\"color: #000000;\" href=\"https:\/\/museudigitalcp.com.br\/portaltur\/\">P\u00c1GINA PRINCIPAL<\/a> \u2502 <a style=\"color: #000000;\" href=\"https:\/\/museudigitalcp.com.br\/portaltur\/pontos-turisticos-cachoeira-paulista\/\">PONTOS TUR\u00cdSTICOS<\/a> \u2502 <a style=\"color: #000000;\" href=\"https:\/\/museudigitalcp.com.br\/portaltur\/guias-de-turismo-credenciados\/\">GUIAS DE TURISMO CREDENCIADOS<\/a> \u2502 <a style=\"color: #000000;\" href=\"https:\/\/museudigitalcp.com.br\/portaltur\/uber-taxista-e-vans\/\">UBER, TAXISTAS E VANS<\/a><\/span><\/p>\n<hr \/>\n","protected":false},"excerpt":{"rendered":"<p>Obra que representa a expans\u00e3o e modernidade do Imp\u00e9rio O Pontilh\u00e3o de ferro Silvio Vilas Boas foi constru\u00eddo em 1875 no per\u00edodo da cria\u00e7\u00e3o da Estrada de Ferro que ligava o Rio de Janeiro a S\u00e3o Paulo. Tinha o objetivo de fazer a liga\u00e7\u00e3o das duas estradas de ferro, a Estrada de Ferro Dom Pedro [&hellip;]<\/p>\n","protected":false},"author":1,"featured_media":1428,"comment_status":"closed","ping_status":"closed","sticky":false,"template":"","format":"standard","meta":{"_monsterinsights_skip_tracking":false,"site-sidebar-layout":"default","site-content-layout":"","ast-site-content-layout":"default","site-content-style":"default","site-sidebar-style":"default","ast-global-header-display":"","ast-banner-title-visibility":"","ast-main-header-display":"","ast-hfb-above-header-display":"","ast-hfb-below-header-display":"","ast-hfb-mobile-header-display":"","site-post-title":"","ast-breadcrumbs-content":"","ast-featured-img":"","footer-sml-layout":"","ast-disable-related-posts":"","theme-transparent-header-meta":"default","adv-header-id-meta":"","stick-header-meta":"","header-above-stick-meta":"","header-main-stick-meta":"","header-below-stick-meta":"","astra-migrate-meta-layouts":"set","ast-page-background-enabled":"default","ast-page-background-meta":{"desktop":{"background-color":"var(--ast-global-color-4)","background-image":"","background-repeat":"repeat","background-position":"center center","background-size":"auto","background-attachment":"scroll","background-type":"","background-media":"","overlay-type":"","overlay-color":"","overlay-opacity":"","overlay-gradient":""},"tablet":{"background-color":"","background-image":"","background-repeat":"repeat","background-position":"center center","background-size":"auto","background-attachment":"scroll","background-type":"","background-media":"","overlay-type":"","overlay-color":"","overlay-opacity":"","overlay-gradient":""},"mobile":{"background-color":"","background-image":"","background-repeat":"repeat","background-position":"center center","background-size":"auto","background-attachment":"scroll","background-type":"","background-media":"","overlay-type":"","overlay-color":"","overlay-opacity":"","overlay-gradient":""}},"ast-content-background-meta":{"desktop":{"background-color":"var(--ast-global-color-5)","background-image":"","background-repeat":"repeat","background-position":"center center","background-size":"auto","background-attachment":"scroll","background-type":"","background-media":"","overlay-type":"","overlay-color":"","overlay-opacity":"","overlay-gradient":""},"tablet":{"background-color":"var(--ast-global-color-5)","background-image":"","background-repeat":"repeat","background-position":"center center","background-size":"auto","background-attachment":"scroll","background-type":"","background-media":"","overlay-type":"","overlay-color":"","overlay-opacity":"","overlay-gradient":""},"mobile":{"background-color":"var(--ast-global-color-5)","background-image":"","background-repeat":"repeat","background-position":"center center","background-size":"auto","background-attachment":"scroll","background-type":"","background-media":"","overlay-type":"","overlay-color":"","overlay-opacity":"","overlay-gradient":""}},"footnotes":""},"categories":[190],"tags":[],"class_list":["post-1426","post","type-post","status-publish","format-standard","has-post-thumbnail","hentry","category-pontos-turisticos-pagina"],"_links":{"self":[{"href":"https:\/\/museudigitalcp.com.br\/portaltur\/wp-json\/wp\/v2\/posts\/1426","targetHints":{"allow":["GET"]}}],"collection":[{"href":"https:\/\/museudigitalcp.com.br\/portaltur\/wp-json\/wp\/v2\/posts"}],"about":[{"href":"https:\/\/museudigitalcp.com.br\/portaltur\/wp-json\/wp\/v2\/types\/post"}],"author":[{"embeddable":true,"href":"https:\/\/museudigitalcp.com.br\/portaltur\/wp-json\/wp\/v2\/users\/1"}],"replies":[{"embeddable":true,"href":"https:\/\/museudigitalcp.com.br\/portaltur\/wp-json\/wp\/v2\/comments?post=1426"}],"version-history":[{"count":0,"href":"https:\/\/museudigitalcp.com.br\/portaltur\/wp-json\/wp\/v2\/posts\/1426\/revisions"}],"wp:featuredmedia":[{"embeddable":true,"href":"https:\/\/museudigitalcp.com.br\/portaltur\/wp-json\/wp\/v2\/media\/1428"}],"wp:attachment":[{"href":"https:\/\/museudigitalcp.com.br\/portaltur\/wp-json\/wp\/v2\/media?parent=1426"}],"wp:term":[{"taxonomy":"category","embeddable":true,"href":"https:\/\/museudigitalcp.com.br\/portaltur\/wp-json\/wp\/v2\/categories?post=1426"},{"taxonomy":"post_tag","embeddable":true,"href":"https:\/\/museudigitalcp.com.br\/portaltur\/wp-json\/wp\/v2\/tags?post=1426"}],"curies":[{"name":"wp","href":"https:\/\/api.w.org\/{rel}","templated":true}]}}