{"id":1421,"date":"2024-03-05T02:29:13","date_gmt":"2024-03-05T02:29:13","guid":{"rendered":"https:\/\/cachoeirapaulista.tur.br\/?p=1421"},"modified":"2026-03-12T05:33:04","modified_gmt":"2026-03-12T05:33:04","slug":"ponte-agostinho-ramos","status":"publish","type":"post","link":"https:\/\/museudigitalcp.com.br\/portaltur\/ponte-agostinho-ramos\/","title":{"rendered":"Ponte Agostinho Ramos"},"content":{"rendered":"<h2><span class=\"ez-toc-section\" id=\"A_Ponte_Agostinho_Ramos_permanece_imponente_e_testemunha_da_historia_do_Brasil\"><\/span>A Ponte Agostinho Ramos permanece imponente e testemunha da hist\u00f3ria do Brasil<span class=\"ez-toc-section-end\"><\/span><\/h2>\n<h3><span class=\"ez-toc-section\" id=\"A_primeira_ponte\"><\/span>A primeira ponte<span class=\"ez-toc-section-end\"><\/span><\/h3>\n<p>Em 1880, Cachoeira Paulista, que se chamava Porto da Cachoeira \u00e9 desmembrada da Vila de Lorena e, atrav\u00e9s da Lei Provincial n\u00ba5, e criada a Vila de Santo Ant\u00f4nio da Bocaina. Segundo Agostinho Ramos, j\u00e1 em 1884, o Legislativo cobrava das autoridades da Prov\u00edncia a constru\u00e7\u00e3o de uma ponte para a comunica\u00e7\u00e3o ente as duas margens do rio Para\u00edba que, at\u00e9 ent\u00e3o era feita por balsas.<\/p>\n<p>Em janeiro de\u00a01885, com nova cobran\u00e7a ao Governo da Prov\u00edncia foi pedido tamb\u00e9m recursos para a constru\u00e7\u00e3o da <a href=\"https:\/\/museudigitalcp.com.br\/portaltur\/igreja-de-santo-antonio\/\">Igreja Matriz de Santo Ant\u00f4nio<\/a>.<\/p>\n<figure id=\"attachment_1424\" aria-describedby=\"caption-attachment-1424\" style=\"width: 500px\" class=\"wp-caption alignleft\"><img loading=\"lazy\" decoding=\"async\" class=\"wp-image-1424 size-full\" title=\"A primeira ponte sobre o rio Para\u00edba\" src=\"https:\/\/museudigitalcp.com.br\/portaltur\/wp-content\/uploads\/2024\/03\/antiga-ponte-sobre-o-rio-paraiba.webp\" alt=\"A primeira ponte sobre o rio Para\u00edba\" width=\"500\" height=\"359\" srcset=\"https:\/\/museudigitalcp.com.br\/portaltur\/wp-content\/uploads\/2024\/03\/antiga-ponte-sobre-o-rio-paraiba.webp 500w, https:\/\/museudigitalcp.com.br\/portaltur\/wp-content\/uploads\/2024\/03\/antiga-ponte-sobre-o-rio-paraiba-300x215.webp 300w\" sizes=\"auto, (max-width: 500px) 100vw, 500px\" \/><figcaption id=\"caption-attachment-1424\" class=\"wp-caption-text\">A primeira ponte sobre o rio Para\u00edba inaugurada em abril de 1891<\/figcaption><\/figure>\n<p>Em 1886, foi proposto por Ant\u00f4nio Jos\u00e9 da Costa e os irm\u00e3os Porto a constru\u00e7\u00e3o de uma ponte de madeira e tinham como objetivo a cobran\u00e7a de ped\u00e1gio e ao mesmo tempo o Bar\u00e3o da Parna\u00edba, Vice-Presidente da Prov\u00edncia abriu a concorr\u00eancia para a constru\u00e7\u00e3o de uma ponte de estrutura met\u00e1lica com pilares de pedra que custasse at\u00e9 sessenta contos de r\u00e9is.<\/p>\n<p>Tal concorr\u00eancia n\u00e3o vingou, pois em janeiro de 1888 a C\u00e2mara Provincial da Bocaina pediu novamente os recursos \u00e0 Assembleia Provincial (atual Assembleia Legislativa) a constru\u00e7\u00e3o da ponte conseguindo a libera\u00e7\u00e3o da verba de vinte e cinco contos de r\u00e9is em abril do mesmo ano.<\/p>\n<p>Segundo Agostinho Ramos a Vila da Bocaina recebeu em mar\u00e7o de 1889 a visita do Presidente da Prov\u00edncia, Dr Pedro Vicente e uma comiss\u00e3o de engenheiros para a avalia\u00e7\u00e3o do local a ser constru\u00edda a ponte ao custo de setenta contos de r\u00e9is. Em julho do mesmo ano o Bar\u00e3o da Bocaina Francisco de Paula Vicente de Azevedo, de Lorena, coloca-se como respons\u00e1vel pela supervis\u00e3o a constru\u00e7\u00e3o.<\/p>\n<p>O engenheiro respons\u00e1vel foi Jo\u00e3o Corr\u00eaa da Costa e a t\u00e3o esperada ponte foi inaugurada em 24 de abril de 1891.<\/p>\n<p>Em 1897 a ponte apresentou fendas verticais que se dilatavam pr\u00f3ximas \u00e0 margem direita conforme foi publicado no jornal Correio Paulistano em 1953 em um artigo publicado por Agostinho Ramos detalhando as falhar estruturais e a atua\u00e7\u00e3o da antiga Superintend\u00eancia de Obras P\u00fablicas para o reparo da mesma.<\/p>\n<p>Foi enviado o engenheiro ajudante Portugal Freixo que ap\u00f3s examinar a obra r apresentar as solu\u00e7\u00f5es que seria a reconstru\u00e7\u00e3o total pelo valor de sessenta contos de r\u00e9is. A Superintend\u00eancia discordou do laudo e enviou o tamb\u00e9m engenheiro ajudante Euclydes da Cunha que optou pelo refor\u00e7o dos pilares com o que se chama de Cruz de Santo Andr\u00e9, recurso que evitaria seu desabamento.<\/p>\n<p>Com a aprova\u00e7\u00e3o do laudo de Euclydes da Cunha este ficou respons\u00e1vel pela an\u00e1lise das propostas apresentadas na concorr\u00eancia feira pela Secretaria Estadual de Agricultura, subordinada a Superintend\u00eancia. Com a obra conclu\u00edda a ponte se tornou segura e se transformou no cart\u00e3o postal da cidade e o m\u00e9rito da restaura\u00e7\u00e3o coube ao engenheiro Euclydes da Cunha. O engenheiro e escritor em seguida seguiria para Canudos como correspondente do jornal O Estado de S\u00e3o Paulo onde escreveria sua obra prima \u201cOs Sert\u00f5es\u201d.<\/p>\n<p>Depois se estabelece na cidade de Lorena ap\u00f3s ser promovido a engenheiro-chefe do 2\u00ba Distrito de Obras P\u00fablicas sediado na cidade de Guaratinguet\u00e1.<\/p>\n<h3><span class=\"ez-toc-section\" id=\"A_segunda_e_atual_ponte\"><\/span>A segunda e atual ponte<span class=\"ez-toc-section-end\"><\/span><\/h3>\n<figure id=\"attachment_1425\" aria-describedby=\"caption-attachment-1425\" style=\"width: 500px\" class=\"wp-caption alignleft\"><img loading=\"lazy\" decoding=\"async\" class=\"wp-image-1425 size-full\" title=\"Ponte destru\u00edda em 14 de setembro de 1932\" src=\"https:\/\/museudigitalcp.com.br\/portaltur\/wp-content\/uploads\/2024\/03\/ponte-destruida.webp\" alt=\"Ponte destru\u00edda em 14 de setembro de 1932\" width=\"500\" height=\"276\" srcset=\"https:\/\/museudigitalcp.com.br\/portaltur\/wp-content\/uploads\/2024\/03\/ponte-destruida.webp 500w, https:\/\/museudigitalcp.com.br\/portaltur\/wp-content\/uploads\/2024\/03\/ponte-destruida-300x166.webp 300w\" sizes=\"auto, (max-width: 500px) 100vw, 500px\" \/><figcaption id=\"caption-attachment-1425\" class=\"wp-caption-text\">Ponte destru\u00edda em 14 de setembro de 1932<\/figcaption><\/figure>\n<p>Em 1932, com a eclos\u00e3o da Revolu\u00e7\u00e3o Constitucionalista, 35 anos depois, outro Euclydes, este o Coronel Euclydes de Figueiredo e pai do Ex-Presidente e General Jo\u00e3o Baptista de Figueiredo, chega a Cachoeira para assumir o comando da 2\u00aa D.I.O (Segunda Divis\u00e3o de Infantaria em Opera\u00e7\u00f5es), durante o conflito. De cachoeira o Coronel Euclydes comandava todas as opera\u00e7\u00f5es militares contra as for\u00e7as legalistas de Get\u00falio Vargas no chamado Setor Norte. Segundo Agostinho Ramos, o Coronel Euclydes instala as tropas na Margem Esquerda requisitando as casas de v\u00e1rias fam\u00edlias para as devidas acomoda\u00e7\u00f5es.<\/p>\n<p>Durante o conflito soldados legalistas se posicionaram em Bananal, S\u00e3o Jos\u00e9 do Barreiro e avan\u00e7avam para Queluz e a ordem do comandante era destruir as pontes sobre o rio Para\u00edba e pontilh\u00f5es da via f\u00e9rrea destas cidades, o que n\u00e3o foi suficiente para deter o avan\u00e7o das for\u00e7as federais.<\/p>\n<figure id=\"attachment_1297\" aria-describedby=\"caption-attachment-1297\" style=\"width: 420px\" class=\"wp-caption alignright\"><img loading=\"lazy\" decoding=\"async\" class=\"wp-image-1297 size-full\" title=\"Ponte Agostinho Ramos\" src=\"https:\/\/museudigitalcp.com.br\/portaltur\/wp-content\/uploads\/2023\/07\/cachoeira-paulista02.webp\" alt=\"Ponte Agostinho Ramos\" width=\"420\" height=\"278\" srcset=\"https:\/\/museudigitalcp.com.br\/portaltur\/wp-content\/uploads\/2023\/07\/cachoeira-paulista02.webp 420w, https:\/\/museudigitalcp.com.br\/portaltur\/wp-content\/uploads\/2023\/07\/cachoeira-paulista02-300x199.webp 300w\" sizes=\"auto, (max-width: 420px) 100vw, 420px\" \/><figcaption id=\"caption-attachment-1297\" class=\"wp-caption-text\">Vista noturna da ponte Agostinho Ramos<\/figcaption><\/figure>\n<p>Na noite do dia 13 de setembro de 1932, Agostinho Ramos foi comunicado pelo pr\u00f3prio Coronel Figueiredo que a t\u00e3o sonhada ponte seria destru\u00edda como estrat\u00e9gia de guerra. Era preciso conter o avan\u00e7o das tropas de Get\u00falio Vargas e na manh\u00e3 do dia 14 ela foi dinamitada.<\/p>\n<p>O pr\u00f3prio Agostinho Ramos relatou o fato da seguinte forma:<\/p>\n<p><em>\u00a0\u201cDeviam ser, mais ou menos, 3 horas da madrugada, tr\u00eas fort\u00edssimos estampidos. Desmantelaram-se os transformadores, arriara a ponte que vai para a Margem Esquerda. (&#8230;). E aqui se verifica interessante e singular coincid\u00eancia de reflexos antag\u00f4nicos \u2013 em 1897, um Euclides, na paz, consolida uma ponte; em 1932, outro Euclides, na guerra, a destr\u00f3i&#8230;\u201d.<\/em><\/p>\n<p>Com o fim do conflito e a rendi\u00e7\u00e3o de S\u00e3o Paulo, a popula\u00e7\u00e3o de Cachoeira voltou a utilizar balsas para transitarem de uma margem para outra. Foi quando Agostinho Ramos, com apoio da popula\u00e7\u00e3o, iniciou uma grande campanha para a reconstru\u00e7\u00e3o da ponte. Foi atendido pelo Governo do Estado de S\u00e3o Paulo e o novo projeto do engenheiro Marc\u00edlio Malta Cardoso previa uma ponte de concreto armado e as obras tiveram in\u00edcio no dia 09 de julho de 1934 e conclu\u00eddas em 11 de novembro do mesmo ano ao custo de seiscentos e dez contos de r\u00e9is.<\/p>\n<p>A nova ponte, com seus grandes arcos, foi inaugurada no dia 18 de novembro de 1934 com uma grande festa e voltou a ser o cart\u00e3o postal da cidade onde permanece e leva o nome do ex-prefeito, sendo Ponte Agostinho Vicente de Freitas Ramos.<\/p>\n<p>Texto de refer\u00eancia: <a href=\"https:\/\/redescobrindoovale.blogspot.com\/2017\/07\/a-ponte-dos-dois-euclides.html\" target=\"_blank\" rel=\"noopener\">https:\/\/redescobrindoovale.blogspot.com\/2017\/07\/a-ponte-dos-dois-euclides.html<\/a><\/p>\n<hr \/>\n<p style=\"text-align: center;\"><span style=\"font-size: 8pt; color: #000000;\"><a style=\"color: #000000;\" href=\"https:\/\/museudigitalcp.com.br\/portaltur\/\">P\u00c1GINA PRINCIPAL<\/a> \u2502 <a style=\"color: #000000;\" href=\"https:\/\/museudigitalcp.com.br\/portaltur\/pontos-turisticos-cachoeira-paulista\/\">PONTOS TUR\u00cdSTICOS<\/a> \u2502 <a style=\"color: #000000;\" href=\"https:\/\/museudigitalcp.com.br\/portaltur\/guias-de-turismo-credenciados\/\">GUIAS DE TURISMO CREDENCIADOS<\/a> \u2502 <a style=\"color: #000000;\" href=\"https:\/\/museudigitalcp.com.br\/portaltur\/uber-taxista-e-vans\/\">UBER, TAXISTAS E VANS<\/a><\/span><\/p>\n<hr \/>\n<div id=\"ez-toc-container\" class=\"ez-toc-v2_0_87 counter-hierarchy ez-toc-counter ez-toc-custom ez-toc-container-direction\">\n<div class=\"ez-toc-title-container\">\n<p class=\"ez-toc-title\" style=\"cursor:inherit\">Resumo<\/p>\n<span class=\"ez-toc-title-toggle\"><a href=\"#\" class=\"ez-toc-pull-right ez-toc-btn ez-toc-btn-xs ez-toc-btn-default ez-toc-toggle\" aria-label=\"Alternar tabela de conte\u00fado\"><span class=\"ez-toc-js-icon-con\"><span class=\"\"><span class=\"eztoc-hide\" style=\"display:none;\">Toggle<\/span><span class=\"ez-toc-icon-toggle-span\"><svg style=\"fill: #05006b;color:#05006b\" xmlns=\"http:\/\/www.w3.org\/2000\/svg\" class=\"list-377408\" width=\"20px\" height=\"20px\" viewBox=\"0 0 24 24\" fill=\"none\"><path d=\"M6 6H4v2h2V6zm14 0H8v2h12V6zM4 11h2v2H4v-2zm16 0H8v2h12v-2zM4 16h2v2H4v-2zm16 0H8v2h12v-2z\" fill=\"currentColor\"><\/path><\/svg><svg style=\"fill: #05006b;color:#05006b\" class=\"arrow-unsorted-368013\" xmlns=\"http:\/\/www.w3.org\/2000\/svg\" width=\"10px\" height=\"10px\" viewBox=\"0 0 24 24\" version=\"1.2\" baseProfile=\"tiny\"><path d=\"M18.2 9.3l-6.2-6.3-6.2 6.3c-.2.2-.3.4-.3.7s.1.5.3.7c.2.2.4.3.7.3h11c.3 0 .5-.1.7-.3.2-.2.3-.5.3-.7s-.1-.5-.3-.7zM5.8 14.7l6.2 6.3 6.2-6.3c.2-.2.3-.5.3-.7s-.1-.5-.3-.7c-.2-.2-.4-.3-.7-.3h-11c-.3 0-.5.1-.7.3-.2.2-.3.5-.3.7s.1.5.3.7z\"\/><\/svg><\/span><\/span><\/span><\/a><\/span><\/div>\n<nav><ul class='ez-toc-list ez-toc-list-level-1 eztoc-toggle-hide-by-default' ><li class='ez-toc-page-1 ez-toc-heading-level-2'><a class=\"ez-toc-link ez-toc-heading-1\" href=\"https:\/\/museudigitalcp.com.br\/portaltur\/ponte-agostinho-ramos\/#A_Ponte_Agostinho_Ramos_permanece_imponente_e_testemunha_da_historia_do_Brasil\" >A Ponte Agostinho Ramos permanece imponente e testemunha da hist\u00f3ria do Brasil<\/a><ul class='ez-toc-list-level-3' ><li class='ez-toc-heading-level-3'><a class=\"ez-toc-link ez-toc-heading-2\" href=\"https:\/\/museudigitalcp.com.br\/portaltur\/ponte-agostinho-ramos\/#A_primeira_ponte\" >A primeira ponte<\/a><\/li><li class='ez-toc-page-1 ez-toc-heading-level-3'><a class=\"ez-toc-link ez-toc-heading-3\" href=\"https:\/\/museudigitalcp.com.br\/portaltur\/ponte-agostinho-ramos\/#A_segunda_e_atual_ponte\" >A segunda e atual ponte<\/a><\/li><\/ul><\/li><\/ul><\/nav><\/div>\n","protected":false},"excerpt":{"rendered":"<p>A Ponte Agostinho Ramos permanece imponente e testemunha da hist\u00f3ria do Brasil A primeira ponte Em 1880, Cachoeira Paulista, que se chamava Porto da Cachoeira \u00e9 desmembrada da Vila de Lorena e, atrav\u00e9s da Lei Provincial n\u00ba5, e criada a Vila de Santo Ant\u00f4nio da Bocaina. Segundo Agostinho Ramos, j\u00e1 em 1884, o Legislativo cobrava [&hellip;]<\/p>\n","protected":false},"author":1,"featured_media":1297,"comment_status":"closed","ping_status":"closed","sticky":false,"template":"","format":"standard","meta":{"_monsterinsights_skip_tracking":false,"site-sidebar-layout":"default","site-content-layout":"","ast-site-content-layout":"default","site-content-style":"default","site-sidebar-style":"default","ast-global-header-display":"","ast-banner-title-visibility":"","ast-main-header-display":"","ast-hfb-above-header-display":"","ast-hfb-below-header-display":"","ast-hfb-mobile-header-display":"","site-post-title":"","ast-breadcrumbs-content":"","ast-featured-img":"","footer-sml-layout":"","ast-disable-related-posts":"","theme-transparent-header-meta":"","adv-header-id-meta":"","stick-header-meta":"","header-above-stick-meta":"","header-main-stick-meta":"","header-below-stick-meta":"","astra-migrate-meta-layouts":"default","ast-page-background-enabled":"default","ast-page-background-meta":{"desktop":{"background-color":"var(--ast-global-color-4)","background-image":"","background-repeat":"repeat","background-position":"center center","background-size":"auto","background-attachment":"scroll","background-type":"","background-media":"","overlay-type":"","overlay-color":"","overlay-opacity":"","overlay-gradient":""},"tablet":{"background-color":"","background-image":"","background-repeat":"repeat","background-position":"center center","background-size":"auto","background-attachment":"scroll","background-type":"","background-media":"","overlay-type":"","overlay-color":"","overlay-opacity":"","overlay-gradient":""},"mobile":{"background-color":"","background-image":"","background-repeat":"repeat","background-position":"center center","background-size":"auto","background-attachment":"scroll","background-type":"","background-media":"","overlay-type":"","overlay-color":"","overlay-opacity":"","overlay-gradient":""}},"ast-content-background-meta":{"desktop":{"background-color":"var(--ast-global-color-5)","background-image":"","background-repeat":"repeat","background-position":"center center","background-size":"auto","background-attachment":"scroll","background-type":"","background-media":"","overlay-type":"","overlay-color":"","overlay-opacity":"","overlay-gradient":""},"tablet":{"background-color":"var(--ast-global-color-5)","background-image":"","background-repeat":"repeat","background-position":"center center","background-size":"auto","background-attachment":"scroll","background-type":"","background-media":"","overlay-type":"","overlay-color":"","overlay-opacity":"","overlay-gradient":""},"mobile":{"background-color":"var(--ast-global-color-5)","background-image":"","background-repeat":"repeat","background-position":"center center","background-size":"auto","background-attachment":"scroll","background-type":"","background-media":"","overlay-type":"","overlay-color":"","overlay-opacity":"","overlay-gradient":""}},"footnotes":""},"categories":[190],"tags":[],"class_list":["post-1421","post","type-post","status-publish","format-standard","has-post-thumbnail","hentry","category-pontos-turisticos-pagina"],"_links":{"self":[{"href":"https:\/\/museudigitalcp.com.br\/portaltur\/wp-json\/wp\/v2\/posts\/1421","targetHints":{"allow":["GET"]}}],"collection":[{"href":"https:\/\/museudigitalcp.com.br\/portaltur\/wp-json\/wp\/v2\/posts"}],"about":[{"href":"https:\/\/museudigitalcp.com.br\/portaltur\/wp-json\/wp\/v2\/types\/post"}],"author":[{"embeddable":true,"href":"https:\/\/museudigitalcp.com.br\/portaltur\/wp-json\/wp\/v2\/users\/1"}],"replies":[{"embeddable":true,"href":"https:\/\/museudigitalcp.com.br\/portaltur\/wp-json\/wp\/v2\/comments?post=1421"}],"version-history":[{"count":0,"href":"https:\/\/museudigitalcp.com.br\/portaltur\/wp-json\/wp\/v2\/posts\/1421\/revisions"}],"wp:featuredmedia":[{"embeddable":true,"href":"https:\/\/museudigitalcp.com.br\/portaltur\/wp-json\/wp\/v2\/media\/1297"}],"wp:attachment":[{"href":"https:\/\/museudigitalcp.com.br\/portaltur\/wp-json\/wp\/v2\/media?parent=1421"}],"wp:term":[{"taxonomy":"category","embeddable":true,"href":"https:\/\/museudigitalcp.com.br\/portaltur\/wp-json\/wp\/v2\/categories?post=1421"},{"taxonomy":"post_tag","embeddable":true,"href":"https:\/\/museudigitalcp.com.br\/portaltur\/wp-json\/wp\/v2\/tags?post=1421"}],"curies":[{"name":"wp","href":"https:\/\/api.w.org\/{rel}","templated":true}]}}