{"id":1337,"date":"2023-08-04T04:43:28","date_gmt":"2023-08-04T04:43:28","guid":{"rendered":"https:\/\/cachoeirapaulista.tur.br\/?p=1337"},"modified":"2026-03-12T23:49:41","modified_gmt":"2026-03-12T23:49:41","slug":"centro-de-evangelizacao","status":"publish","type":"post","link":"https:\/\/museudigitalcp.com.br\/portaltur\/centro-de-evangelizacao\/","title":{"rendered":"Centro de Evangeliza\u00e7\u00e3o"},"content":{"rendered":"<h2 class=\" entry-title \"><span class=\"ez-toc-section\" id=\"Centro_de_Evangelizacao_Dom_Joao_Hipolito_de_Moraes_conhecido_como_Rincao_do_meu_Senhor_tem_capacidade_para_mais_de_70_mil_pessoas_em_Cachoeira_Paulista\"><\/span>Centro de Evangeliza\u00e7\u00e3o Dom Jo\u00e3o Hip\u00f3lito de Moraes conhecido como Rinc\u00e3o do meu Senhor tem capacidade para mais de 70 mil pessoas em Cachoeira Paulista<span class=\"ez-toc-section-end\"><\/span><\/h2>\n<h2><span class=\"ez-toc-section\" id=\"O_proposito\"><\/span><span id=\"O_prop.C3.B3sito\" class=\"mw-headline\">O prop\u00f3sito<\/span><span class=\"ez-toc-section-end\"><\/span><\/h2>\n<p>Construir um grande est\u00e1dio coberto. Essa ideia surgiu desde o momento em que compramos esse terreno; n\u00f3s o vimos e depois o arquiteto veio e confirmou que n\u00f3s t\u00ednhamos um est\u00e1dio natural. Isso ficou guardado no meu cora\u00e7\u00e3o durante anos e como nos \u00faltimos anos, os acampamentos come\u00e7aram a ter 30, 40 mil participantes, n\u00e3o t\u00ednhamos mais como abrig\u00e1-los. Precis\u00e1vamos fazer um grande local para termos nossos encontros. Quer\u00edamos para 40 mil pessoas apenas, mas a pr\u00f3pria provid\u00eancia nos empurrou para frente pelos acontecimentos e, hoje, podemos abrigar pelo menos 80 mil pessoas; afirma\u00a0Monsenhor Jonas Abib.<\/p>\n<h2><span class=\"ez-toc-section\" id=\"A_construcao\"><\/span><span id=\"A_constru.C3.A7.C3.A3o\" class=\"mw-headline\">A constru\u00e7\u00e3o<\/span><span class=\"ez-toc-section-end\"><\/span><\/h2>\n<div class=\"thumb tright\">\n<div class=\"thumbinner\">\n<p>O Centro de Evangeliza\u00e7\u00e3o inicialmente tinha como projeto de ser constru\u00eddo em tr\u00eas anos, mas com a gra\u00e7a de Deus e de nossos s\u00f3cios evangelizadores que contribuem fielmente todos os meses com a Can\u00e7\u00e3o Nova e evangelizam conosco, a constru\u00e7\u00e3o do Centro de Evangeliza\u00e7\u00e3o foi conclu\u00edda em apenas nove meses.<\/p>\n<\/div>\n<\/div>\n<div class=\"thumb tleft\">\n<div class=\"thumbinner\">Este local foi constru\u00eddo somente com a doa\u00e7\u00e3o de ouro que as pessoas nos enviavam, pois sentiam impelidas a doarem suas j\u00f3ias, alian\u00e7as de casamento, colares, pulseiras, rel\u00f3gios, brincos e pingentes para a obra do Senhor, mostrando assim que suas maiores riquezas \u00e9 o Senhor e que tamb\u00e9m queriam demonstrar sua gratid\u00e3o com a Can\u00e7\u00e3o Nova e a Deus que tem realizado verdadeiras maravilhas na vida de muitas pessoas atrav\u00e9s do\u00a0<strong><a href=\"https:\/\/www.cancaonova.com\/\" target=\"_blank\" rel=\"noopener\">Sistema Can\u00e7\u00e3o Nova de Comunica\u00e7\u00e3o<\/a><\/strong>.<\/div>\n<div>\n<h2><span class=\"ez-toc-section\" id=\"Estrutura\"><\/span><span id=\"Estrutura\" class=\"mw-headline\">Estrutura<\/span><span class=\"ez-toc-section-end\"><\/span><\/h2>\n<figure id=\"attachment_1338\" aria-describedby=\"caption-attachment-1338\" style=\"width: 450px\" class=\"wp-caption alignright\"><img loading=\"lazy\" decoding=\"async\" class=\"wp-image-1338 size-full\" title=\"Centro de Evangeliza\u00e7\u00e3o Dom Jo\u00e3o Hip\u00f3lito de Moraes\" src=\"https:\/\/museudigitalcp.com.br\/portaltur\/wp-content\/uploads\/2023\/08\/rincao.webp\" alt=\"Centro de Evangeliza\u00e7\u00e3o Dom Jo\u00e3o Hip\u00f3lito de Moraes\" width=\"450\" height=\"298\" srcset=\"https:\/\/museudigitalcp.com.br\/portaltur\/wp-content\/uploads\/2023\/08\/rincao.webp 450w, https:\/\/museudigitalcp.com.br\/portaltur\/wp-content\/uploads\/2023\/08\/rincao-300x199.webp 300w\" sizes=\"auto, (max-width: 450px) 100vw, 450px\" \/><figcaption id=\"caption-attachment-1338\" class=\"wp-caption-text\">Centro de Evangeliza\u00e7\u00e3o Dom Jo\u00e3o Hip\u00f3lito de Moraes &#8211; Can\u00e7\u00e3o Nova &#8211; Cachoeira Paulista<\/figcaption><\/figure>\n<p>O Centro de Evangeliza\u00e7\u00e3o\u00a0Dom Jo\u00e3o Hip\u00f3lito de Moraes\u00a0\u00e9 um dos maiores espa\u00e7o cobertos para a realiza\u00e7\u00e3o de eventos cat\u00f3licos da Am\u00e9rica Latina, com com 119 metros, capacidade para 70 mil pessoas; sua Infraestrutura \u00e9 totalmente inovadora para proporcionar aos\u00a0peregrinos\u00a0um local totalmente prop\u00edcio para uma experi\u00eancia pessoal com Jesus.<\/p>\n<p>Existe tamb\u00e9m atr\u00e1s do Centro de Evangeliza\u00e7\u00e3o uma\u00a0pra\u00e7a de alimenta\u00e7\u00e3o\u00a0com barracas de doce, pastel, lanchonete,\u00a0caixas, sorvetes,\u00a0estacionamento\u00a0e\u00a0banheiros. O Centro de Evangeliza\u00e7\u00e3o \u00e9 usado para encontros de grande porte de n\u00edvel nacional e internacional.<\/p>\n<p>O Centro de Evangeliza\u00e7\u00e3o inicialmente tinha como projeto de ser constru\u00eddo em tr\u00eas anos, mas com a gra\u00e7a de Deus e de nossos s\u00f3cios evangelizadores que contribuem fielmente todo m\u00eas com a Can\u00e7\u00e3o Nova e evangelizam conosco, a constru\u00e7\u00e3o do Centro de Evangeliza\u00e7\u00e3o foi conclu\u00edda em apenas nove meses.<\/p>\n<p>Este local foi constru\u00eddo somente com a doa\u00e7\u00e3o de ouro que as pessoas nos enviavam, pois sentiam impelidas a doarem suas j\u00f3ias, alian\u00e7as de casamento, colares, pulseiras, rel\u00f3gios, brincos e pingentes para a obra do Senhor, mostrando assim que suas maiores riquezas \u00e9 o Senhor e que tamb\u00e9m queriam demonstrar sua gratid\u00e3o com a Can\u00e7\u00e3o Nova e a Deus que tem realizado verdadeiras maravilhas na vida de muitas pessoas atrav\u00e9s do Sistema Can\u00e7\u00e3o Nova de Comunica\u00e7\u00e3o.<\/p>\n<h2><span class=\"ez-toc-section\" id=\"A_concretizacao\"><\/span><span id=\"A_concretiza.C3.A7.C3.A3o\" class=\"mw-headline\">A concretiza\u00e7\u00e3o<\/span><span class=\"ez-toc-section-end\"><\/span><\/h2>\n<div class=\"thumb tright\">\n<div class=\"thumbinner\">\n<p>O Senhor inspirou no cora\u00e7\u00e3o de\u00a0Monsenhor Jonas Abib\u00a0que o Centro de Evangeliza\u00e7\u00e3o seria um local da manifesta\u00e7\u00e3o poderosa do Senhor! E esta promessa tem se cumprido em cada Acampamento realizado no Centro de Evangeliza\u00e7\u00e3o, a cada dia Deus tem sido verdadeiramente fiel a sua promessa e feito maravilhas na vida dos peregrinos que vem participar dos Acampamentos. O Centro de Evangeliza\u00e7\u00e3o Dom Jo\u00e3o Hip\u00f3lito de Moraes serviu e continuar\u00e1 servindo de palco para que a Miseric\u00f3rdia de Deus se manifeste na vida de todos que tocarem nesse solo eucar\u00edstico ou que acompanhem as transmiss\u00f5es pelo Sistema Can\u00e7\u00e3o Nova de Comunica\u00e7\u00e3o.<\/p>\n<p>Fonte: <a href=\"https:\/\/santuario.cancaonova.com\/cobertura\/centro-de-evangelizacao-dom-joao-hipolito-de-moraes\/\" target=\"_blank\" rel=\"noopener\">https:\/\/santuario.cancaonova.com\/cobertura\/centro-de-evangelizacao-dom-joao-hipolito-de-moraes\/<\/a><\/p>\n<hr \/>\n<p style=\"text-align: center;\"><span style=\"font-size: 8pt;\"><a href=\"https:\/\/museudigitalcp.com.br\/portaltur\/\">P\u00c1GINA PRINCIPAL<\/a> \u2502 <a href=\"https:\/\/museudigitalcp.com.br\/portaltur\/pontos-turisticos-cachoeira-paulista\/\">PONTOS TUR\u00cdSTICOS<\/a> \u2502 <a href=\"https:\/\/museudigitalcp.com.br\/portaltur\/guias-de-turismo-credenciados\/\">GUIAS DE TURISMO CREDENCIADOS<\/a> \u2502 <a href=\"https:\/\/museudigitalcp.com.br\/portaltur\/uber-taxista-e-vans\/\">UBER, TAXISTAS E VANS<\/a><\/span><\/p>\n<hr \/>\n<\/div>\n<\/div>\n<\/div>\n<\/div>\n<div id=\"ez-toc-container\" class=\"ez-toc-v2_0_87 counter-hierarchy ez-toc-counter ez-toc-custom ez-toc-container-direction\">\n<div class=\"ez-toc-title-container\">\n<p class=\"ez-toc-title\" style=\"cursor:inherit\">Resumo<\/p>\n<span class=\"ez-toc-title-toggle\"><a href=\"#\" class=\"ez-toc-pull-right ez-toc-btn ez-toc-btn-xs ez-toc-btn-default ez-toc-toggle\" aria-label=\"Alternar tabela de conte\u00fado\"><span class=\"ez-toc-js-icon-con\"><span class=\"\"><span class=\"eztoc-hide\" style=\"display:none;\">Toggle<\/span><span class=\"ez-toc-icon-toggle-span\"><svg style=\"fill: #05006b;color:#05006b\" xmlns=\"http:\/\/www.w3.org\/2000\/svg\" class=\"list-377408\" width=\"20px\" height=\"20px\" viewBox=\"0 0 24 24\" fill=\"none\"><path d=\"M6 6H4v2h2V6zm14 0H8v2h12V6zM4 11h2v2H4v-2zm16 0H8v2h12v-2zM4 16h2v2H4v-2zm16 0H8v2h12v-2z\" fill=\"currentColor\"><\/path><\/svg><svg style=\"fill: #05006b;color:#05006b\" class=\"arrow-unsorted-368013\" xmlns=\"http:\/\/www.w3.org\/2000\/svg\" width=\"10px\" height=\"10px\" viewBox=\"0 0 24 24\" version=\"1.2\" baseProfile=\"tiny\"><path d=\"M18.2 9.3l-6.2-6.3-6.2 6.3c-.2.2-.3.4-.3.7s.1.5.3.7c.2.2.4.3.7.3h11c.3 0 .5-.1.7-.3.2-.2.3-.5.3-.7s-.1-.5-.3-.7zM5.8 14.7l6.2 6.3 6.2-6.3c.2-.2.3-.5.3-.7s-.1-.5-.3-.7c-.2-.2-.4-.3-.7-.3h-11c-.3 0-.5.1-.7.3-.2.2-.3.5-.3.7s.1.5.3.7z\"\/><\/svg><\/span><\/span><\/span><\/a><\/span><\/div>\n<nav><ul class='ez-toc-list ez-toc-list-level-1 eztoc-toggle-hide-by-default' ><li class='ez-toc-page-1 ez-toc-heading-level-2'><a class=\"ez-toc-link ez-toc-heading-1\" href=\"https:\/\/museudigitalcp.com.br\/portaltur\/centro-de-evangelizacao\/#Centro_de_Evangelizacao_Dom_Joao_Hipolito_de_Moraes_conhecido_como_Rincao_do_meu_Senhor_tem_capacidade_para_mais_de_70_mil_pessoas_em_Cachoeira_Paulista\" >Centro de Evangeliza\u00e7\u00e3o Dom Jo\u00e3o Hip\u00f3lito de Moraes conhecido como Rinc\u00e3o do meu Senhor tem capacidade para mais de 70 mil pessoas em Cachoeira Paulista<\/a><\/li><li class='ez-toc-page-1 ez-toc-heading-level-2'><a class=\"ez-toc-link ez-toc-heading-2\" href=\"https:\/\/museudigitalcp.com.br\/portaltur\/centro-de-evangelizacao\/#O_proposito\" >O prop\u00f3sito<\/a><\/li><li class='ez-toc-page-1 ez-toc-heading-level-2'><a class=\"ez-toc-link ez-toc-heading-3\" href=\"https:\/\/museudigitalcp.com.br\/portaltur\/centro-de-evangelizacao\/#A_construcao\" >A constru\u00e7\u00e3o<\/a><\/li><li class='ez-toc-page-1 ez-toc-heading-level-2'><a class=\"ez-toc-link ez-toc-heading-4\" href=\"https:\/\/museudigitalcp.com.br\/portaltur\/centro-de-evangelizacao\/#Estrutura\" >Estrutura<\/a><\/li><li class='ez-toc-page-1 ez-toc-heading-level-2'><a class=\"ez-toc-link ez-toc-heading-5\" href=\"https:\/\/museudigitalcp.com.br\/portaltur\/centro-de-evangelizacao\/#A_concretizacao\" >A concretiza\u00e7\u00e3o<\/a><\/li><\/ul><\/nav><\/div>\n","protected":false},"excerpt":{"rendered":"<p>Centro de Evangeliza\u00e7\u00e3o Dom Jo\u00e3o Hip\u00f3lito de Moraes conhecido como Rinc\u00e3o do meu Senhor tem capacidade para mais de 70 mil pessoas em Cachoeira Paulista O prop\u00f3sito Construir um grande est\u00e1dio coberto. Essa ideia surgiu desde o momento em que compramos esse terreno; n\u00f3s o vimos e depois o arquiteto veio e confirmou que n\u00f3s [&hellip;]<\/p>\n","protected":false},"author":1,"featured_media":1338,"comment_status":"closed","ping_status":"closed","sticky":false,"template":"","format":"standard","meta":{"_monsterinsights_skip_tracking":false,"site-sidebar-layout":"default","site-content-layout":"","ast-site-content-layout":"default","site-content-style":"default","site-sidebar-style":"default","ast-global-header-display":"","ast-banner-title-visibility":"","ast-main-header-display":"","ast-hfb-above-header-display":"","ast-hfb-below-header-display":"","ast-hfb-mobile-header-display":"","site-post-title":"","ast-breadcrumbs-content":"","ast-featured-img":"","footer-sml-layout":"","ast-disable-related-posts":"","theme-transparent-header-meta":"","adv-header-id-meta":"","stick-header-meta":"","header-above-stick-meta":"","header-main-stick-meta":"","header-below-stick-meta":"","astra-migrate-meta-layouts":"default","ast-page-background-enabled":"default","ast-page-background-meta":{"desktop":{"background-color":"var(--ast-global-color-4)","background-image":"","background-repeat":"repeat","background-position":"center center","background-size":"auto","background-attachment":"scroll","background-type":"","background-media":"","overlay-type":"","overlay-color":"","overlay-opacity":"","overlay-gradient":""},"tablet":{"background-color":"","background-image":"","background-repeat":"repeat","background-position":"center center","background-size":"auto","background-attachment":"scroll","background-type":"","background-media":"","overlay-type":"","overlay-color":"","overlay-opacity":"","overlay-gradient":""},"mobile":{"background-color":"","background-image":"","background-repeat":"repeat","background-position":"center center","background-size":"auto","background-attachment":"scroll","background-type":"","background-media":"","overlay-type":"","overlay-color":"","overlay-opacity":"","overlay-gradient":""}},"ast-content-background-meta":{"desktop":{"background-color":"var(--ast-global-color-5)","background-image":"","background-repeat":"repeat","background-position":"center center","background-size":"auto","background-attachment":"scroll","background-type":"","background-media":"","overlay-type":"","overlay-color":"","overlay-opacity":"","overlay-gradient":""},"tablet":{"background-color":"var(--ast-global-color-5)","background-image":"","background-repeat":"repeat","background-position":"center center","background-size":"auto","background-attachment":"scroll","background-type":"","background-media":"","overlay-type":"","overlay-color":"","overlay-opacity":"","overlay-gradient":""},"mobile":{"background-color":"var(--ast-global-color-5)","background-image":"","background-repeat":"repeat","background-position":"center center","background-size":"auto","background-attachment":"scroll","background-type":"","background-media":"","overlay-type":"","overlay-color":"","overlay-opacity":"","overlay-gradient":""}},"footnotes":""},"categories":[190],"tags":[],"class_list":["post-1337","post","type-post","status-publish","format-standard","has-post-thumbnail","hentry","category-pontos-turisticos-pagina"],"_links":{"self":[{"href":"https:\/\/museudigitalcp.com.br\/portaltur\/wp-json\/wp\/v2\/posts\/1337","targetHints":{"allow":["GET"]}}],"collection":[{"href":"https:\/\/museudigitalcp.com.br\/portaltur\/wp-json\/wp\/v2\/posts"}],"about":[{"href":"https:\/\/museudigitalcp.com.br\/portaltur\/wp-json\/wp\/v2\/types\/post"}],"author":[{"embeddable":true,"href":"https:\/\/museudigitalcp.com.br\/portaltur\/wp-json\/wp\/v2\/users\/1"}],"replies":[{"embeddable":true,"href":"https:\/\/museudigitalcp.com.br\/portaltur\/wp-json\/wp\/v2\/comments?post=1337"}],"version-history":[{"count":0,"href":"https:\/\/museudigitalcp.com.br\/portaltur\/wp-json\/wp\/v2\/posts\/1337\/revisions"}],"wp:featuredmedia":[{"embeddable":true,"href":"https:\/\/museudigitalcp.com.br\/portaltur\/wp-json\/wp\/v2\/media\/1338"}],"wp:attachment":[{"href":"https:\/\/museudigitalcp.com.br\/portaltur\/wp-json\/wp\/v2\/media?parent=1337"}],"wp:term":[{"taxonomy":"category","embeddable":true,"href":"https:\/\/museudigitalcp.com.br\/portaltur\/wp-json\/wp\/v2\/categories?post=1337"},{"taxonomy":"post_tag","embeddable":true,"href":"https:\/\/museudigitalcp.com.br\/portaltur\/wp-json\/wp\/v2\/tags?post=1337"}],"curies":[{"name":"wp","href":"https:\/\/api.w.org\/{rel}","templated":true}]}}