{"id":1249,"date":"2023-07-09T05:01:35","date_gmt":"2023-07-09T05:01:35","guid":{"rendered":"https:\/\/cachoeirapaulista.tur.br\/?p=1249"},"modified":"2026-03-12T23:50:38","modified_gmt":"2026-03-12T23:50:38","slug":"praca-prado-filho","status":"publish","type":"post","link":"https:\/\/museudigitalcp.com.br\/portaltur\/praca-prado-filho\/","title":{"rendered":"Pra\u00e7a Prado Filho"},"content":{"rendered":"<h2><span class=\"ez-toc-section\" id=\"Na_Praca_Prado_Filho_em_Cachoeira_Paulista_fica_o_obelisco_com_o_monumento_ao_Soldado_Constitucionalista_de_1932\"><\/span>Na Pra\u00e7a Prado Filho em Cachoeira Paulista fica o obelisco com o monumento ao Soldado Constitucionalista de 1932<span class=\"ez-toc-section-end\"><\/span><\/h2>\n<figure id=\"attachment_1251\" aria-describedby=\"caption-attachment-1251\" style=\"width: 300px\" class=\"wp-caption alignright\"><img loading=\"lazy\" decoding=\"async\" class=\"wp-image-1251 size-medium\" title=\"Pra\u00e7a Prado Filho - Cachoeira Paulista\" src=\"https:\/\/museudigitalcp.com.br\/portaltur\/wp-content\/uploads\/2023\/07\/apraca-300x196.webp\" alt=\"Pra\u00e7a Prado Filho - Cachoeira Paulista\" width=\"300\" height=\"196\" srcset=\"https:\/\/museudigitalcp.com.br\/portaltur\/wp-content\/uploads\/2023\/07\/apraca-300x196.webp 300w, https:\/\/museudigitalcp.com.br\/portaltur\/wp-content\/uploads\/2023\/07\/apraca-1024x669.webp 1024w, https:\/\/museudigitalcp.com.br\/portaltur\/wp-content\/uploads\/2023\/07\/apraca-768x501.webp 768w, https:\/\/museudigitalcp.com.br\/portaltur\/wp-content\/uploads\/2023\/07\/apraca-1536x1003.webp 1536w, https:\/\/museudigitalcp.com.br\/portaltur\/wp-content\/uploads\/2023\/07\/apraca.webp 1700w\" sizes=\"auto, (max-width: 300px) 100vw, 300px\" \/><figcaption id=\"caption-attachment-1251\" class=\"wp-caption-text\">Pra\u00e7a Prado Filho &#8211; Cachoeira Paulista<\/figcaption><\/figure>\n<p>No centro da pra\u00e7a pode-se ver uma bela base com um soldado na ponta homenageando a Revolu\u00e7\u00e3o Constitucionalista de 1932. Foi um pedido do prefeito Prado Filho ao artista Nelson Lorena, posto que Cachoeira Paulista foi um ponto de resist\u00eancia durante a revolu\u00e7\u00e3o.<\/p>\n<p>Mais importante do que todas as cidades em volta. Uma pequena explica\u00e7\u00e3o: em 9 de agosto<a href=\"https:\/\/museudigitalcp.com.br\/portaltur\/areias\/\"> Areias<\/a> foi ocupada, Queluz cercada, Cruzeiro acuada pelas tropas governamentais e os revoltosos paulistas recuaram. <a href=\"https:\/\/museudigitalcp.com.br\/portaltur\/queluz\/\">Queluz<\/a> e <a href=\"https:\/\/museudigitalcp.com.br\/portaltur\/silveiras\/\">Silveiras<\/a> evacuadas, s\u00f3 havia uma solu\u00e7\u00e3o para os constitucionalistas: formar uma linha de resist\u00eancia em Cachoeira Paulista. Como n\u00e3o celebrar a for\u00e7a desta cidadezinha na hist\u00f3ria do nosso pa\u00eds?<br \/>\nPor J\u00fania Botelho<\/p>\n<h3><span class=\"ez-toc-section\" id=\"Consideracoes_sobre_o_monumento_da_praca\"><\/span>Considera\u00e7\u00f5es sobre o monumento da pra\u00e7a<span class=\"ez-toc-section-end\"><\/span><\/h3>\n<p>Por Nelson Lorena<\/p>\n<p>Alguns rapazes desta cidade, segundo os jornais da \u00e9poca, tiveram \u00e0 ideia, em 1933\u00a0da ere\u00e7\u00e3o de um monumento ao Soldado Constitucionalista. Esbo\u00e7aram uma subscri\u00e7\u00e3o e, mais tarde considerado o elevado custo da obra, or\u00e7ada em mais ou\u00a0menos trinta contos de reis a abandonaram. Em 1935, o Prefeito Prado Filho fez voltar \u00e0 tona a ideia. Nomeou comiss\u00f5es, delineou programas, aliciou representantes\u00a0de classes. dando in\u00edcio aos trabalhos. Dois projetos foram feitos. Um de meu cunhado Raimundo Saraiva Le\u00e3o e outro meu.<\/p>\n<figure id=\"attachment_1298\" aria-describedby=\"caption-attachment-1298\" style=\"width: 450px\" class=\"wp-caption alignleft\"><img loading=\"lazy\" decoding=\"async\" class=\"wp-image-1298 size-full\" title=\"Monumento ao Soldado Constitucionalista em Cachoeira Paulista\" src=\"https:\/\/museudigitalcp.com.br\/portaltur\/wp-content\/uploads\/2023\/07\/monumento-soldado-cachoeira-paulista.webp\" alt=\"Monumento ao Soldado Constitucionalista em Cachoeira Paulista\" width=\"450\" height=\"298\" srcset=\"https:\/\/museudigitalcp.com.br\/portaltur\/wp-content\/uploads\/2023\/07\/monumento-soldado-cachoeira-paulista.webp 450w, https:\/\/museudigitalcp.com.br\/portaltur\/wp-content\/uploads\/2023\/07\/monumento-soldado-cachoeira-paulista-300x199.webp 300w\" sizes=\"auto, (max-width: 450px) 100vw, 450px\" \/><figcaption id=\"caption-attachment-1298\" class=\"wp-caption-text\">Monumento ao Soldado Constitucionalista em Cachoeira Paulista<\/figcaption><\/figure>\n<p>Talvez a velha amizade, de Prado\u00a0Filho com meu pai, houvesse influ\u00eddo na escolha de meu projeto, pois o de meu cunhado era muito sugestivo. Ficou deliberado que eu o fizesse. Elevado seria o custo\u00a0do monumento, propus nada cobrar pelo meu trabalho e assim o fiz, trabalhando durante catorze meses, sem preju\u00edzo de minhas fun\u00e7\u00f5es como ferrovi\u00e1rio, desde julho\u00a0de 1935 a setembro de 1936.<\/p>\n<p>O caso tomou fei\u00e7\u00e3o pol\u00edtica e as obje\u00e7\u00f5es contra Zequinha Prado eram estimuladas pelos meus desafetos, havendo mesmo um deles\u00a0dito. \u201ceste monumento somente sair\u00e1, quando o Partido Republicano Paulista o fizer\u201d. Era arrojada a minha empreitada, considerando que nunca fui modelador\u00a0escultor e fundidor.<\/p>\n<p>Mas, costumo realizar alguma coisa, embora problem\u00e1tica, quando meu amor\u00a0pr\u00f3prio \u00e9 diminu\u00eddo. Estimulado por um despeito pol\u00edtico, pus m\u00e3os \u00e0 obra. Na justificativa dos detalhes do monumento, expliquei \u00e0 Comiss\u00e3o que todos eles\u00a0representavam o ideal constitucionalista desde os prim\u00f3rdios at\u00e9 o holocausto final.<\/p>\n<p>Assim, os degraus da escada de acesso eram o Ideal que tomava forma; as colunas\u00a0laterais, o entusiasmo empolgando a massa estudantil e o povo; os segmentos laterais\u00a0circulares eram as primeiras v\u00edtimas, encimados pelos MM.D. O grosso \u00e0\u00a0monumento era a luta deflagrada, culminando com a morte do Soldado Constitucionalista, empunhando a espada da Justi\u00e7a e da Lei.<\/p>\n<p>Na frente, o bras\u00e3o de Estado L\u00edder. Atr\u00e1s, o medalh\u00e3o \u201cEm mem\u00f3ria dos que tombaram pela Lei!&#8221; o pensamento do autor foi desvirtuado com as mutila\u00e7\u00f5es que o monumento vem sofrendo. Os degraus soterrados, os segmentos circulares destru\u00eddos, arrancada a estrela do bras\u00e3o. Ora, todos os monumentos constituem uma s\u00edntese de um fato hist\u00f3rico, perpetuando em seus detalhes a hist\u00f3ria da P\u00e1tria. Todo povo culto os estima e venera. Sugeri e volto a sugerir que se isolem os alicerces, circundando o monumento, de maneira graciosa, com uma pequena fonte luminosa, pois, muita gente considera de mau gosto as plantas agressivas que o envolvem.<\/p>\n<p>Isso feito seria\u00a0evitado o acesso depredat\u00f3rio com melhoria de sua perspectiva. As administra\u00e7\u00f5es se sucedem e, com elas, as deforma\u00e7\u00f5es injustific\u00e1veis que alteram o esp\u00edrito da\u00a0homenagem, conspurcando a mem\u00f3ria daqueles que deram suas vidas pela constitucionaliza\u00e7\u00e3o do pa\u00eds \u00e9 talvez mesmo pelo restabelecimento da democracia\u00a0que algum dia tamb\u00e9m vir\u00e1.<\/p>\n<p>Nelson Lorena, 01 de abril de 1979<br \/>\n(Originalmente publicado no livro de Milton Lorena, filho do autor e criador do blog <a href=\"https:\/\/oslorenas.blogspot.com\/2008\/09\/o-maestro-lorena.html\" target=\"_blank\" rel=\"noopener\">Os Lorenas<\/a><\/p>\n<hr \/>\n<p style=\"text-align: center;\"><span style=\"font-size: 8pt;\"><a href=\"https:\/\/museudigitalcp.com.br\/portaltur\/\">P\u00c1GINA PRINCIPAL<\/a> \u2502 <a href=\"https:\/\/museudigitalcp.com.br\/portaltur\/pontos-turisticos-cachoeira-paulista\/\">PONTOS TUR\u00cdSTICOS<\/a> \u2502 <a href=\"https:\/\/museudigitalcp.com.br\/portaltur\/guias-de-turismo-credenciados\/\">GUIAS DE TURISMO CREDENCIADOS<\/a> \u2502 <a href=\"https:\/\/museudigitalcp.com.br\/portaltur\/uber-taxista-e-vans\/\">UBER, TAXISTAS E VANS<\/a><\/span><\/p>\n<hr \/>\n<div id=\"ez-toc-container\" class=\"ez-toc-v2_0_87 counter-hierarchy ez-toc-counter ez-toc-custom ez-toc-container-direction\">\n<div class=\"ez-toc-title-container\">\n<p class=\"ez-toc-title\" style=\"cursor:inherit\">Resumo<\/p>\n<span class=\"ez-toc-title-toggle\"><a href=\"#\" class=\"ez-toc-pull-right ez-toc-btn ez-toc-btn-xs ez-toc-btn-default ez-toc-toggle\" aria-label=\"Alternar tabela de conte\u00fado\"><span class=\"ez-toc-js-icon-con\"><span class=\"\"><span class=\"eztoc-hide\" style=\"display:none;\">Toggle<\/span><span class=\"ez-toc-icon-toggle-span\"><svg style=\"fill: #05006b;color:#05006b\" xmlns=\"http:\/\/www.w3.org\/2000\/svg\" class=\"list-377408\" width=\"20px\" height=\"20px\" viewBox=\"0 0 24 24\" fill=\"none\"><path d=\"M6 6H4v2h2V6zm14 0H8v2h12V6zM4 11h2v2H4v-2zm16 0H8v2h12v-2zM4 16h2v2H4v-2zm16 0H8v2h12v-2z\" fill=\"currentColor\"><\/path><\/svg><svg style=\"fill: #05006b;color:#05006b\" class=\"arrow-unsorted-368013\" xmlns=\"http:\/\/www.w3.org\/2000\/svg\" width=\"10px\" height=\"10px\" viewBox=\"0 0 24 24\" version=\"1.2\" baseProfile=\"tiny\"><path d=\"M18.2 9.3l-6.2-6.3-6.2 6.3c-.2.2-.3.4-.3.7s.1.5.3.7c.2.2.4.3.7.3h11c.3 0 .5-.1.7-.3.2-.2.3-.5.3-.7s-.1-.5-.3-.7zM5.8 14.7l6.2 6.3 6.2-6.3c.2-.2.3-.5.3-.7s-.1-.5-.3-.7c-.2-.2-.4-.3-.7-.3h-11c-.3 0-.5.1-.7.3-.2.2-.3.5-.3.7s.1.5.3.7z\"\/><\/svg><\/span><\/span><\/span><\/a><\/span><\/div>\n<nav><ul class='ez-toc-list ez-toc-list-level-1 eztoc-toggle-hide-by-default' ><li class='ez-toc-page-1 ez-toc-heading-level-2'><a class=\"ez-toc-link ez-toc-heading-1\" href=\"https:\/\/museudigitalcp.com.br\/portaltur\/praca-prado-filho\/#Na_Praca_Prado_Filho_em_Cachoeira_Paulista_fica_o_obelisco_com_o_monumento_ao_Soldado_Constitucionalista_de_1932\" >Na Pra\u00e7a Prado Filho em Cachoeira Paulista fica o obelisco com o monumento ao Soldado Constitucionalista de 1932<\/a><ul class='ez-toc-list-level-3' ><li class='ez-toc-heading-level-3'><a class=\"ez-toc-link ez-toc-heading-2\" href=\"https:\/\/museudigitalcp.com.br\/portaltur\/praca-prado-filho\/#Consideracoes_sobre_o_monumento_da_praca\" >Considera\u00e7\u00f5es sobre o monumento da pra\u00e7a<\/a><\/li><\/ul><\/li><\/ul><\/nav><\/div>\n","protected":false},"excerpt":{"rendered":"<p>Na Pra\u00e7a Prado Filho em Cachoeira Paulista fica o obelisco com o monumento ao Soldado Constitucionalista de 1932 No centro da pra\u00e7a pode-se ver uma bela base com um soldado na ponta homenageando a Revolu\u00e7\u00e3o Constitucionalista de 1932. Foi um pedido do prefeito Prado Filho ao artista Nelson Lorena, posto que Cachoeira Paulista foi um [&hellip;]<\/p>\n","protected":false},"author":1,"featured_media":1251,"comment_status":"closed","ping_status":"closed","sticky":false,"template":"","format":"standard","meta":{"_monsterinsights_skip_tracking":false,"site-sidebar-layout":"default","site-content-layout":"","ast-site-content-layout":"default","site-content-style":"default","site-sidebar-style":"default","ast-global-header-display":"","ast-banner-title-visibility":"","ast-main-header-display":"","ast-hfb-above-header-display":"","ast-hfb-below-header-display":"","ast-hfb-mobile-header-display":"","site-post-title":"","ast-breadcrumbs-content":"","ast-featured-img":"","footer-sml-layout":"","ast-disable-related-posts":"","theme-transparent-header-meta":"","adv-header-id-meta":"","stick-header-meta":"","header-above-stick-meta":"","header-main-stick-meta":"","header-below-stick-meta":"","astra-migrate-meta-layouts":"default","ast-page-background-enabled":"default","ast-page-background-meta":{"desktop":{"background-color":"var(--ast-global-color-4)","background-image":"","background-repeat":"repeat","background-position":"center center","background-size":"auto","background-attachment":"scroll","background-type":"","background-media":"","overlay-type":"","overlay-color":"","overlay-opacity":"","overlay-gradient":""},"tablet":{"background-color":"","background-image":"","background-repeat":"repeat","background-position":"center center","background-size":"auto","background-attachment":"scroll","background-type":"","background-media":"","overlay-type":"","overlay-color":"","overlay-opacity":"","overlay-gradient":""},"mobile":{"background-color":"","background-image":"","background-repeat":"repeat","background-position":"center center","background-size":"auto","background-attachment":"scroll","background-type":"","background-media":"","overlay-type":"","overlay-color":"","overlay-opacity":"","overlay-gradient":""}},"ast-content-background-meta":{"desktop":{"background-color":"var(--ast-global-color-5)","background-image":"","background-repeat":"repeat","background-position":"center center","background-size":"auto","background-attachment":"scroll","background-type":"","background-media":"","overlay-type":"","overlay-color":"","overlay-opacity":"","overlay-gradient":""},"tablet":{"background-color":"var(--ast-global-color-5)","background-image":"","background-repeat":"repeat","background-position":"center center","background-size":"auto","background-attachment":"scroll","background-type":"","background-media":"","overlay-type":"","overlay-color":"","overlay-opacity":"","overlay-gradient":""},"mobile":{"background-color":"var(--ast-global-color-5)","background-image":"","background-repeat":"repeat","background-position":"center center","background-size":"auto","background-attachment":"scroll","background-type":"","background-media":"","overlay-type":"","overlay-color":"","overlay-opacity":"","overlay-gradient":""}},"footnotes":""},"categories":[190],"tags":[],"class_list":["post-1249","post","type-post","status-publish","format-standard","has-post-thumbnail","hentry","category-pontos-turisticos-pagina"],"_links":{"self":[{"href":"https:\/\/museudigitalcp.com.br\/portaltur\/wp-json\/wp\/v2\/posts\/1249","targetHints":{"allow":["GET"]}}],"collection":[{"href":"https:\/\/museudigitalcp.com.br\/portaltur\/wp-json\/wp\/v2\/posts"}],"about":[{"href":"https:\/\/museudigitalcp.com.br\/portaltur\/wp-json\/wp\/v2\/types\/post"}],"author":[{"embeddable":true,"href":"https:\/\/museudigitalcp.com.br\/portaltur\/wp-json\/wp\/v2\/users\/1"}],"replies":[{"embeddable":true,"href":"https:\/\/museudigitalcp.com.br\/portaltur\/wp-json\/wp\/v2\/comments?post=1249"}],"version-history":[{"count":0,"href":"https:\/\/museudigitalcp.com.br\/portaltur\/wp-json\/wp\/v2\/posts\/1249\/revisions"}],"wp:featuredmedia":[{"embeddable":true,"href":"https:\/\/museudigitalcp.com.br\/portaltur\/wp-json\/wp\/v2\/media\/1251"}],"wp:attachment":[{"href":"https:\/\/museudigitalcp.com.br\/portaltur\/wp-json\/wp\/v2\/media?parent=1249"}],"wp:term":[{"taxonomy":"category","embeddable":true,"href":"https:\/\/museudigitalcp.com.br\/portaltur\/wp-json\/wp\/v2\/categories?post=1249"},{"taxonomy":"post_tag","embeddable":true,"href":"https:\/\/museudigitalcp.com.br\/portaltur\/wp-json\/wp\/v2\/tags?post=1249"}],"curies":[{"name":"wp","href":"https:\/\/api.w.org\/{rel}","templated":true}]}}