{"id":1222,"date":"2023-06-01T00:06:08","date_gmt":"2023-06-01T00:06:08","guid":{"rendered":"https:\/\/cachoeirapaulista.tur.br\/?p=1222"},"modified":"2026-03-12T23:52:54","modified_gmt":"2026-03-12T23:52:54","slug":"igreja-de-sao-sebastiao","status":"publish","type":"post","link":"https:\/\/museudigitalcp.com.br\/portaltur\/igreja-de-sao-sebastiao\/","title":{"rendered":"Igreja de S\u00e3o Sebasti\u00e3o"},"content":{"rendered":"<h2>Igreja de S\u00e3o Sebasti\u00e3o em Cachoeira Paulista. Santo \u00e9 copadroeiro da cidade.<\/h2>\n<p>A Capela foi fundada em 1825 pelos devotos. Em 1951 foi demolida e colocada no local uma pedra fundamental, uma nova Igreja foi erguida e inaugurada em 1956, no centro de Cachoeira Paulista. Em 2022 foi aprovada pela C\u00e2mara Municipal de Cachoeira Paulista a Lei que torna s\u00e3o Sebasti\u00e3o copadroeiro da cidade.<\/p>\n<p>S\u00e3o Sebasti\u00e3o nasceu na cidade de Narbona, na Fran\u00e7a, em 256 d.C. Seu nome de origem grega, Sebast\u00f3s, significa divino, vener\u00e1vel. Ainda pequeno, sua fam\u00edlia mudou-se para Mil\u00e3o, na It\u00e1lia, onde ele cresceu e estudou. Sebasti\u00e3o optou por seguir a carreira militar de seu pai.<\/p>\n<figure id=\"attachment_1223\" aria-describedby=\"caption-attachment-1223\" style=\"width: 300px\" class=\"wp-caption alignleft\"><img loading=\"lazy\" decoding=\"async\" class=\"wp-image-1223 size-medium\" title=\"Igreja de S\u00e3o Sebasti\u00e3o - Centro de Cachoeira Paulista\" src=\"https:\/\/museudigitalcp.com.br\/portaltur\/wp-content\/uploads\/2023\/06\/ssebastiao-300x199.webp\" alt=\"Igreja de S\u00e3o Sebasti\u00e3o - Centro de Cachoeira Paulista\" width=\"300\" height=\"199\" srcset=\"https:\/\/museudigitalcp.com.br\/portaltur\/wp-content\/uploads\/2023\/06\/ssebastiao-300x199.webp 300w, https:\/\/museudigitalcp.com.br\/portaltur\/wp-content\/uploads\/2023\/06\/ssebastiao.webp 500w\" sizes=\"auto, (max-width: 300px) 100vw, 300px\" \/><figcaption id=\"caption-attachment-1223\" class=\"wp-caption-text\">Igreja de S\u00e3o Sebasti\u00e3o &#8211; Centro de Cachoeira Paulista<\/figcaption><\/figure>\n<p>No ex\u00e9rcito romano, chegou a ser Capit\u00e3o da 1\u00aa da guarda pretoriana. Esse cargo s\u00f3 era ocupado por pessoas ilustres, dignas e corretas. Sebasti\u00e3o era muito dedicado \u00e0 carreira, tendo o reconhecimento dos amigos e at\u00e9 mesmo do imperador romano, Maximiano. Na \u00e9poca, o imp\u00e9rio romano era governado por Diocleciano, no oriente, e por Maximiano, no ocidente. Maximiano n\u00e3o sabia que Sebasti\u00e3o era crist\u00e3o. N\u00e3o sabia tamb\u00e9m que Sebasti\u00e3o, sem deixar de cumprir seus deveres militares, n\u00e3o participava dos mart\u00edrios nem das manifesta\u00e7\u00f5es de idolatria dos romanos.<\/p>\n<p>Por isso, S\u00e3o Sebasti\u00e3o \u00e9 conhecido por ter servido a dois ex\u00e9rcitos: o de Roma e o de Cristo. Sempre que conseguia uma oportunidade, visitava os crist\u00e3os presos, levava uma ajuda aos que estavam doentes e aos que precisavam.<\/p>\n<p>Ora\u00e7\u00e3o a S\u00e3o Sebasti\u00e3o<\/p>\n<p>S\u00e3o Sebasti\u00e3o glorioso m\u00e1rtir de Jesus Cristo e poderoso advogado contra a peste, defendei a mim, minha fam\u00edlia e todo o pa\u00eds do terr\u00edvel flagelo da peste e de todos os males para que servindo a Jesus Cristo alcancemos a gra\u00e7a de participar de vossa Gl\u00f3ria no c\u00e9u. Am\u00e9m.<\/p>\n<p><a href=\"https:\/\/cruzterrasanta.com.br\/historia-de-sao-sebastiao\/162\/102\/\" target=\"_blank\" rel=\"noopener\">https:\/\/cruzterrasanta.com.br\/historia-de-sao-sebastiao\/162\/102\/<\/a><\/p>\n<hr \/>\n<p style=\"text-align: center;\"><span style=\"font-size: 8pt;\"><a href=\"https:\/\/museudigitalcp.com.br\/portaltur\/\">P\u00c1GINA PRINCIPAL<\/a> \u2502 <a href=\"https:\/\/museudigitalcp.com.br\/portaltur\/pontos-turisticos-cachoeira-paulista\/\">PONTOS TUR\u00cdSTICOS<\/a> \u2502 <a href=\"https:\/\/museudigitalcp.com.br\/portaltur\/guias-de-turismo-credenciados\/\">GUIAS DE TURISMO CREDENCIADOS<\/a> \u2502 <a href=\"https:\/\/museudigitalcp.com.br\/portaltur\/uber-taxista-e-vans\/\">UBER, TAXISTAS E VANS<\/a><\/span><\/p>\n<hr \/>\n","protected":false},"excerpt":{"rendered":"<p>Igreja de S\u00e3o Sebasti\u00e3o em Cachoeira Paulista. Santo \u00e9 copadroeiro da cidade. A Capela foi fundada em 1825 pelos devotos. Em 1951 foi demolida e colocada no local uma pedra fundamental, uma nova Igreja foi erguida e inaugurada em 1956, no centro de Cachoeira Paulista. Em 2022 foi aprovada pela C\u00e2mara Municipal de Cachoeira Paulista [&hellip;]<\/p>\n","protected":false},"author":1,"featured_media":1223,"comment_status":"closed","ping_status":"closed","sticky":false,"template":"","format":"standard","meta":{"_monsterinsights_skip_tracking":false,"site-sidebar-layout":"default","site-content-layout":"","ast-site-content-layout":"default","site-content-style":"default","site-sidebar-style":"default","ast-global-header-display":"","ast-banner-title-visibility":"","ast-main-header-display":"","ast-hfb-above-header-display":"","ast-hfb-below-header-display":"","ast-hfb-mobile-header-display":"","site-post-title":"","ast-breadcrumbs-content":"","ast-featured-img":"","footer-sml-layout":"","ast-disable-related-posts":"","theme-transparent-header-meta":"","adv-header-id-meta":"","stick-header-meta":"","header-above-stick-meta":"","header-main-stick-meta":"","header-below-stick-meta":"","astra-migrate-meta-layouts":"default","ast-page-background-enabled":"default","ast-page-background-meta":{"desktop":{"background-color":"var(--ast-global-color-4)","background-image":"","background-repeat":"repeat","background-position":"center center","background-size":"auto","background-attachment":"scroll","background-type":"","background-media":"","overlay-type":"","overlay-color":"","overlay-opacity":"","overlay-gradient":""},"tablet":{"background-color":"","background-image":"","background-repeat":"repeat","background-position":"center center","background-size":"auto","background-attachment":"scroll","background-type":"","background-media":"","overlay-type":"","overlay-color":"","overlay-opacity":"","overlay-gradient":""},"mobile":{"background-color":"","background-image":"","background-repeat":"repeat","background-position":"center center","background-size":"auto","background-attachment":"scroll","background-type":"","background-media":"","overlay-type":"","overlay-color":"","overlay-opacity":"","overlay-gradient":""}},"ast-content-background-meta":{"desktop":{"background-color":"var(--ast-global-color-5)","background-image":"","background-repeat":"repeat","background-position":"center center","background-size":"auto","background-attachment":"scroll","background-type":"","background-media":"","overlay-type":"","overlay-color":"","overlay-opacity":"","overlay-gradient":""},"tablet":{"background-color":"var(--ast-global-color-5)","background-image":"","background-repeat":"repeat","background-position":"center center","background-size":"auto","background-attachment":"scroll","background-type":"","background-media":"","overlay-type":"","overlay-color":"","overlay-opacity":"","overlay-gradient":""},"mobile":{"background-color":"var(--ast-global-color-5)","background-image":"","background-repeat":"repeat","background-position":"center center","background-size":"auto","background-attachment":"scroll","background-type":"","background-media":"","overlay-type":"","overlay-color":"","overlay-opacity":"","overlay-gradient":""}},"footnotes":""},"categories":[190],"tags":[],"class_list":["post-1222","post","type-post","status-publish","format-standard","has-post-thumbnail","hentry","category-pontos-turisticos-pagina"],"_links":{"self":[{"href":"https:\/\/museudigitalcp.com.br\/portaltur\/wp-json\/wp\/v2\/posts\/1222","targetHints":{"allow":["GET"]}}],"collection":[{"href":"https:\/\/museudigitalcp.com.br\/portaltur\/wp-json\/wp\/v2\/posts"}],"about":[{"href":"https:\/\/museudigitalcp.com.br\/portaltur\/wp-json\/wp\/v2\/types\/post"}],"author":[{"embeddable":true,"href":"https:\/\/museudigitalcp.com.br\/portaltur\/wp-json\/wp\/v2\/users\/1"}],"replies":[{"embeddable":true,"href":"https:\/\/museudigitalcp.com.br\/portaltur\/wp-json\/wp\/v2\/comments?post=1222"}],"version-history":[{"count":0,"href":"https:\/\/museudigitalcp.com.br\/portaltur\/wp-json\/wp\/v2\/posts\/1222\/revisions"}],"wp:featuredmedia":[{"embeddable":true,"href":"https:\/\/museudigitalcp.com.br\/portaltur\/wp-json\/wp\/v2\/media\/1223"}],"wp:attachment":[{"href":"https:\/\/museudigitalcp.com.br\/portaltur\/wp-json\/wp\/v2\/media?parent=1222"}],"wp:term":[{"taxonomy":"category","embeddable":true,"href":"https:\/\/museudigitalcp.com.br\/portaltur\/wp-json\/wp\/v2\/categories?post=1222"},{"taxonomy":"post_tag","embeddable":true,"href":"https:\/\/museudigitalcp.com.br\/portaltur\/wp-json\/wp\/v2\/tags?post=1222"}],"curies":[{"name":"wp","href":"https:\/\/api.w.org\/{rel}","templated":true}]}}