{"id":1181,"date":"2023-05-19T01:16:26","date_gmt":"2023-05-19T01:16:26","guid":{"rendered":"https:\/\/cachoeirapaulista.tur.br\/?p=1181"},"modified":"2023-07-25T02:51:49","modified_gmt":"2023-07-25T02:51:49","slug":"queluz","status":"publish","type":"post","link":"https:\/\/museudigitalcp.com.br\/portaltur\/queluz\/","title":{"rendered":"Queluz"},"content":{"rendered":"<h3><span class=\"ez-toc-section\" id=\"Queluz_surgiu_de_uma_aldeia_de_indigenas_Puris\"><\/span>Queluz surgiu de uma aldeia de ind\u00edgenas Puris<span class=\"ez-toc-section-end\"><\/span><\/h3>\n<p><b>Queluz<\/b>\u00a0\u00e9 um\u00a0munic\u00edpio\u00a0no leste do\u00a0estado\u00a0de\u00a0S\u00e3o Paulo, na microrregi\u00e3o de Guaratinguet\u00e1. A popula\u00e7\u00e3o aferida no Censo de 2010 era de 11\u00a0309 habitantes e a \u00e1rea \u00e9 de 249,399\u00a0km\u00b2, resultando em uma\u00a0densidade demogr\u00e1fica\u00a0de 45,27 hab\/km\u00b2. A popula\u00e7\u00e3o estimada pelo IBGE para 1 de julho de 2019 era de 13\u00a0420 habitantes.<\/p>\n<p>Em Queluz localizam-se parcialmente a\u00a0Pedra da Mina, ponto culminante do estado (2798 m), no ponto de encontro das divisas do munic\u00edpio com\u00a0Lavrinhas\u00a0(SP) e\u00a0Passa Quatro\u00a0(MG), e o\u00a0Pico dos Tr\u00eas Estados\u00a0(2665 m), que marca o ponto de encontro das divisas estaduais do\u00a0Rio de Janeiro,\u00a0Minas Gerais\u00a0e\u00a0S\u00e3o Paulo.<\/p>\n<h3><span class=\"ez-toc-section\" id=\"Historia\"><\/span><span id=\"Hist.C3.B3ria\"><\/span><span id=\"Hist\u00f3ria\" class=\"mw-headline\">Hist\u00f3ria<\/span><span class=\"ez-toc-section-end\"><\/span><\/h3>\n<figure id=\"attachment_1193\" aria-describedby=\"caption-attachment-1193\" style=\"width: 500px\" class=\"wp-caption alignright\"><img loading=\"lazy\" decoding=\"async\" class=\"wp-image-1193 size-full\" title=\"Fazenda Restaura\u00e7\u00e3o - Queluz - SP\" src=\"https:\/\/museudigitalcp.com.br\/portaltur\/wp-content\/uploads\/2023\/05\/faz-restauracao.webp\" alt=\"Fazenda Restaura\u00e7\u00e3o - Queluz - SP\" width=\"500\" height=\"334\" srcset=\"https:\/\/museudigitalcp.com.br\/portaltur\/wp-content\/uploads\/2023\/05\/faz-restauracao.webp 500w, https:\/\/museudigitalcp.com.br\/portaltur\/wp-content\/uploads\/2023\/05\/faz-restauracao-300x200.webp 300w, https:\/\/museudigitalcp.com.br\/portaltur\/wp-content\/uploads\/2023\/05\/faz-restauracao-272x182.webp 272w\" sizes=\"auto, (max-width: 500px) 100vw, 500px\" \/><figcaption id=\"caption-attachment-1193\" class=\"wp-caption-text\">Fazenda Restaura\u00e7\u00e3o &#8211; Queluz &#8211; SP<\/figcaption><\/figure>\n<p>Originou-se Queluz de um aldeamento de \u00edndios\u00a0puris, criado no ano de 1800. A\u00a0aldeia\u00a0cresceu em torno de uma\u00a0capela, onde hoje se ergue a\u00a0igreja\u00a0matriz. O povoado foi elevado \u00e0 vila em 1842, passando a munic\u00edpio em 1876. Seu\u00a0padroeiro\u00a0\u00e9\u00a0S\u00e3o Jo\u00e3o Batista\u00a0e o nome de Queluz foi uma homenagem prestada \u00e0 fam\u00edlia reinante, tendo a\u00a0localidade\u00a0recebido o nome do\u00a0pal\u00e1cio perto de Lisboa\u00a0onde\u00a0D. Pedro I\u00a0nasceu.<\/p>\n<p>O munic\u00edpio desenvolveu-se com a cultura do\u00a0caf\u00e9, que a\u00ed deixou importantes marcos culturais, como as sedes ainda existentes das fazendas do Sert\u00e3o, S\u00e3o Jos\u00e9, Restaura\u00e7\u00e3o, Bela Aurora, Regato, Cascata e outras.<\/p>\n<p><i>Fonte:&#8221;O Passado Ao Vivo&#8221;(Thereza Regina de Camargo Maia)<\/i><\/p>\n<p>O munic\u00edpio conta com v\u00e1rias cachoeiras, como a conhecida\u00a0\u00c1guas da Marambaia, que atrai grande quantidade de turistas no ver\u00e3o.<\/p>\n<p>O calend\u00e1rio de festas do munic\u00edpio \u00e9 farto, desde abril com a Festa da Moranga e da Mandioca, ingredientes primordiais para o prato t\u00edpico do munic\u00edpio, batizado de &#8220;Queluz na Moranga&#8221;, passando pela\u00a0Festa de S\u00e3o Jo\u00e3o\u00a0em junho &#8211; tradicional festa junina, a maior e melhor de todo Vale do Para\u00edba -, pelo Festival de Inverno em julho, Festa do Doce em Outubro, entre outros eventos realizados pela popula\u00e7\u00e3o e prefeitura.<\/p>\n<hr \/>\n<h5 style=\"text-align: center;\"><span class=\"ez-toc-section\" id=\"Cidades_do_Vale_Historico\"><\/span><a href=\"https:\/\/museudigitalcp.com.br\/portaltur\/conheca-o-vale-historico\/\">Cidades do Vale Hist\u00f3rico<\/a><span class=\"ez-toc-section-end\"><\/span><\/h5>\n<div id=\"ez-toc-container\" class=\"ez-toc-v2_0_87 counter-hierarchy ez-toc-counter ez-toc-custom ez-toc-container-direction\">\n<div class=\"ez-toc-title-container\">\n<p class=\"ez-toc-title\" style=\"cursor:inherit\">Resumo<\/p>\n<span class=\"ez-toc-title-toggle\"><a href=\"#\" class=\"ez-toc-pull-right ez-toc-btn ez-toc-btn-xs ez-toc-btn-default ez-toc-toggle\" aria-label=\"Alternar tabela de conte\u00fado\"><span class=\"ez-toc-js-icon-con\"><span class=\"\"><span class=\"eztoc-hide\" style=\"display:none;\">Toggle<\/span><span class=\"ez-toc-icon-toggle-span\"><svg style=\"fill: #05006b;color:#05006b\" xmlns=\"http:\/\/www.w3.org\/2000\/svg\" class=\"list-377408\" width=\"20px\" height=\"20px\" viewBox=\"0 0 24 24\" fill=\"none\"><path d=\"M6 6H4v2h2V6zm14 0H8v2h12V6zM4 11h2v2H4v-2zm16 0H8v2h12v-2zM4 16h2v2H4v-2zm16 0H8v2h12v-2z\" fill=\"currentColor\"><\/path><\/svg><svg style=\"fill: #05006b;color:#05006b\" class=\"arrow-unsorted-368013\" xmlns=\"http:\/\/www.w3.org\/2000\/svg\" width=\"10px\" height=\"10px\" viewBox=\"0 0 24 24\" version=\"1.2\" baseProfile=\"tiny\"><path d=\"M18.2 9.3l-6.2-6.3-6.2 6.3c-.2.2-.3.4-.3.7s.1.5.3.7c.2.2.4.3.7.3h11c.3 0 .5-.1.7-.3.2-.2.3-.5.3-.7s-.1-.5-.3-.7zM5.8 14.7l6.2 6.3 6.2-6.3c.2-.2.3-.5.3-.7s-.1-.5-.3-.7c-.2-.2-.4-.3-.7-.3h-11c-.3 0-.5.1-.7.3-.2.2-.3.5-.3.7s.1.5.3.7z\"\/><\/svg><\/span><\/span><\/span><\/a><\/span><\/div>\n<nav><ul class='ez-toc-list ez-toc-list-level-1 eztoc-toggle-hide-by-default' ><li class='ez-toc-page-1 ez-toc-heading-level-3'><a class=\"ez-toc-link ez-toc-heading-1\" href=\"https:\/\/museudigitalcp.com.br\/portaltur\/queluz\/#Queluz_surgiu_de_uma_aldeia_de_indigenas_Puris\" >Queluz surgiu de uma aldeia de ind\u00edgenas Puris<\/a><\/li><li class='ez-toc-page-1 ez-toc-heading-level-3'><a class=\"ez-toc-link ez-toc-heading-2\" href=\"https:\/\/museudigitalcp.com.br\/portaltur\/queluz\/#Historia\" >Hist\u00f3ria<\/a><ul class='ez-toc-list-level-5' ><li class='ez-toc-heading-level-5'><ul class='ez-toc-list-level-5' ><li class='ez-toc-heading-level-5'><a class=\"ez-toc-link ez-toc-heading-3\" href=\"https:\/\/museudigitalcp.com.br\/portaltur\/queluz\/#Cidades_do_Vale_Historico\" >Cidades do Vale Hist\u00f3rico<\/a><\/li><\/ul><\/li><\/ul><\/li><\/ul><\/nav><\/div>\n","protected":false},"excerpt":{"rendered":"<p>Queluz surgiu de uma aldeia de ind\u00edgenas Puris Queluz\u00a0\u00e9 um\u00a0munic\u00edpio\u00a0no leste do\u00a0estado\u00a0de\u00a0S\u00e3o Paulo, na microrregi\u00e3o de Guaratinguet\u00e1. A popula\u00e7\u00e3o aferida no Censo de 2010 era de 11\u00a0309 habitantes e a \u00e1rea \u00e9 de 249,399\u00a0km\u00b2, resultando em uma\u00a0densidade demogr\u00e1fica\u00a0de 45,27 hab\/km\u00b2. A popula\u00e7\u00e3o estimada pelo IBGE para 1 de julho de 2019 era de 13\u00a0420 habitantes. [&hellip;]<\/p>\n","protected":false},"author":1,"featured_media":1194,"comment_status":"closed","ping_status":"closed","sticky":false,"template":"","format":"standard","meta":{"_monsterinsights_skip_tracking":false,"site-sidebar-layout":"default","site-content-layout":"","ast-site-content-layout":"default","site-content-style":"default","site-sidebar-style":"default","ast-global-header-display":"","ast-banner-title-visibility":"","ast-main-header-display":"","ast-hfb-above-header-display":"","ast-hfb-below-header-display":"","ast-hfb-mobile-header-display":"","site-post-title":"","ast-breadcrumbs-content":"","ast-featured-img":"","footer-sml-layout":"","ast-disable-related-posts":"","theme-transparent-header-meta":"","adv-header-id-meta":"","stick-header-meta":"","header-above-stick-meta":"","header-main-stick-meta":"","header-below-stick-meta":"","astra-migrate-meta-layouts":"default","ast-page-background-enabled":"default","ast-page-background-meta":{"desktop":{"background-color":"var(--ast-global-color-4)","background-image":"","background-repeat":"repeat","background-position":"center center","background-size":"auto","background-attachment":"scroll","background-type":"","background-media":"","overlay-type":"","overlay-color":"","overlay-opacity":"","overlay-gradient":""},"tablet":{"background-color":"","background-image":"","background-repeat":"repeat","background-position":"center center","background-size":"auto","background-attachment":"scroll","background-type":"","background-media":"","overlay-type":"","overlay-color":"","overlay-opacity":"","overlay-gradient":""},"mobile":{"background-color":"","background-image":"","background-repeat":"repeat","background-position":"center center","background-size":"auto","background-attachment":"scroll","background-type":"","background-media":"","overlay-type":"","overlay-color":"","overlay-opacity":"","overlay-gradient":""}},"ast-content-background-meta":{"desktop":{"background-color":"var(--ast-global-color-5)","background-image":"","background-repeat":"repeat","background-position":"center center","background-size":"auto","background-attachment":"scroll","background-type":"","background-media":"","overlay-type":"","overlay-color":"","overlay-opacity":"","overlay-gradient":""},"tablet":{"background-color":"var(--ast-global-color-5)","background-image":"","background-repeat":"repeat","background-position":"center center","background-size":"auto","background-attachment":"scroll","background-type":"","background-media":"","overlay-type":"","overlay-color":"","overlay-opacity":"","overlay-gradient":""},"mobile":{"background-color":"var(--ast-global-color-5)","background-image":"","background-repeat":"repeat","background-position":"center center","background-size":"auto","background-attachment":"scroll","background-type":"","background-media":"","overlay-type":"","overlay-color":"","overlay-opacity":"","overlay-gradient":""}},"footnotes":""},"categories":[210],"tags":[],"class_list":["post-1181","post","type-post","status-publish","format-standard","has-post-thumbnail","hentry","category-vale-historico"],"_links":{"self":[{"href":"https:\/\/museudigitalcp.com.br\/portaltur\/wp-json\/wp\/v2\/posts\/1181","targetHints":{"allow":["GET"]}}],"collection":[{"href":"https:\/\/museudigitalcp.com.br\/portaltur\/wp-json\/wp\/v2\/posts"}],"about":[{"href":"https:\/\/museudigitalcp.com.br\/portaltur\/wp-json\/wp\/v2\/types\/post"}],"author":[{"embeddable":true,"href":"https:\/\/museudigitalcp.com.br\/portaltur\/wp-json\/wp\/v2\/users\/1"}],"replies":[{"embeddable":true,"href":"https:\/\/museudigitalcp.com.br\/portaltur\/wp-json\/wp\/v2\/comments?post=1181"}],"version-history":[{"count":0,"href":"https:\/\/museudigitalcp.com.br\/portaltur\/wp-json\/wp\/v2\/posts\/1181\/revisions"}],"wp:featuredmedia":[{"embeddable":true,"href":"https:\/\/museudigitalcp.com.br\/portaltur\/wp-json\/wp\/v2\/media\/1194"}],"wp:attachment":[{"href":"https:\/\/museudigitalcp.com.br\/portaltur\/wp-json\/wp\/v2\/media?parent=1181"}],"wp:term":[{"taxonomy":"category","embeddable":true,"href":"https:\/\/museudigitalcp.com.br\/portaltur\/wp-json\/wp\/v2\/categories?post=1181"},{"taxonomy":"post_tag","embeddable":true,"href":"https:\/\/museudigitalcp.com.br\/portaltur\/wp-json\/wp\/v2\/tags?post=1181"}],"curies":[{"name":"wp","href":"https:\/\/api.w.org\/{rel}","templated":true}]}}