{"id":1180,"date":"2023-05-19T01:15:46","date_gmt":"2023-05-19T01:15:46","guid":{"rendered":"https:\/\/cachoeirapaulista.tur.br\/?p=1180"},"modified":"2023-07-14T06:48:22","modified_gmt":"2023-07-14T06:48:22","slug":"silveiras","status":"publish","type":"post","link":"https:\/\/museudigitalcp.com.br\/portaltur\/silveiras\/","title":{"rendered":"Silveiras"},"content":{"rendered":"<h3><span class=\"ez-toc-section\" id=\"Silveiras_%E2%80%93_A_capital_do_tropeirismo\"><\/span>Silveiras &#8211; A capital do tropeirismo<span class=\"ez-toc-section-end\"><\/span><\/h3>\n<p>Silveiras surgiu ao final do s\u00e9culo XVIII em torno de um rancho de tropas, o da fam\u00edlia Silveira \u2013 da\u00ed o seu nome. \u201cVamos l\u00e1 para os Silveiras\u201d. Logo, outros \u201cranchos\u201d foram se instalando, com destaque para as fam\u00edlias Guedes, Siqueira, Ventura de Abreu, Santos, Bueno, dentre outros. Seus bairros denominados Macacos e Bom Jesus \u2013 encosta da Serra da Bocaina e em dire\u00e7\u00e3o \u00e0 Cunha e Paraty surgiram antes, tamb\u00e9m em torno de tropeiros, j\u00e1 em pleno ciclo de ouro \u2013 na saga da \u201ctrilha entre Minas Gerais e os portos de Mambucada e Paraty\u201d.<\/p>\n<figure id=\"attachment_1187\" aria-describedby=\"caption-attachment-1187\" style=\"width: 450px\" class=\"wp-caption alignleft\"><img loading=\"lazy\" decoding=\"async\" class=\"wp-image-1187 size-full\" title=\"Silveiras - Capital do Tropeirismo\" src=\"https:\/\/museudigitalcp.com.br\/portaltur\/wp-content\/uploads\/2023\/05\/7983433372_e7bc843e4d_o.webp\" alt=\"Silveiras - Capital do Tropeirismo\" width=\"450\" height=\"253\" srcset=\"https:\/\/museudigitalcp.com.br\/portaltur\/wp-content\/uploads\/2023\/05\/7983433372_e7bc843e4d_o.webp 450w, https:\/\/museudigitalcp.com.br\/portaltur\/wp-content\/uploads\/2023\/05\/7983433372_e7bc843e4d_o-300x169.webp 300w\" sizes=\"auto, (max-width: 450px) 100vw, 450px\" \/><figcaption id=\"caption-attachment-1187\" class=\"wp-caption-text\">Silveiras &#8211; Capital do Tropeirismo<\/figcaption><\/figure>\n<p>O desenvolvimento foi acelerado j\u00e1 nos primeiros anos do s\u00e9culo XIX com a chegada do caf\u00e9, e em 1830 surgia a Freguesia dos Silveiras, no enorme munic\u00edpio de Lorena. Freguesia \u2013 era a defini\u00e7\u00e3o da \u00e9poca\u00a0 caracterizando a implanta\u00e7\u00e3o da Par\u00f3quia homenageando Nossa Senhora da Concei\u00e7\u00e3o de Silveiras, fortalecendo a capela antiga surgida em 1780, erguida no mesmo local onde est\u00e1 a Matriz.<\/p>\n<p>Com o desenvolvimento constante, a freguesia foi elevada \u00e0 condi\u00e7\u00e3o de Vila em 1842 \u2013 desmembrando-se de Lorena e tendo a Nossa Senhora da Concei\u00e7\u00e3o, como padroeira. Vale registrar, que a solicita\u00e7\u00e3o para a cria\u00e7\u00e3o da Vila surgiu dos pr\u00f3prios silveirenses assegurando condi\u00e7\u00f5es de independ\u00eancia e vida aut\u00f4noma para a Vila.<\/p>\n<p>Naquela \u00e9poca viviam em Silveiras 3.300 homens livres e entre 1.600 e 1.700 escravos de origem africana.<\/p>\n<p>Foi um per\u00edodo dram\u00e1tico para Silveiras. A Revolu\u00e7\u00e3o Liberal explodiu no Brasil e o nosso munic\u00edpio foi palco doloroso de combates. Sangrentos encontros deixaram 56 chefes de fam\u00edlia assassinados pelas tropas do ent\u00e3o Bar\u00e3o de Caxias na manh\u00e3 de 12 de julho de 1842, e a\u00ed est\u00e3o as trincheiras \u2013 para testemunhar aquela trag\u00e9dia. Essas mesmas trincheiras foram reabertas em 1932 por ocasi\u00e3o da Revolu\u00e7\u00e3o Constituinte, marcas profundas do civismo nesta terra.<\/p>\n<p>As marcas da Revolu\u00e7\u00e3o Liberal de 1842 foram t\u00e3o dram\u00e1ticas que a reconstru\u00e7\u00e3o de Silveiras levou mais de dois anos e a implanta\u00e7\u00e3o da Vila dos Silveiras s\u00f3 viria ocorrer no dia 7 de setembro de 1844 quando ocorreu a elei\u00e7\u00e3o dos primeiros vereadores.<\/p>\n<p>Silveiras no s\u00e9culo XIX foi o mais importante n\u00facleo de servi\u00e7os dedicado ao tropeirismo do Brasil. Nossos \u201cranchos\u201d atendiam aos tropeiros e suas tropas que faziam as \u201ctrilhas do ouro\u201d e da \u201cindepend\u00eancia\u201d (S\u00e3o Paulo X Rio de Janeiro \u2013 Caf\u00e9).<\/p>\n<figure id=\"attachment_1189\" aria-describedby=\"caption-attachment-1189\" style=\"width: 500px\" class=\"wp-caption alignright\"><img loading=\"lazy\" decoding=\"async\" class=\"wp-image-1189 size-full\" title=\"Pra\u00e7a central da cidade de Silveiras - SP\" src=\"https:\/\/museudigitalcp.com.br\/portaltur\/wp-content\/uploads\/2023\/05\/AnyConv.com__Silveiras_Meon_Turismo-084284_804-429-0-0.webp\" alt=\"Pra\u00e7a central da cidade de Silveiras - SP\" width=\"500\" height=\"267\" srcset=\"https:\/\/museudigitalcp.com.br\/portaltur\/wp-content\/uploads\/2023\/05\/AnyConv.com__Silveiras_Meon_Turismo-084284_804-429-0-0.webp 500w, https:\/\/museudigitalcp.com.br\/portaltur\/wp-content\/uploads\/2023\/05\/AnyConv.com__Silveiras_Meon_Turismo-084284_804-429-0-0-300x160.webp 300w\" sizes=\"auto, (max-width: 500px) 100vw, 500px\" \/><figcaption id=\"caption-attachment-1189\" class=\"wp-caption-text\">Pra\u00e7a central da cidade de Silveiras &#8211; SP<\/figcaption><\/figure>\n<p>Em 1864, Silveiras passou para Cidade e em 1888 foi implantada a Comarca. Com a desativa\u00e7\u00e3o e enfraquecimento das \u201cMinas Gerais\u201d, o caf\u00e9 que se transferiu para novas terras (oeste paulista), a estrada de ferro que n\u00e3o passou do munic\u00edpio, a aboli\u00e7\u00e3o da escravid\u00e3o dos negros, a rep\u00fablica (mudan\u00e7a da ordem pol\u00edtica), ocorre o \u00eaxodo da Popula\u00e7\u00e3o local e a decad\u00eancias atinge a comunidade. Chegamos a ter mais de 25.000 habitantes \u2013 o 4\u00ba munic\u00edpio mais populoso do Vale do Rio Para\u00edba Paulista.<\/p>\n<p>A Comarca foi extinta em 1938. E cada vez mais se percebeu a perda da atividades comercias. Mesmo com a abertura da estrada Rodovia Rio X S\u00e3o Paulo em 1928 o destino esteve determinado.<\/p>\n<p>A partir de 1978, um movimento comunit\u00e1rio denominado Silveiras agilizou a valoriza\u00e7\u00e3o do patrim\u00f4nio cultural e ambiental local, resultando na interrup\u00e7\u00e3o da decad\u00eancia com o falecimento do artesanato (exportado para v\u00e1rios pa\u00edses do mundo \u2013 milhares de pessoas gravitam na atividade). O \u201ctropeirismo\u201d (o mais importante n\u00facleo de estudos do setor no Brasil \u2013 acervo enorme biblioteca, pe\u00e7as hist\u00f3ricas, casar\u00e3o tropeiro).<\/p>\n<p>Funda\u00e7\u00e3o Nacional do tropeirismo, est\u00e1tua \/ pra\u00e7a \/ Rancho dos Tropeiros e a Estrada dos Tropeiros que liga o munic\u00edpio \u00e0 Via Dutra no Km 34 no sentido S\u00e3o Paulo X Rio de Janeiro e atinge o Estado do Rio de Janeiro no munic\u00edpio de Bananal \/ Barra Mansa.<\/p>\n<p>O munic\u00edpio recebe turistas nos setores de cultura, Hist\u00f3ria, ecologia, religi\u00e3o, gastronomia, artes populares. Hot\u00e9is surgem na zona rural e o turismo rural j\u00e1 se consolida.<\/p>\n<p>A decad\u00eancia est\u00e1 interrompida. Resid\u00eancias de bom gosto, o conv\u00edvio social se consolida e a qualidade de vida local melhora visivelmente gra\u00e7as \u00e0 a\u00e7\u00e3o dos jovens pol\u00edticos e os benef\u00edcios do munic\u00edpio por ser a primeira \u00c1rea de Prote\u00e7\u00e3o Ambiental do Estado de S\u00e3o Paulo X Minas Gerais. Para isto, ocorrem cursos constantes de institui\u00e7\u00f5es universit\u00e1rias, governamentais e ONGs, para que isto seja atingido pela Popula\u00e7\u00e3o local.<\/p>\n<p>Fonte: <a href=\"http:\/\/silveiras.sp.gov.br\/\" target=\"_blank\" rel=\"noopener\">Prefeitura Municipal de Silveiras<\/a><\/p>\n<hr \/>\n<h5 style=\"text-align: center;\"><span class=\"ez-toc-section\" id=\"Cidades_do_Vale_Historico\"><\/span><a href=\"https:\/\/museudigitalcp.com.br\/portaltur\/conheca-o-vale-historico\/\">Cidades do Vale Hist\u00f3rico<\/a><span class=\"ez-toc-section-end\"><\/span><\/h5>\n<div id=\"ez-toc-container\" class=\"ez-toc-v2_0_87 counter-hierarchy ez-toc-counter ez-toc-custom ez-toc-container-direction\">\n<div class=\"ez-toc-title-container\">\n<p class=\"ez-toc-title\" style=\"cursor:inherit\">Resumo<\/p>\n<span class=\"ez-toc-title-toggle\"><a href=\"#\" class=\"ez-toc-pull-right ez-toc-btn ez-toc-btn-xs ez-toc-btn-default ez-toc-toggle\" aria-label=\"Alternar tabela de conte\u00fado\"><span class=\"ez-toc-js-icon-con\"><span class=\"\"><span class=\"eztoc-hide\" style=\"display:none;\">Toggle<\/span><span class=\"ez-toc-icon-toggle-span\"><svg style=\"fill: #05006b;color:#05006b\" xmlns=\"http:\/\/www.w3.org\/2000\/svg\" class=\"list-377408\" width=\"20px\" height=\"20px\" viewBox=\"0 0 24 24\" fill=\"none\"><path d=\"M6 6H4v2h2V6zm14 0H8v2h12V6zM4 11h2v2H4v-2zm16 0H8v2h12v-2zM4 16h2v2H4v-2zm16 0H8v2h12v-2z\" fill=\"currentColor\"><\/path><\/svg><svg style=\"fill: #05006b;color:#05006b\" class=\"arrow-unsorted-368013\" xmlns=\"http:\/\/www.w3.org\/2000\/svg\" width=\"10px\" height=\"10px\" viewBox=\"0 0 24 24\" version=\"1.2\" baseProfile=\"tiny\"><path d=\"M18.2 9.3l-6.2-6.3-6.2 6.3c-.2.2-.3.4-.3.7s.1.5.3.7c.2.2.4.3.7.3h11c.3 0 .5-.1.7-.3.2-.2.3-.5.3-.7s-.1-.5-.3-.7zM5.8 14.7l6.2 6.3 6.2-6.3c.2-.2.3-.5.3-.7s-.1-.5-.3-.7c-.2-.2-.4-.3-.7-.3h-11c-.3 0-.5.1-.7.3-.2.2-.3.5-.3.7s.1.5.3.7z\"\/><\/svg><\/span><\/span><\/span><\/a><\/span><\/div>\n<nav><ul class='ez-toc-list ez-toc-list-level-1 eztoc-toggle-hide-by-default' ><li class='ez-toc-page-1 ez-toc-heading-level-3'><a class=\"ez-toc-link ez-toc-heading-1\" href=\"https:\/\/museudigitalcp.com.br\/portaltur\/silveiras\/#Silveiras_%E2%80%93_A_capital_do_tropeirismo\" >Silveiras &#8211; A capital do tropeirismo<\/a><ul class='ez-toc-list-level-5' ><li class='ez-toc-heading-level-5'><ul class='ez-toc-list-level-5' ><li class='ez-toc-heading-level-5'><a class=\"ez-toc-link ez-toc-heading-2\" href=\"https:\/\/museudigitalcp.com.br\/portaltur\/silveiras\/#Cidades_do_Vale_Historico\" >Cidades do Vale Hist\u00f3rico<\/a><\/li><\/ul><\/li><\/ul><\/li><\/ul><\/nav><\/div>\n","protected":false},"excerpt":{"rendered":"<p>Silveiras &#8211; A capital do tropeirismo Silveiras surgiu ao final do s\u00e9culo XVIII em torno de um rancho de tropas, o da fam\u00edlia Silveira \u2013 da\u00ed o seu nome. \u201cVamos l\u00e1 para os Silveiras\u201d. Logo, outros \u201cranchos\u201d foram se instalando, com destaque para as fam\u00edlias Guedes, Siqueira, Ventura de Abreu, Santos, Bueno, dentre outros. Seus [&hellip;]<\/p>\n","protected":false},"author":1,"featured_media":1189,"comment_status":"closed","ping_status":"closed","sticky":false,"template":"","format":"standard","meta":{"_monsterinsights_skip_tracking":false,"site-sidebar-layout":"default","site-content-layout":"","ast-site-content-layout":"default","site-content-style":"default","site-sidebar-style":"default","ast-global-header-display":"","ast-banner-title-visibility":"","ast-main-header-display":"","ast-hfb-above-header-display":"","ast-hfb-below-header-display":"","ast-hfb-mobile-header-display":"","site-post-title":"","ast-breadcrumbs-content":"","ast-featured-img":"","footer-sml-layout":"","ast-disable-related-posts":"","theme-transparent-header-meta":"","adv-header-id-meta":"","stick-header-meta":"","header-above-stick-meta":"","header-main-stick-meta":"","header-below-stick-meta":"","astra-migrate-meta-layouts":"default","ast-page-background-enabled":"default","ast-page-background-meta":{"desktop":{"background-color":"var(--ast-global-color-4)","background-image":"","background-repeat":"repeat","background-position":"center center","background-size":"auto","background-attachment":"scroll","background-type":"","background-media":"","overlay-type":"","overlay-color":"","overlay-opacity":"","overlay-gradient":""},"tablet":{"background-color":"","background-image":"","background-repeat":"repeat","background-position":"center center","background-size":"auto","background-attachment":"scroll","background-type":"","background-media":"","overlay-type":"","overlay-color":"","overlay-opacity":"","overlay-gradient":""},"mobile":{"background-color":"","background-image":"","background-repeat":"repeat","background-position":"center center","background-size":"auto","background-attachment":"scroll","background-type":"","background-media":"","overlay-type":"","overlay-color":"","overlay-opacity":"","overlay-gradient":""}},"ast-content-background-meta":{"desktop":{"background-color":"var(--ast-global-color-5)","background-image":"","background-repeat":"repeat","background-position":"center center","background-size":"auto","background-attachment":"scroll","background-type":"","background-media":"","overlay-type":"","overlay-color":"","overlay-opacity":"","overlay-gradient":""},"tablet":{"background-color":"var(--ast-global-color-5)","background-image":"","background-repeat":"repeat","background-position":"center center","background-size":"auto","background-attachment":"scroll","background-type":"","background-media":"","overlay-type":"","overlay-color":"","overlay-opacity":"","overlay-gradient":""},"mobile":{"background-color":"var(--ast-global-color-5)","background-image":"","background-repeat":"repeat","background-position":"center center","background-size":"auto","background-attachment":"scroll","background-type":"","background-media":"","overlay-type":"","overlay-color":"","overlay-opacity":"","overlay-gradient":""}},"footnotes":""},"categories":[210],"tags":[],"class_list":["post-1180","post","type-post","status-publish","format-standard","has-post-thumbnail","hentry","category-vale-historico"],"_links":{"self":[{"href":"https:\/\/museudigitalcp.com.br\/portaltur\/wp-json\/wp\/v2\/posts\/1180","targetHints":{"allow":["GET"]}}],"collection":[{"href":"https:\/\/museudigitalcp.com.br\/portaltur\/wp-json\/wp\/v2\/posts"}],"about":[{"href":"https:\/\/museudigitalcp.com.br\/portaltur\/wp-json\/wp\/v2\/types\/post"}],"author":[{"embeddable":true,"href":"https:\/\/museudigitalcp.com.br\/portaltur\/wp-json\/wp\/v2\/users\/1"}],"replies":[{"embeddable":true,"href":"https:\/\/museudigitalcp.com.br\/portaltur\/wp-json\/wp\/v2\/comments?post=1180"}],"version-history":[{"count":0,"href":"https:\/\/museudigitalcp.com.br\/portaltur\/wp-json\/wp\/v2\/posts\/1180\/revisions"}],"wp:featuredmedia":[{"embeddable":true,"href":"https:\/\/museudigitalcp.com.br\/portaltur\/wp-json\/wp\/v2\/media\/1189"}],"wp:attachment":[{"href":"https:\/\/museudigitalcp.com.br\/portaltur\/wp-json\/wp\/v2\/media?parent=1180"}],"wp:term":[{"taxonomy":"category","embeddable":true,"href":"https:\/\/museudigitalcp.com.br\/portaltur\/wp-json\/wp\/v2\/categories?post=1180"},{"taxonomy":"post_tag","embeddable":true,"href":"https:\/\/museudigitalcp.com.br\/portaltur\/wp-json\/wp\/v2\/tags?post=1180"}],"curies":[{"name":"wp","href":"https:\/\/api.w.org\/{rel}","templated":true}]}}