{"id":1179,"date":"2023-05-19T01:15:20","date_gmt":"2023-05-19T01:15:20","guid":{"rendered":"https:\/\/cachoeirapaulista.tur.br\/?p=1179"},"modified":"2023-07-24T05:25:04","modified_gmt":"2023-07-24T05:25:04","slug":"sao-jose-do-barreiro","status":"publish","type":"post","link":"https:\/\/museudigitalcp.com.br\/portaltur\/sao-jose-do-barreiro\/","title":{"rendered":"S\u00e3o Jos\u00e9 do Barreiro"},"content":{"rendered":"<div id=\"pl-1179\" class=\"panel-layout\">\n<div id=\"pg-1179-0\" class=\"panel-grid panel-no-style\">\n<div id=\"pgc-1179-0-0\" class=\"panel-grid-cell\" data-weight=\"1\">\n<div id=\"panel-1179-0-0-0\" class=\"so-panel widget widget_sow-editor panel-first-child panel-last-child\" data-index=\"0\">\n<div class=\"so-widget-sow-editor so-widget-sow-editor-base\">\n<div class=\"siteorigin-widget-tinymce textwidget\">\n<h2><span class=\"ez-toc-section\" id=\"Sao_Jose_do_Barreiro_produzia_riquezas_no_seculo_17\"><\/span>S\u00e3o Jos\u00e9 do Barreiro produzia riquezas no s\u00e9culo 17<span class=\"ez-toc-section-end\"><\/span><\/h2>\n<p><b>S\u00e3o Jos\u00e9 do Barreiro<\/b>\u00a0\u00e9 um\u00a0munic\u00edpio\u00a0no leste do\u00a0estado\u00a0de\u00a0S\u00e3o Paulo, na\u00a0microrregi\u00e3o de Bananal. A popula\u00e7\u00e3o estimada em 2019 era de 4.147 habitantes e a \u00e1rea \u00e9 de 570,685 km\u00b2,\u00a0o que resulta numa\u00a0densidade demogr\u00e1fica\u00a0de 7,36 hab\/km\u00b2. O munic\u00edpio \u00e9 formado pela sede e pelo povoado de\u00a0Formoso.<sup id=\"cite_ref-4\" class=\"reference\"><\/sup><sup id=\"cite_ref-5\" class=\"reference\"><\/sup><\/p>\n<h3><span class=\"ez-toc-section\" id=\"Estancia_turistica\"><\/span><span id=\"Est.C3.A2ncia_tur.C3.ADstica\"><\/span><span id=\"Est\u00e2ncia_tur\u00edstica\" class=\"mw-headline\">Est\u00e2ncia tur\u00edstica<\/span><span class=\"ez-toc-section-end\"><\/span><\/h3>\n<figure id=\"attachment_1197\" aria-describedby=\"caption-attachment-1197\" style=\"width: 300px\" class=\"wp-caption alignright\"><img loading=\"lazy\" decoding=\"async\" class=\"wp-image-1197 size-medium\" title=\"C\u00e2mara Municipal de S\u00e3o Jos\u00e9 do Barreiro\" src=\"https:\/\/museudigitalcp.com.br\/portaltur\/wp-content\/uploads\/2023\/05\/camara-municipal-300x204.webp\" alt=\"C\u00e2mara Municipal de S\u00e3o Jos\u00e9 do Barreiro\" width=\"300\" height=\"204\" srcset=\"https:\/\/museudigitalcp.com.br\/portaltur\/wp-content\/uploads\/2023\/05\/camara-municipal-300x204.webp 300w, https:\/\/museudigitalcp.com.br\/portaltur\/wp-content\/uploads\/2023\/05\/camara-municipal.webp 500w\" sizes=\"auto, (max-width: 300px) 100vw, 300px\" \/><figcaption id=\"caption-attachment-1197\" class=\"wp-caption-text\">C\u00e2mara Municipal de S\u00e3o Jos\u00e9 do Barreiro<\/figcaption><\/figure>\n<p>S\u00e3o Jos\u00e9 do Barreiro \u00e9 um dos 70 munic\u00edpios paulistas considerados est\u00e2ncias tur\u00edsticas pelo\u00a0estado de S\u00e3o Paulo, por cumprirem determinados pr\u00e9-requisitos definidos por Lei Estadual. Tal\u00a0<i>status<\/i>\u00a0garante a esses munic\u00edpios uma verba maior por parte do estado para a promo\u00e7\u00e3o do turismo regional. Tamb\u00e9m, o munic\u00edpio adquire o direito de agregar junto a seu nome o t\u00edtulo de\u00a0<i><b>Est\u00e2ncia Tur\u00edstica<\/b><\/i>, termo pelo qual passa a ser designado tanto pelo expediente municipal oficial quanto pelas refer\u00eancias estaduais.<\/p>\n<h3><span class=\"ez-toc-section\" id=\"Historia\"><\/span><span id=\"Hist.C3.B3ria\"><\/span><span id=\"Hist\u00f3ria\" class=\"mw-headline\">Hist\u00f3ria<\/span><span class=\"ez-toc-section-end\"><\/span><\/h3>\n<p>Ainda no\u00a0s\u00e9culo XVIII, descendo a\u00a0Serra do Mar\u00a0em dire\u00e7\u00e3o ao\u00a0porto\u00a0da\u00a0Mambucaba, o capit\u00e3o Fortunato Pereira Leite e seu\u00a0cunhado\u00a0Jo\u00e3o Ferreira de Souza, com seus familiares e\u00a0agregados\u00a0vindos de\u00a0Pouso Alto, se detiveram nas proximidades de um atoleiro de dif\u00edcil passagem. A\u00ed fundaram um\u00a0arraial\u00a0onde, em 1820, foi erguida uma\u00a0capela\u00a0dedicada a\u00a0S\u00e3o Jos\u00e9, passando o\u00a0povoado\u00a0a ser conhecido com S\u00e3o Jos\u00e9 do Barreiro, nome que conservou ao ser elevado \u00e0\u00a0vila\u00a0em 1859.<\/p>\n<figure id=\"attachment_1196\" aria-describedby=\"caption-attachment-1196\" style=\"width: 300px\" class=\"wp-caption alignleft\"><img loading=\"lazy\" decoding=\"async\" class=\"wp-image-1196 size-medium\" title=\"Fazenda Pau D' Alho - S\u00e3o Jos\u00e9 do Barreiro\" src=\"https:\/\/museudigitalcp.com.br\/portaltur\/wp-content\/uploads\/2023\/05\/faz-pau-dalho-300x200.webp\" alt=\"Fazenda Pau D' Alho - S\u00e3o Jos\u00e9 do Barreiro\" width=\"300\" height=\"200\" srcset=\"https:\/\/museudigitalcp.com.br\/portaltur\/wp-content\/uploads\/2023\/05\/faz-pau-dalho-300x200.webp 300w, https:\/\/museudigitalcp.com.br\/portaltur\/wp-content\/uploads\/2023\/05\/faz-pau-dalho-272x182.webp 272w, https:\/\/museudigitalcp.com.br\/portaltur\/wp-content\/uploads\/2023\/05\/faz-pau-dalho.webp 500w\" sizes=\"auto, (max-width: 300px) 100vw, 300px\" \/><figcaption id=\"caption-attachment-1196\" class=\"wp-caption-text\">Fazenda Pau D&#8217; Alho &#8211; Onde D. Pedro pernoitou em sua viagem para proclamar a Independ\u00eancia<\/figcaption><\/figure>\n<p>No munic\u00edpio se abriram in\u00fameras fazendas para o plantio de\u00a0caf\u00e9\u00a0como a famosa Fazenda Pau D&#8217;Alho (n\u00e3o confundindo com a fazenda de mesmo nome situada em Campinas), o que trouxe grande desenvolvimento ao munic\u00edpio, cujas\u00a0casas\u00a0e\u00a0sobrados\u00a0s\u00e3o hoje\u00a0marcos\u00a0da \u00e9poca em que o Munic\u00edpio ocupou lugar importante na\u00a0cafeicultura paulista.<\/p>\n<p>Com o advento da cafeicultura, a cidade passaria a ser atendida pela\u00a0Estrada de Ferro Resende-Bocaina\u00a0em 1892, que realizava o escoamento do produto advindo das fazendas locais e o transporte de passageiros da cidade ao munic\u00edpio de\u00a0Resende, no estado do\u00a0Rio de Janeiro. Por\u00e9m, devido \u00e0s fortes crises financeiras que impediram sua expans\u00e3o, mesmo ap\u00f3s v\u00e1rias tentativas de encampamento pela\u00a0Estrada de Ferro Central do Brasil, a ferrovia acabaria desativada e extinta no ano de 1928, tendo seus materiais rodantes vendidos \u00e0\u00a0Usina Tamoio, em\u00a0Araraquara. Como resqu\u00edcios da antiga EFRB na cidade est\u00e3o algumas pontes constru\u00eddas e a antiga esta\u00e7\u00e3o ferrovi\u00e1ria, que abriga atualmente a sede do Sindicato Rural do munic\u00edpio.<sup id=\"cite_ref-6\" class=\"reference\"><\/sup><\/p>\n<p>Conhecida pela sua altura e beleza a cachoeira de Santo Izidro com 90 metros de altura, se localiza dentro do\u00a0Parque Nacional da Serra da Bocaina, aproximadamente a uma hora do centro; outras famosas cachoeiras tamb\u00e9m se localizam dentro do parque, como a Cachoeira das Posses &amp; a Cachoeira do Veado dentre in\u00fameras outras.<\/p>\n<p>Fonte: <a href=\"https:\/\/pt.wikipedia.org\/wiki\/S%C3%A3o_Jos%C3%A9_do_Barreiro\" target=\"_blank\" rel=\"noopener\">Wikipedia<\/a><\/p>\n<hr \/>\n<h5 style=\"text-align: center;\"><span class=\"ez-toc-section\" id=\"Cidades_do_Vale_Historico\"><\/span><a href=\"https:\/\/museudigitalcp.com.br\/portaltur\/conheca-o-vale-historico\/\">Cidades do Vale Hist\u00f3rico<\/a><span class=\"ez-toc-section-end\"><\/span><\/h5>\n<\/div>\n<\/div>\n<\/div>\n<\/div>\n<\/div>\n<\/div>\n<div id=\"ez-toc-container\" class=\"ez-toc-v2_0_87 counter-hierarchy ez-toc-counter ez-toc-custom ez-toc-container-direction\">\n<div class=\"ez-toc-title-container\">\n<p class=\"ez-toc-title\" style=\"cursor:inherit\">Resumo<\/p>\n<span class=\"ez-toc-title-toggle\"><a href=\"#\" class=\"ez-toc-pull-right ez-toc-btn ez-toc-btn-xs ez-toc-btn-default ez-toc-toggle\" aria-label=\"Alternar tabela de conte\u00fado\"><span class=\"ez-toc-js-icon-con\"><span class=\"\"><span class=\"eztoc-hide\" style=\"display:none;\">Toggle<\/span><span class=\"ez-toc-icon-toggle-span\"><svg style=\"fill: #05006b;color:#05006b\" xmlns=\"http:\/\/www.w3.org\/2000\/svg\" class=\"list-377408\" width=\"20px\" height=\"20px\" viewBox=\"0 0 24 24\" fill=\"none\"><path d=\"M6 6H4v2h2V6zm14 0H8v2h12V6zM4 11h2v2H4v-2zm16 0H8v2h12v-2zM4 16h2v2H4v-2zm16 0H8v2h12v-2z\" fill=\"currentColor\"><\/path><\/svg><svg style=\"fill: #05006b;color:#05006b\" class=\"arrow-unsorted-368013\" xmlns=\"http:\/\/www.w3.org\/2000\/svg\" width=\"10px\" height=\"10px\" viewBox=\"0 0 24 24\" version=\"1.2\" baseProfile=\"tiny\"><path d=\"M18.2 9.3l-6.2-6.3-6.2 6.3c-.2.2-.3.4-.3.7s.1.5.3.7c.2.2.4.3.7.3h11c.3 0 .5-.1.7-.3.2-.2.3-.5.3-.7s-.1-.5-.3-.7zM5.8 14.7l6.2 6.3 6.2-6.3c.2-.2.3-.5.3-.7s-.1-.5-.3-.7c-.2-.2-.4-.3-.7-.3h-11c-.3 0-.5.1-.7.3-.2.2-.3.5-.3.7s.1.5.3.7z\"\/><\/svg><\/span><\/span><\/span><\/a><\/span><\/div>\n<nav><ul class='ez-toc-list ez-toc-list-level-1 eztoc-toggle-hide-by-default' ><li class='ez-toc-page-1 ez-toc-heading-level-2'><a class=\"ez-toc-link ez-toc-heading-1\" href=\"https:\/\/museudigitalcp.com.br\/portaltur\/sao-jose-do-barreiro\/#Sao_Jose_do_Barreiro_produzia_riquezas_no_seculo_17\" >S\u00e3o Jos\u00e9 do Barreiro produzia riquezas no s\u00e9culo 17<\/a><ul class='ez-toc-list-level-3' ><li class='ez-toc-heading-level-3'><a class=\"ez-toc-link ez-toc-heading-2\" href=\"https:\/\/museudigitalcp.com.br\/portaltur\/sao-jose-do-barreiro\/#Estancia_turistica\" >Est\u00e2ncia tur\u00edstica<\/a><\/li><li class='ez-toc-page-1 ez-toc-heading-level-3'><a class=\"ez-toc-link ez-toc-heading-3\" href=\"https:\/\/museudigitalcp.com.br\/portaltur\/sao-jose-do-barreiro\/#Historia\" >Hist\u00f3ria<\/a><ul class='ez-toc-list-level-5' ><li class='ez-toc-heading-level-5'><ul class='ez-toc-list-level-5' ><li class='ez-toc-heading-level-5'><a class=\"ez-toc-link ez-toc-heading-4\" href=\"https:\/\/museudigitalcp.com.br\/portaltur\/sao-jose-do-barreiro\/#Cidades_do_Vale_Historico\" >Cidades do Vale Hist\u00f3rico<\/a><\/li><\/ul><\/li><\/ul><\/li><\/ul><\/li><\/ul><\/nav><\/div>\n","protected":false},"excerpt":{"rendered":"<p>S\u00e3o Jos\u00e9 do Barreiro produzia riquezas no s\u00e9culo 17 S\u00e3o Jos\u00e9 do Barreiro\u00a0\u00e9 um\u00a0munic\u00edpio\u00a0no leste do\u00a0estado\u00a0de\u00a0S\u00e3o Paulo, na\u00a0microrregi\u00e3o de Bananal. A popula\u00e7\u00e3o estimada em 2019 era de 4.147 habitantes e a \u00e1rea \u00e9 de 570,685 km\u00b2,\u00a0o que resulta numa\u00a0densidade demogr\u00e1fica\u00a0de 7,36 hab\/km\u00b2. O munic\u00edpio \u00e9 formado pela sede e pelo povoado de\u00a0Formoso. Est\u00e2ncia tur\u00edstica S\u00e3o [&hellip;]<\/p>\n","protected":false},"author":1,"featured_media":1198,"comment_status":"closed","ping_status":"closed","sticky":false,"template":"","format":"standard","meta":{"_monsterinsights_skip_tracking":false,"site-sidebar-layout":"default","site-content-layout":"","ast-site-content-layout":"default","site-content-style":"default","site-sidebar-style":"default","ast-global-header-display":"","ast-banner-title-visibility":"","ast-main-header-display":"","ast-hfb-above-header-display":"","ast-hfb-below-header-display":"","ast-hfb-mobile-header-display":"","site-post-title":"","ast-breadcrumbs-content":"","ast-featured-img":"","footer-sml-layout":"","ast-disable-related-posts":"","theme-transparent-header-meta":"","adv-header-id-meta":"","stick-header-meta":"","header-above-stick-meta":"","header-main-stick-meta":"","header-below-stick-meta":"","astra-migrate-meta-layouts":"default","ast-page-background-enabled":"default","ast-page-background-meta":{"desktop":{"background-color":"var(--ast-global-color-4)","background-image":"","background-repeat":"repeat","background-position":"center center","background-size":"auto","background-attachment":"scroll","background-type":"","background-media":"","overlay-type":"","overlay-color":"","overlay-opacity":"","overlay-gradient":""},"tablet":{"background-color":"","background-image":"","background-repeat":"repeat","background-position":"center center","background-size":"auto","background-attachment":"scroll","background-type":"","background-media":"","overlay-type":"","overlay-color":"","overlay-opacity":"","overlay-gradient":""},"mobile":{"background-color":"","background-image":"","background-repeat":"repeat","background-position":"center center","background-size":"auto","background-attachment":"scroll","background-type":"","background-media":"","overlay-type":"","overlay-color":"","overlay-opacity":"","overlay-gradient":""}},"ast-content-background-meta":{"desktop":{"background-color":"var(--ast-global-color-5)","background-image":"","background-repeat":"repeat","background-position":"center center","background-size":"auto","background-attachment":"scroll","background-type":"","background-media":"","overlay-type":"","overlay-color":"","overlay-opacity":"","overlay-gradient":""},"tablet":{"background-color":"var(--ast-global-color-5)","background-image":"","background-repeat":"repeat","background-position":"center center","background-size":"auto","background-attachment":"scroll","background-type":"","background-media":"","overlay-type":"","overlay-color":"","overlay-opacity":"","overlay-gradient":""},"mobile":{"background-color":"var(--ast-global-color-5)","background-image":"","background-repeat":"repeat","background-position":"center center","background-size":"auto","background-attachment":"scroll","background-type":"","background-media":"","overlay-type":"","overlay-color":"","overlay-opacity":"","overlay-gradient":""}},"footnotes":""},"categories":[210],"tags":[],"class_list":["post-1179","post","type-post","status-publish","format-standard","has-post-thumbnail","hentry","category-vale-historico"],"_links":{"self":[{"href":"https:\/\/museudigitalcp.com.br\/portaltur\/wp-json\/wp\/v2\/posts\/1179","targetHints":{"allow":["GET"]}}],"collection":[{"href":"https:\/\/museudigitalcp.com.br\/portaltur\/wp-json\/wp\/v2\/posts"}],"about":[{"href":"https:\/\/museudigitalcp.com.br\/portaltur\/wp-json\/wp\/v2\/types\/post"}],"author":[{"embeddable":true,"href":"https:\/\/museudigitalcp.com.br\/portaltur\/wp-json\/wp\/v2\/users\/1"}],"replies":[{"embeddable":true,"href":"https:\/\/museudigitalcp.com.br\/portaltur\/wp-json\/wp\/v2\/comments?post=1179"}],"version-history":[{"count":0,"href":"https:\/\/museudigitalcp.com.br\/portaltur\/wp-json\/wp\/v2\/posts\/1179\/revisions"}],"wp:featuredmedia":[{"embeddable":true,"href":"https:\/\/museudigitalcp.com.br\/portaltur\/wp-json\/wp\/v2\/media\/1198"}],"wp:attachment":[{"href":"https:\/\/museudigitalcp.com.br\/portaltur\/wp-json\/wp\/v2\/media?parent=1179"}],"wp:term":[{"taxonomy":"category","embeddable":true,"href":"https:\/\/museudigitalcp.com.br\/portaltur\/wp-json\/wp\/v2\/categories?post=1179"},{"taxonomy":"post_tag","embeddable":true,"href":"https:\/\/museudigitalcp.com.br\/portaltur\/wp-json\/wp\/v2\/tags?post=1179"}],"curies":[{"name":"wp","href":"https:\/\/api.w.org\/{rel}","templated":true}]}}