{"id":1178,"date":"2023-05-19T01:14:47","date_gmt":"2023-05-19T01:14:47","guid":{"rendered":"https:\/\/cachoeirapaulista.tur.br\/?p=1178"},"modified":"2023-07-24T05:28:50","modified_gmt":"2023-07-24T05:28:50","slug":"bananal","status":"publish","type":"post","link":"https:\/\/museudigitalcp.com.br\/portaltur\/bananal\/","title":{"rendered":"Bananal"},"content":{"rendered":"<h2><span class=\"ez-toc-section\" id=\"Bananal_e_a_riqueza_do_cafe\"><\/span>Bananal e a riqueza do caf\u00e9<span class=\"ez-toc-section-end\"><\/span><\/h2>\n<p style=\"font-: 400;\">Bananal foi erigida em uma regi\u00e3o ocupada pela etnia ind\u00edgena dos Puris. O aldeamento existiu entre a Serra da Mantiqueira e florestas do Sert\u00e3o do Bocaina, se estendendo at\u00e9 a regi\u00e3o onde se encontra a cidade. O rio que cortava a localidade foi batizado por eles com o nome Banani, que significa &#8220;rio sinuoso&#8221;. O nome da cidade teria surgido da\u00ed. Primeiro com a corruptela &#8220;Banan\u00e1&#8221; e, por fim, Bananal.<\/p>\n<p style=\"font-weight: 400;\">Entre fins do s\u00e9culo XVII e o in\u00edcio do s\u00e9culo XVIII a regi\u00e3o do Vale do Para\u00edba se tornou uma das principais rotas e ponto de passagem do ouro das Minas Gerais, de Goi\u00e1s e do Mato Grosso, al\u00e9m do gado advindo do Rio Grande do Sul, recebendo o fluxo de tropeiros e viajantes.<\/p>\n<p style=\"font-weight: 400;\">O trajeto percorria o caminho que hoje fica entre Barra Mansa, Areias, Resende, Angra dos Reis e Bananal, servindo de pouso para aqueles que se dirigiam ao Rio de Janeiro.<\/p>\n<figure id=\"attachment_1203\" aria-describedby=\"caption-attachment-1203\" style=\"width: 500px\" class=\"wp-caption alignleft\"><img loading=\"lazy\" decoding=\"async\" class=\"wp-image-1203 size-full\" title=\"Esta\u00e7\u00e3o de Bananal - Constru\u00edda em 1888\" src=\"https:\/\/museudigitalcp.com.br\/portaltur\/wp-content\/uploads\/2023\/05\/estacao-bananal.webp\" alt=\"Esta\u00e7\u00e3o de Bananal - Constru\u00edda em 1888\" width=\"500\" height=\"333\" srcset=\"https:\/\/museudigitalcp.com.br\/portaltur\/wp-content\/uploads\/2023\/05\/estacao-bananal.webp 500w, https:\/\/museudigitalcp.com.br\/portaltur\/wp-content\/uploads\/2023\/05\/estacao-bananal-300x200.webp 300w, https:\/\/museudigitalcp.com.br\/portaltur\/wp-content\/uploads\/2023\/05\/estacao-bananal-272x182.webp 272w\" sizes=\"auto, (max-width: 500px) 100vw, 500px\" \/><figcaption id=\"caption-attachment-1203\" class=\"wp-caption-text\">Esta\u00e7\u00e3o de Bananal &#8211; Constru\u00edda em 1888<\/figcaption><\/figure>\n<p style=\"font-weight: 400;\">Entre o rio Bananal e a Serra da Carioca passava tamb\u00e9m a Estrada Geral, bastante utilizada por sua abund\u00e2ncia de anil, muito valorizado e utilizado na \u00e9poca como corante. Foi a primeira atividade econ\u00f4mica mais expressiva no local por um per\u00edodo aproximado de 20 anos, desaparecendo no in\u00edcio do s\u00e9culo XIX.<\/p>\n<p style=\"font-weight: 400;\">Em 1770 foi aberto o &#8220;Caminho Novo&#8221;, estrada constru\u00edda entre as capitanias de S\u00e3o Paulo e Rio de Janeiro. O caminho por terra foi concebido como via alternativa \u00e0s viagens mar\u00edtimas, que sofriam frequentes ataques de piratas e saqueadores.<\/p>\n<p style=\"font-weight: 400;\">Em 1783, o governo colonial tra\u00e7ou o objetivo de povoar o Caminho Novo e o Capit\u00e3o-M\u00f3r Manoel da Silva Reis recebeu a miss\u00e3o de distribuir, a pessoas de sua confian\u00e7a, 13 sesmarias criadas na regi\u00e3o. A 9\u00aa sesmaria, no rio Bananal, foi destinada a Jo\u00e3o Barbosa de Camargo. Ele e sua esposa ergueram uma pequena capela dedicada ao Senhor Bom Jesus do Livramento num local considerado o marco inicial da localidade.<\/p>\n<p style=\"font-weight: 400;\">A funda\u00e7\u00e3o de Bananal foi formalizada em escritura datada de 10 de fevereiro de 1785.<\/p>\n<p style=\"font-weight: 400;\"><b><strong>O CULTIVO DO CAF\u00c9 E A EMANCIPA\u00c7\u00c3O POL\u00cdTICO-ADMINISTRATIVA<\/strong><\/b><\/p>\n<p style=\"font-weight: 400;\">Ap\u00f3s a abertura do Caminho Novo e com o esgotamento do ouro, a regi\u00e3o foi ficando mais povoada e passou a viver da agricultura de subsist\u00eancia, com produtos como cana-de-a\u00e7\u00facar, feij\u00e3o e milho.<\/p>\n<p style=\"font-weight: 400;\">A situa\u00e7\u00e3o passou a mudar no in\u00edcio do s\u00e9culo XIX, quando a cultura do caf\u00e9, baseada nas grandes propriedades de terra e no emprego da m\u00e3o-de-obra escrava chegou \u00e0 regi\u00e3o. As terras f\u00e9rteis e o clima prop\u00edcio para o cultivo do &#8220;ouro verde&#8221; trouxeram pujan\u00e7a e mudaram a configura\u00e7\u00e3o pol\u00edtica e administrativa. O Vale do Para\u00edba, que ficava a cargo de S\u00e3o Paulo, passou a ser desmembrado em vilas. Primeiro, houve o desmembramento da Vila de Taubat\u00e9 (1645), depois a Vila de Guaratinguet\u00e1 (1651) e Lorena (1788). Bananal pertenceu a todas elas. Em 26 de janeiro de 1811, Bananal foi elevada \u00e0 condi\u00e7\u00e3o de par\u00f3quia. Ap\u00f3s novo desmembramento, Bananal foi anexada \u00e0 Vila de S\u00e3o Miguel das Areias em 1816.<\/p>\n<p style=\"font-weight: 400;\">Ap\u00f3s 16 anos ansiando tamb\u00e9m por sua independ\u00eancia administrativa, Bananal foi elevada \u00e0 condi\u00e7\u00e3o de Vila em 10 de julho de 1832 atrav\u00e9s de Decreto Imperial. A C\u00e2mara Municipal foi instalada em 17 de mar\u00e7o de 1833. Nos anos seguintes, sua relev\u00e2ncia pol\u00edtica cresceu, alicer\u00e7ada no ritmo de sua economia cafeeira.<\/p>\n<p style=\"font-weight: 400;\">Em 1836, Bananal era o segundo maior produtor de caf\u00e9 da prov\u00edncia de S\u00e3o Paulo. Em consequ\u00eancia da Revolu\u00e7\u00e3o de 1842, Bananal chegou a ser anexado ao Rio de Janeiro por meio do Decreto n\u00b0 180 no m\u00eas de junho. Mas dois meses depois, em agosto, por outro Decreto, de n\u00ba 215, voltou a pertencer a S\u00e3o Paulo.<\/p>\n<p style=\"font-weight: 400;\">Progresso, popula\u00e7\u00e3o e riquezas continuaram crescendo e disso resultou a Lei n\u00b0 17, de 03 de abril de 1849, que elevou Bananal \u00e0 condi\u00e7\u00e3o de Cidade, resultando em grande festa das lideran\u00e7as pol\u00edticas locais. Em 30 de mar\u00e7o de 1858 foi criada a Comarca de Bananal, anexando os termos de Areias, Queluz e Silveiras at\u00e9 1866.<\/p>\n<p style=\"font-weight: 400;\"><b><strong>O PER\u00cdODO \u00c1UREO DOS BAR\u00d5ES DO CAF\u00c9<\/strong><\/b><\/p>\n<p style=\"font-weight: 400;\">O desenvolvimento urbano de Bananal sempre esteve atrelado ao crescimento da cultura cafeeira. o povoado de uma \u00fanica rua passou a ter tr\u00eas pouco antes de sua emancipa\u00e7\u00e3o e foi crescendo ainda mais ao alcan\u00e7ar riqueza e prosperidade em seu tempos \u00e1ureos do caf\u00e9.<\/p>\n<p style=\"font-weight: 400;\">Ultrapassou a arrecada\u00e7\u00e3o da capital e, devido \u00e0 grande soma de impostos dali provenientes, chegou a alicer\u00e7ar a economia de S\u00e3o Paulo e do Brasil.<\/p>\n<p style=\"font-weight: 400;\">Em 1854 a produ\u00e7\u00e3o de Bananal era maior que de outras regi\u00f5es paulistas. o caf\u00e9 era comercializado com a Europa e com os Estados Unidos. No segundo reinado, Bananal era o centro da economia nacional e a terceira receita municipal do Estado.<\/p>\n<figure id=\"attachment_1204\" aria-describedby=\"caption-attachment-1204\" style=\"width: 500px\" class=\"wp-caption alignright\"><img loading=\"lazy\" decoding=\"async\" class=\"wp-image-1204 size-full\" title=\"Fazenda Resgate\" src=\"https:\/\/museudigitalcp.com.br\/portaltur\/wp-content\/uploads\/2023\/05\/faz-resgate.webp\" alt=\"Fazenda Resgate\" width=\"500\" height=\"333\" srcset=\"https:\/\/museudigitalcp.com.br\/portaltur\/wp-content\/uploads\/2023\/05\/faz-resgate.webp 500w, https:\/\/museudigitalcp.com.br\/portaltur\/wp-content\/uploads\/2023\/05\/faz-resgate-300x200.webp 300w, https:\/\/museudigitalcp.com.br\/portaltur\/wp-content\/uploads\/2023\/05\/faz-resgate-272x182.webp 272w\" sizes=\"auto, (max-width: 500px) 100vw, 500px\" \/><figcaption id=\"caption-attachment-1204\" class=\"wp-caption-text\">Fazenda Resgate &#8211; Constru\u00edda em 1776<\/figcaption><\/figure>\n<p style=\"font-weight: 400;\">No entorno da Igreja Matriz, casar\u00f5es foram erguidos com os bras\u00f5es de seus propriet\u00e1rios. Tanto suas resid\u00eancias urbanas como as rurais ostentavam azulejos portugueses, cristais belgas, artefatos e m\u00f3veis importados. As sedes das fazendas transformaram-se em palacetes.<\/p>\n<p style=\"font-weight: 400;\">Os Bar\u00f5es do Caf\u00e9, elite do Imp\u00e9rio, depositavam dinheiro em bancos estrangeiros e financiaram obras como a constru\u00e7\u00e3o do ramal bananalense da Estrada de Ferro, que passava pelas fazendas mais ricas e ia at\u00e9 Barra Mansa-RJ escoar a produ\u00e7\u00e3o.<\/p>\n<p style=\"font-weight: 400;\">Uma esta\u00e7\u00e3o met\u00e1lica pr\u00e9-moldada em chapas duplas almofadadas e assoalhos de aut\u00eantico pinho de Riga foi importada da B\u00e9lgica e inaugurada em 1\u00ba de janeiro de 1889. Serve at\u00e9 hoje como s\u00edmbolo daquele per\u00edodo \u00e1ureo, quando a cidade chegou a cunhar sua pr\u00f3pria moeda. Composta sob a influ\u00eancia dos Bar\u00f5es do Caf\u00e9, o prest\u00edgio da C\u00e2mara Municipal chegou a endossar um empr\u00e9stimo do Governo Imperial junto aos banqueiros londrinos, por exig\u00eancia destes. Um de seus fazendeiros chegou a concentrar quase 1% de todo o papel moeda emitido no Brasil.<\/p>\n<p style=\"font-weight: 400;\">Com a queda do caf\u00e9, as lavouras foram substitu\u00eddas por algod\u00e3o e principalmente, a cria\u00e7\u00e3o de gado leiteiro.<\/p>\n<p>Fonte: <a href=\"http:\/\/www.bananal.sp.gov.br\/\" target=\"_blank\" rel=\"noopener\">Prefeitura de Bananal<\/a><\/p>\n<hr \/>\n<h5 style=\"text-align: center;\"><span class=\"ez-toc-section\" id=\"Cidades_do_Vale_Historico\"><\/span><a href=\"https:\/\/museudigitalcp.com.br\/portaltur\/conheca-o-vale-historico\/\">Cidades do Vale Hist\u00f3rico<\/a><span class=\"ez-toc-section-end\"><\/span><\/h5>\n<div id=\"ez-toc-container\" class=\"ez-toc-v2_0_87 counter-hierarchy ez-toc-counter ez-toc-custom ez-toc-container-direction\">\n<div class=\"ez-toc-title-container\">\n<p class=\"ez-toc-title\" style=\"cursor:inherit\">Resumo<\/p>\n<span class=\"ez-toc-title-toggle\"><a href=\"#\" class=\"ez-toc-pull-right ez-toc-btn ez-toc-btn-xs ez-toc-btn-default ez-toc-toggle\" aria-label=\"Alternar tabela de conte\u00fado\"><span class=\"ez-toc-js-icon-con\"><span class=\"\"><span class=\"eztoc-hide\" style=\"display:none;\">Toggle<\/span><span class=\"ez-toc-icon-toggle-span\"><svg style=\"fill: #05006b;color:#05006b\" xmlns=\"http:\/\/www.w3.org\/2000\/svg\" class=\"list-377408\" width=\"20px\" height=\"20px\" viewBox=\"0 0 24 24\" fill=\"none\"><path d=\"M6 6H4v2h2V6zm14 0H8v2h12V6zM4 11h2v2H4v-2zm16 0H8v2h12v-2zM4 16h2v2H4v-2zm16 0H8v2h12v-2z\" fill=\"currentColor\"><\/path><\/svg><svg style=\"fill: #05006b;color:#05006b\" class=\"arrow-unsorted-368013\" xmlns=\"http:\/\/www.w3.org\/2000\/svg\" width=\"10px\" height=\"10px\" viewBox=\"0 0 24 24\" version=\"1.2\" baseProfile=\"tiny\"><path d=\"M18.2 9.3l-6.2-6.3-6.2 6.3c-.2.2-.3.4-.3.7s.1.5.3.7c.2.2.4.3.7.3h11c.3 0 .5-.1.7-.3.2-.2.3-.5.3-.7s-.1-.5-.3-.7zM5.8 14.7l6.2 6.3 6.2-6.3c.2-.2.3-.5.3-.7s-.1-.5-.3-.7c-.2-.2-.4-.3-.7-.3h-11c-.3 0-.5.1-.7.3-.2.2-.3.5-.3.7s.1.5.3.7z\"\/><\/svg><\/span><\/span><\/span><\/a><\/span><\/div>\n<nav><ul class='ez-toc-list ez-toc-list-level-1 eztoc-toggle-hide-by-default' ><li class='ez-toc-page-1 ez-toc-heading-level-2'><a class=\"ez-toc-link ez-toc-heading-1\" href=\"https:\/\/museudigitalcp.com.br\/portaltur\/bananal\/#Bananal_e_a_riqueza_do_cafe\" >Bananal e a riqueza do caf\u00e9<\/a><ul class='ez-toc-list-level-5' ><li class='ez-toc-heading-level-5'><ul class='ez-toc-list-level-5' ><li class='ez-toc-heading-level-5'><ul class='ez-toc-list-level-5' ><li class='ez-toc-heading-level-5'><a class=\"ez-toc-link ez-toc-heading-2\" href=\"https:\/\/museudigitalcp.com.br\/portaltur\/bananal\/#Cidades_do_Vale_Historico\" >Cidades do Vale Hist\u00f3rico<\/a><\/li><\/ul><\/li><\/ul><\/li><\/ul><\/li><\/ul><\/nav><\/div>\n","protected":false},"excerpt":{"rendered":"<p>Bananal e a riqueza do caf\u00e9 Bananal foi erigida em uma regi\u00e3o ocupada pela etnia ind\u00edgena dos Puris. O aldeamento existiu entre a Serra da Mantiqueira e florestas do Sert\u00e3o do Bocaina, se estendendo at\u00e9 a regi\u00e3o onde se encontra a cidade. O rio que cortava a localidade foi batizado por eles com o nome [&hellip;]<\/p>\n","protected":false},"author":1,"featured_media":1205,"comment_status":"closed","ping_status":"closed","sticky":false,"template":"","format":"standard","meta":{"_monsterinsights_skip_tracking":false,"site-sidebar-layout":"default","site-content-layout":"","ast-site-content-layout":"default","site-content-style":"default","site-sidebar-style":"default","ast-global-header-display":"","ast-banner-title-visibility":"","ast-main-header-display":"","ast-hfb-above-header-display":"","ast-hfb-below-header-display":"","ast-hfb-mobile-header-display":"","site-post-title":"","ast-breadcrumbs-content":"","ast-featured-img":"","footer-sml-layout":"","ast-disable-related-posts":"","theme-transparent-header-meta":"","adv-header-id-meta":"","stick-header-meta":"","header-above-stick-meta":"","header-main-stick-meta":"","header-below-stick-meta":"","astra-migrate-meta-layouts":"default","ast-page-background-enabled":"default","ast-page-background-meta":{"desktop":{"background-color":"var(--ast-global-color-4)","background-image":"","background-repeat":"repeat","background-position":"center center","background-size":"auto","background-attachment":"scroll","background-type":"","background-media":"","overlay-type":"","overlay-color":"","overlay-opacity":"","overlay-gradient":""},"tablet":{"background-color":"","background-image":"","background-repeat":"repeat","background-position":"center center","background-size":"auto","background-attachment":"scroll","background-type":"","background-media":"","overlay-type":"","overlay-color":"","overlay-opacity":"","overlay-gradient":""},"mobile":{"background-color":"","background-image":"","background-repeat":"repeat","background-position":"center center","background-size":"auto","background-attachment":"scroll","background-type":"","background-media":"","overlay-type":"","overlay-color":"","overlay-opacity":"","overlay-gradient":""}},"ast-content-background-meta":{"desktop":{"background-color":"var(--ast-global-color-5)","background-image":"","background-repeat":"repeat","background-position":"center center","background-size":"auto","background-attachment":"scroll","background-type":"","background-media":"","overlay-type":"","overlay-color":"","overlay-opacity":"","overlay-gradient":""},"tablet":{"background-color":"var(--ast-global-color-5)","background-image":"","background-repeat":"repeat","background-position":"center center","background-size":"auto","background-attachment":"scroll","background-type":"","background-media":"","overlay-type":"","overlay-color":"","overlay-opacity":"","overlay-gradient":""},"mobile":{"background-color":"var(--ast-global-color-5)","background-image":"","background-repeat":"repeat","background-position":"center center","background-size":"auto","background-attachment":"scroll","background-type":"","background-media":"","overlay-type":"","overlay-color":"","overlay-opacity":"","overlay-gradient":""}},"footnotes":""},"categories":[210],"tags":[],"class_list":["post-1178","post","type-post","status-publish","format-standard","has-post-thumbnail","hentry","category-vale-historico"],"_links":{"self":[{"href":"https:\/\/museudigitalcp.com.br\/portaltur\/wp-json\/wp\/v2\/posts\/1178","targetHints":{"allow":["GET"]}}],"collection":[{"href":"https:\/\/museudigitalcp.com.br\/portaltur\/wp-json\/wp\/v2\/posts"}],"about":[{"href":"https:\/\/museudigitalcp.com.br\/portaltur\/wp-json\/wp\/v2\/types\/post"}],"author":[{"embeddable":true,"href":"https:\/\/museudigitalcp.com.br\/portaltur\/wp-json\/wp\/v2\/users\/1"}],"replies":[{"embeddable":true,"href":"https:\/\/museudigitalcp.com.br\/portaltur\/wp-json\/wp\/v2\/comments?post=1178"}],"version-history":[{"count":0,"href":"https:\/\/museudigitalcp.com.br\/portaltur\/wp-json\/wp\/v2\/posts\/1178\/revisions"}],"wp:featuredmedia":[{"embeddable":true,"href":"https:\/\/museudigitalcp.com.br\/portaltur\/wp-json\/wp\/v2\/media\/1205"}],"wp:attachment":[{"href":"https:\/\/museudigitalcp.com.br\/portaltur\/wp-json\/wp\/v2\/media?parent=1178"}],"wp:term":[{"taxonomy":"category","embeddable":true,"href":"https:\/\/museudigitalcp.com.br\/portaltur\/wp-json\/wp\/v2\/categories?post=1178"},{"taxonomy":"post_tag","embeddable":true,"href":"https:\/\/museudigitalcp.com.br\/portaltur\/wp-json\/wp\/v2\/tags?post=1178"}],"curies":[{"name":"wp","href":"https:\/\/api.w.org\/{rel}","templated":true}]}}