{"id":1177,"date":"2023-05-19T01:14:04","date_gmt":"2023-05-19T01:14:04","guid":{"rendered":"https:\/\/cachoeirapaulista.tur.br\/?p=1177"},"modified":"2023-07-24T05:30:06","modified_gmt":"2023-07-24T05:30:06","slug":"areias","status":"publish","type":"post","link":"https:\/\/museudigitalcp.com.br\/portaltur\/areias\/","title":{"rendered":"Areias"},"content":{"rendered":"<h3 data-wahfont=\"13\"><span class=\"ez-toc-section\" id=\"Areias_teve_sua_origem_no_seculo_18_a_partir_de_um_pouso_de_tropeiros_que_dali_buscavam_o_porto_de_Mambucaba\"><\/span>Areias teve sua origem no s\u00e9culo 18 a partir de um pouso de tropeiros que, dali, buscavam o porto de Mambucaba.<span class=\"ez-toc-section-end\"><\/span><\/h3>\n<p class=\"style71\" data-wahfont=\"13\">Areias inicialmente foi Freguesia, criada em janeiro de 1748 com o nome de Santana da Para\u00edba Nova, que servia de pouso para os tropeiros que de S\u00e3o Paulo e Minas Gerais, iam para o Rio de Janeiro.<\/p>\n<p class=\"style71\" data-wahfont=\"13\">Os fundadores eram moradores de Resende, destacando-se entre eles o\u00a0<strong>Padre Joaquim Jos\u00e9 da Silva\u00a0<\/strong>e o Capit\u00e3o-mor\u00a0<strong>Gabriel Serafim da Silva.<\/strong><\/p>\n<figure id=\"attachment_1208\" aria-describedby=\"caption-attachment-1208\" style=\"width: 500px\" class=\"wp-caption alignleft\"><img loading=\"lazy\" decoding=\"async\" class=\"wp-image-1208 size-full\" title=\"Pr\u00e9dio da Prefeitura Municipal de Areias\" src=\"https:\/\/museudigitalcp.com.br\/portaltur\/wp-content\/uploads\/2023\/05\/prefeitura-areias.webp\" alt=\"Pr\u00e9dio da Prefeitura Municipal\" width=\"500\" height=\"333\" srcset=\"https:\/\/museudigitalcp.com.br\/portaltur\/wp-content\/uploads\/2023\/05\/prefeitura-areias.webp 500w, https:\/\/museudigitalcp.com.br\/portaltur\/wp-content\/uploads\/2023\/05\/prefeitura-areias-300x200.webp 300w, https:\/\/museudigitalcp.com.br\/portaltur\/wp-content\/uploads\/2023\/05\/prefeitura-areias-272x182.webp 272w\" sizes=\"auto, (max-width: 500px) 100vw, 500px\" \/><figcaption id=\"caption-attachment-1208\" class=\"wp-caption-text\">Pr\u00e9dio da Prefeitura Municipal de Areias<\/figcaption><\/figure>\n<p class=\"style71\" data-wahfont=\"13\">S\u00e3o considerados como seus primeiros povoadores\u00a0<strong>Joaquim Lopes Guimar\u00e3es\u00a0<\/strong>,\u00a0<strong>Bento Leme de Camargo\u00a0<\/strong>,\u00a0<strong>Jo\u00e3o Ferreira de Souza\u00a0<\/strong>,\u00a0<strong>Joaquim de Siqueira e Mota e Antonio de Vilas Boas e Silva\u00a0<\/strong>.<\/p>\n<p class=\"style71\" data-wahfont=\"13\">Em 1801, ganhou a denomina\u00e7\u00e3o de Distrito de Paz. E em 28 de novembro de 1816, a pedido dos moradores, D. Jo\u00e3o VI concedeu o t\u00edtulo de Vila com o nome de Vila de S\u00e3o Miguel das Areias, constituindo-se o \u00fanico Munic\u00edpio paulista por ordena\u00e7\u00e3o deste Monarca, no entanto, substituiu a padroeira para S\u00e3o Miguel, em homenagem a seu filho, D. Miguel, muito embora o povo continuasse venerando e comemorando Santana. Elevada \u00e0 categoria de cidade em 24 de mar\u00e7o de 1857, passando a denominar-se Areias.<\/p>\n<p class=\"style71\" data-wahfont=\"13\">No ano de 1838, Areias pioneira na planta\u00e7\u00e3o de caf\u00e9 chegava a produzir 100 mil arrobas tendo anexado ao seu territ\u00f3rio as Freguesias de S\u00e3o Bom Jesus de Bananal, S\u00e3o Jos\u00e9 do Barreiro e S\u00e3o Jo\u00e3o Batista de Queluz, que respectivamente se separaram de Areias em 1832, 1859 e 1842.<\/p>\n<p class=\"style71\" data-wahfont=\"13\">A cidade chegou a ser anexada \u00e1 prov\u00edncia do Rio de Janeiro, durante a Revolu\u00e7\u00e3o de 1842, mas j\u00e1 em 1843 retornava a condi\u00e7\u00e3o de cidade do Estado de S\u00e3o Paulo. \u00a0 Apresentava tamb\u00e9m dois jornais: O Areiense e o Mosquito, que podemos encontrar an\u00fancios, cujo conte\u00fado nos mostra certos aspectos do dia-a-dia.<\/p>\n<p class=\"style71\" data-wahfont=\"13\">Em 1857 foi al\u00e7ada a Comarca que sediou no pr\u00e9dio erguido no ano de 1833 para abrigar a C\u00e2mara de Vereadores e Cadeia, local onde o Escritor Monteiro Lobato exerceu o cargo de Promotor P\u00fablico do ano de 1907 a 1911.<\/p>\n<figure id=\"attachment_1209\" aria-describedby=\"caption-attachment-1209\" style=\"width: 500px\" class=\"wp-caption alignright\"><img loading=\"lazy\" decoding=\"async\" class=\"wp-image-1209 size-full\" title=\"Casa da Cultura de Areias\" src=\"https:\/\/museudigitalcp.com.br\/portaltur\/wp-content\/uploads\/2023\/05\/casa-da-cultura.webp\" alt=\"Casa da Cultura de Areias\" width=\"500\" height=\"267\" srcset=\"https:\/\/museudigitalcp.com.br\/portaltur\/wp-content\/uploads\/2023\/05\/casa-da-cultura.webp 500w, https:\/\/museudigitalcp.com.br\/portaltur\/wp-content\/uploads\/2023\/05\/casa-da-cultura-300x160.webp 300w\" sizes=\"auto, (max-width: 500px) 100vw, 500px\" \/><figcaption id=\"caption-attachment-1209\" class=\"wp-caption-text\">Casa da Cultura &#8211; Onde foi o f\u00f3rum em que Monteiro Lobato trabalhou como Promotor<\/figcaption><\/figure>\n<p class=\"style71\" data-wahfont=\"13\">O casario colonial da cidade revela sua pujan\u00e7a no s\u00e9culo XIX, sendo de grande destaque a antiga Casa da C\u00e2mara e Cadeia e atual Casa da Cultura, a Igreja Matriz Senhora Sant\u2019Ana que iniciou sua constru\u00e7\u00e3o em 1792 e finalizou em 1874, o Hotel Solar Imperial que foi erguido em 1798 pelo Capit\u00e3o-mor Gabriel Serafim da Silva e em agosto de 1822 serviu de pouso para Dom Pedro I durante a viagem\u00a0na qual Proclamaria a Independ\u00eancia do Brasil e as belas fazendas hist\u00f3ricas.<\/p>\n<div>No in\u00edcio do s\u00e9culo XX com a decad\u00eancia do caf\u00e9, os fazendeiros com suas fazendas hipotecadas mudaram-se para outros pontos do Estado, e com isso a Areias foi perdendo sua opul\u00eancia de cidade progressista.<\/div>\n<p class=\"style71\" data-wahfont=\"13\">O top\u00f4nimo Areias deriva do tupi \u201chaie\u201d, que significa atalho.<\/p>\n<figure id=\"attachment_1210\" aria-describedby=\"caption-attachment-1210\" style=\"width: 300px\" class=\"wp-caption alignleft\"><img loading=\"lazy\" decoding=\"async\" class=\"wp-image-1210 size-medium\" title=\"Pra\u00e7a de Areias\" src=\"https:\/\/museudigitalcp.com.br\/portaltur\/wp-content\/uploads\/2023\/05\/praca-de-areias-300x200.webp\" alt=\"Pra\u00e7a de Areias\" width=\"300\" height=\"200\" srcset=\"https:\/\/museudigitalcp.com.br\/portaltur\/wp-content\/uploads\/2023\/05\/praca-de-areias-300x200.webp 300w, https:\/\/museudigitalcp.com.br\/portaltur\/wp-content\/uploads\/2023\/05\/praca-de-areias-272x182.webp 272w, https:\/\/museudigitalcp.com.br\/portaltur\/wp-content\/uploads\/2023\/05\/praca-de-areias.webp 500w\" sizes=\"auto, (max-width: 300px) 100vw, 300px\" \/><figcaption id=\"caption-attachment-1210\" class=\"wp-caption-text\">Pra\u00e7a de Areias<\/figcaption><\/figure>\n<p class=\"style71\" data-wahfont=\"13\"><strong>Fatos marcantes:<\/strong><\/p>\n<p class=\"style71\" data-wahfont=\"13\">\u2022\u00a0 Pioneira na planta\u00e7\u00e3o de caf\u00e9;<\/p>\n<p class=\"style71\" data-wahfont=\"13\">\u2022\u00a0 Participa\u00e7\u00e3o no Processo da Independ\u00eancia do Brasil;<\/p>\n<p class=\"style71\" data-wahfont=\"13\">\u2022\u00a0 Monteiro Lobato como Promotor P\u00fablico;<\/p>\n<p class=\"style71\" data-wahfont=\"13\">\u2022\u00a0 Euclides da Cunha na qualidade de Engenheiro do 2\u00ba Distrito de Obras;<\/p>\n<p class=\"style71\" data-wahfont=\"13\">\u2022\u00a0 Primeira estrada de rodagem S\u00e3o Paulo \u2013 Rio de Janeiro;<\/p>\n<p class=\"style71\" data-wahfont=\"13\">\u2022\u00a0 Participa\u00e7\u00e3o na Revolu\u00e7\u00e3o Constitucionalista de 1932.<\/p>\n<p data-wahfont=\"13\">Fonte: Prefeitura Municipal de Areias<\/p>\n<hr \/>\n<h5 style=\"text-align: center;\"><span class=\"ez-toc-section\" id=\"Cidades_do_Vale_Historico\"><\/span><a href=\"https:\/\/museudigitalcp.com.br\/portaltur\/conheca-o-vale-historico\/\">Cidades do Vale Hist\u00f3rico<\/a><span class=\"ez-toc-section-end\"><\/span><\/h5>\n<div id=\"ez-toc-container\" class=\"ez-toc-v2_0_87 counter-hierarchy ez-toc-counter ez-toc-custom ez-toc-container-direction\">\n<div class=\"ez-toc-title-container\">\n<p class=\"ez-toc-title\" style=\"cursor:inherit\">Resumo<\/p>\n<span class=\"ez-toc-title-toggle\"><a href=\"#\" class=\"ez-toc-pull-right ez-toc-btn ez-toc-btn-xs ez-toc-btn-default ez-toc-toggle\" aria-label=\"Alternar tabela de conte\u00fado\"><span class=\"ez-toc-js-icon-con\"><span class=\"\"><span class=\"eztoc-hide\" style=\"display:none;\">Toggle<\/span><span class=\"ez-toc-icon-toggle-span\"><svg style=\"fill: #05006b;color:#05006b\" xmlns=\"http:\/\/www.w3.org\/2000\/svg\" class=\"list-377408\" width=\"20px\" height=\"20px\" viewBox=\"0 0 24 24\" fill=\"none\"><path d=\"M6 6H4v2h2V6zm14 0H8v2h12V6zM4 11h2v2H4v-2zm16 0H8v2h12v-2zM4 16h2v2H4v-2zm16 0H8v2h12v-2z\" fill=\"currentColor\"><\/path><\/svg><svg style=\"fill: #05006b;color:#05006b\" class=\"arrow-unsorted-368013\" xmlns=\"http:\/\/www.w3.org\/2000\/svg\" width=\"10px\" height=\"10px\" viewBox=\"0 0 24 24\" version=\"1.2\" baseProfile=\"tiny\"><path d=\"M18.2 9.3l-6.2-6.3-6.2 6.3c-.2.2-.3.4-.3.7s.1.5.3.7c.2.2.4.3.7.3h11c.3 0 .5-.1.7-.3.2-.2.3-.5.3-.7s-.1-.5-.3-.7zM5.8 14.7l6.2 6.3 6.2-6.3c.2-.2.3-.5.3-.7s-.1-.5-.3-.7c-.2-.2-.4-.3-.7-.3h-11c-.3 0-.5.1-.7.3-.2.2-.3.5-.3.7s.1.5.3.7z\"\/><\/svg><\/span><\/span><\/span><\/a><\/span><\/div>\n<nav><ul class='ez-toc-list ez-toc-list-level-1 eztoc-toggle-hide-by-default' ><li class='ez-toc-page-1 ez-toc-heading-level-3'><a class=\"ez-toc-link ez-toc-heading-1\" href=\"https:\/\/museudigitalcp.com.br\/portaltur\/areias\/#Areias_teve_sua_origem_no_seculo_18_a_partir_de_um_pouso_de_tropeiros_que_dali_buscavam_o_porto_de_Mambucaba\" >Areias teve sua origem no s\u00e9culo 18 a partir de um pouso de tropeiros que, dali, buscavam o porto de Mambucaba.<\/a><ul class='ez-toc-list-level-5' ><li class='ez-toc-heading-level-5'><ul class='ez-toc-list-level-5' ><li class='ez-toc-heading-level-5'><a class=\"ez-toc-link ez-toc-heading-2\" href=\"https:\/\/museudigitalcp.com.br\/portaltur\/areias\/#Cidades_do_Vale_Historico\" >Cidades do Vale Hist\u00f3rico<\/a><\/li><\/ul><\/li><\/ul><\/li><\/ul><\/nav><\/div>\n","protected":false},"excerpt":{"rendered":"<p>Areias teve sua origem no s\u00e9culo 18 a partir de um pouso de tropeiros que, dali, buscavam o porto de Mambucaba. Areias inicialmente foi Freguesia, criada em janeiro de 1748 com o nome de Santana da Para\u00edba Nova, que servia de pouso para os tropeiros que de S\u00e3o Paulo e Minas Gerais, iam para o [&hellip;]<\/p>\n","protected":false},"author":1,"featured_media":1209,"comment_status":"closed","ping_status":"closed","sticky":false,"template":"","format":"standard","meta":{"_monsterinsights_skip_tracking":false,"site-sidebar-layout":"default","site-content-layout":"","ast-site-content-layout":"default","site-content-style":"default","site-sidebar-style":"default","ast-global-header-display":"","ast-banner-title-visibility":"","ast-main-header-display":"","ast-hfb-above-header-display":"","ast-hfb-below-header-display":"","ast-hfb-mobile-header-display":"","site-post-title":"","ast-breadcrumbs-content":"","ast-featured-img":"","footer-sml-layout":"","ast-disable-related-posts":"","theme-transparent-header-meta":"","adv-header-id-meta":"","stick-header-meta":"","header-above-stick-meta":"","header-main-stick-meta":"","header-below-stick-meta":"","astra-migrate-meta-layouts":"default","ast-page-background-enabled":"default","ast-page-background-meta":{"desktop":{"background-color":"var(--ast-global-color-4)","background-image":"","background-repeat":"repeat","background-position":"center center","background-size":"auto","background-attachment":"scroll","background-type":"","background-media":"","overlay-type":"","overlay-color":"","overlay-opacity":"","overlay-gradient":""},"tablet":{"background-color":"","background-image":"","background-repeat":"repeat","background-position":"center center","background-size":"auto","background-attachment":"scroll","background-type":"","background-media":"","overlay-type":"","overlay-color":"","overlay-opacity":"","overlay-gradient":""},"mobile":{"background-color":"","background-image":"","background-repeat":"repeat","background-position":"center center","background-size":"auto","background-attachment":"scroll","background-type":"","background-media":"","overlay-type":"","overlay-color":"","overlay-opacity":"","overlay-gradient":""}},"ast-content-background-meta":{"desktop":{"background-color":"var(--ast-global-color-5)","background-image":"","background-repeat":"repeat","background-position":"center center","background-size":"auto","background-attachment":"scroll","background-type":"","background-media":"","overlay-type":"","overlay-color":"","overlay-opacity":"","overlay-gradient":""},"tablet":{"background-color":"var(--ast-global-color-5)","background-image":"","background-repeat":"repeat","background-position":"center center","background-size":"auto","background-attachment":"scroll","background-type":"","background-media":"","overlay-type":"","overlay-color":"","overlay-opacity":"","overlay-gradient":""},"mobile":{"background-color":"var(--ast-global-color-5)","background-image":"","background-repeat":"repeat","background-position":"center center","background-size":"auto","background-attachment":"scroll","background-type":"","background-media":"","overlay-type":"","overlay-color":"","overlay-opacity":"","overlay-gradient":""}},"footnotes":""},"categories":[210],"tags":[],"class_list":["post-1177","post","type-post","status-publish","format-standard","has-post-thumbnail","hentry","category-vale-historico"],"_links":{"self":[{"href":"https:\/\/museudigitalcp.com.br\/portaltur\/wp-json\/wp\/v2\/posts\/1177","targetHints":{"allow":["GET"]}}],"collection":[{"href":"https:\/\/museudigitalcp.com.br\/portaltur\/wp-json\/wp\/v2\/posts"}],"about":[{"href":"https:\/\/museudigitalcp.com.br\/portaltur\/wp-json\/wp\/v2\/types\/post"}],"author":[{"embeddable":true,"href":"https:\/\/museudigitalcp.com.br\/portaltur\/wp-json\/wp\/v2\/users\/1"}],"replies":[{"embeddable":true,"href":"https:\/\/museudigitalcp.com.br\/portaltur\/wp-json\/wp\/v2\/comments?post=1177"}],"version-history":[{"count":0,"href":"https:\/\/museudigitalcp.com.br\/portaltur\/wp-json\/wp\/v2\/posts\/1177\/revisions"}],"wp:featuredmedia":[{"embeddable":true,"href":"https:\/\/museudigitalcp.com.br\/portaltur\/wp-json\/wp\/v2\/media\/1209"}],"wp:attachment":[{"href":"https:\/\/museudigitalcp.com.br\/portaltur\/wp-json\/wp\/v2\/media?parent=1177"}],"wp:term":[{"taxonomy":"category","embeddable":true,"href":"https:\/\/museudigitalcp.com.br\/portaltur\/wp-json\/wp\/v2\/categories?post=1177"},{"taxonomy":"post_tag","embeddable":true,"href":"https:\/\/museudigitalcp.com.br\/portaltur\/wp-json\/wp\/v2\/tags?post=1177"}],"curies":[{"name":"wp","href":"https:\/\/api.w.org\/{rel}","templated":true}]}}