{"id":1175,"date":"2023-05-19T00:42:13","date_gmt":"2023-05-19T00:42:13","guid":{"rendered":"https:\/\/cachoeirapaulista.tur.br\/?p=1175"},"modified":"2026-04-12T04:47:19","modified_gmt":"2026-04-12T04:47:19","slug":"conheca-o-vale-historico","status":"publish","type":"post","link":"https:\/\/museudigitalcp.com.br\/portaltur\/conheca-o-vale-historico\/","title":{"rendered":"Vale hist\u00f3rico"},"content":{"rendered":"<h1><span class=\"ez-toc-section\" id=\"Conheca_o_Vale_Historico\"><\/span>Conhe\u00e7a o Vale Hist\u00f3rico<span class=\"ez-toc-section-end\"><\/span><\/h1>\n<h2><span class=\"ez-toc-section\" id=\"Cidades_guardam_preciosidades_do_apogeu_da_epoca_colonial_e_do_cafe\"><\/span>Cidades guardam preciosidades do apogeu da \u00e9poca colonial e do caf\u00e9.<span class=\"ez-toc-section-end\"><\/span><\/h2>\n<p>Conhe\u00e7a o Vale Hist\u00f3rico do estado de S\u00e3o Paulo situado no Vale do Para\u00edba. \u00c9 a regi\u00e3o onde as serras da Bocaina e da Mantiqueira se tocam e se confundem. Suas cidades possuem como caracter\u00edsticas marcantes casarios e palacetes da \u00e9poca colonial, alguns do in\u00edcio do s\u00e9culo XVIII.<\/p>\n<p>Esta regi\u00e3o chegou a ser a mais rica do Brasil durante o ciclo do caf\u00e9, sendo Bananal sua principal cidade (que foi a mais rica do Vale do Para\u00edba e por muito tempo a mais rica da Prov\u00edncia de S\u00e3o Paulo), que entre 1822 e 1888, alcan\u00e7ou o t\u00edtulo de maior produtor de caf\u00e9 em 1850.<\/p>\n<p>A decad\u00eancia chega quando a cultura do\u00a0Caf\u00e9\u00a0passa a ser desenvolvida no oeste Paulista, suplantando o Vale do Para\u00edba como maior produtora de caf\u00e9. Esta decad\u00eancia \u00e9 retratada em &#8220;Cidades Mortas&#8221;, livro de autoria de\u00a0Monteiro Lobato.<\/p>\n<p>&nbsp;<\/p>\n<p>&nbsp;<\/p>\n<p style=\"text-align: center;\"><div class=\"pt-cv-wrapper\"><div class=\"pt-cv-view pt-cv-grid pt-cv-colsys\" id=\"pt-cv-view-7de1acatu6\"><div data-id=\"pt-cv-page-1\" class=\"pt-cv-page\" data-cvc=\"3\"><div class=\"col-md-4 col-sm-6 col-xs-12 pt-cv-content-item pt-cv-1-col\" ><div class='pt-cv-ifield'><a href=\"https:\/\/museudigitalcp.com.br\/portaltur\/arapei\/\" class=\"_self pt-cv-href-thumbnail pt-cv-thumb-default\" target=\"_self\"><img loading=\"lazy\" decoding=\"async\" width=\"300\" height=\"160\" src=\"https:\/\/museudigitalcp.com.br\/portaltur\/wp-content\/uploads\/2023\/05\/arapei-praca-300x160.webp\" class=\"pt-cv-thumbnail\" alt=\"Cidade de Arape\u00ed\" srcset=\"https:\/\/museudigitalcp.com.br\/portaltur\/wp-content\/uploads\/2023\/05\/arapei-praca-300x160.webp 300w, https:\/\/museudigitalcp.com.br\/portaltur\/wp-content\/uploads\/2023\/05\/arapei-praca.webp 500w\" sizes=\"auto, (max-width: 300px) 100vw, 300px\" \/><\/a>\n<h4 class=\"pt-cv-title\"><span class=\"ez-toc-section\" id=\"Arapei\"><\/span><a href=\"https:\/\/museudigitalcp.com.br\/portaltur\/arapei\/\" class=\"_self\" target=\"_self\">Arape\u00ed<\/a><span class=\"ez-toc-section-end\"><\/span><\/h4>\n<div class=\"pt-cv-content\">Arape\u00ed significa pequeno caminho para o c\u00e9u. Cidade natureza, como chamam os moradores que vivem por l\u00e1, Arape\u00ed, na regi\u00e3o ...<\/div><\/div><\/div>\n<div class=\"col-md-4 col-sm-6 col-xs-12 pt-cv-content-item pt-cv-1-col\" ><div class='pt-cv-ifield'><a href=\"https:\/\/museudigitalcp.com.br\/portaltur\/queluz\/\" class=\"_self pt-cv-href-thumbnail pt-cv-thumb-default\" target=\"_self\"><img loading=\"lazy\" decoding=\"async\" width=\"300\" height=\"160\" src=\"https:\/\/museudigitalcp.com.br\/portaltur\/wp-content\/uploads\/2023\/05\/malba-tahan-300x160.webp\" class=\"pt-cv-thumbnail\" alt=\"Casa de Malba Tahan em Queluz\" srcset=\"https:\/\/museudigitalcp.com.br\/portaltur\/wp-content\/uploads\/2023\/05\/malba-tahan-300x160.webp 300w, https:\/\/museudigitalcp.com.br\/portaltur\/wp-content\/uploads\/2023\/05\/malba-tahan.webp 500w\" sizes=\"auto, (max-width: 300px) 100vw, 300px\" \/><\/a>\n<h4 class=\"pt-cv-title\"><span class=\"ez-toc-section\" id=\"Queluz\"><\/span><a href=\"https:\/\/museudigitalcp.com.br\/portaltur\/queluz\/\" class=\"_self\" target=\"_self\">Queluz<\/a><span class=\"ez-toc-section-end\"><\/span><\/h4>\n<div class=\"pt-cv-content\">Queluz surgiu de uma aldeia de ind\u00edgenas Puris Queluz\u00a0\u00e9 um\u00a0munic\u00edpio\u00a0no leste do\u00a0estado\u00a0de\u00a0S\u00e3o Paulo, na microrregi\u00e3o de Guaratinguet\u00e1. A popula\u00e7\u00e3o aferida ...<\/div><\/div><\/div>\n<div class=\"col-md-4 col-sm-6 col-xs-12 pt-cv-content-item pt-cv-1-col\" ><div class='pt-cv-ifield'><a href=\"https:\/\/museudigitalcp.com.br\/portaltur\/silveiras\/\" class=\"_self pt-cv-href-thumbnail pt-cv-thumb-default\" target=\"_self\"><img loading=\"lazy\" decoding=\"async\" width=\"300\" height=\"160\" src=\"https:\/\/museudigitalcp.com.br\/portaltur\/wp-content\/uploads\/2023\/05\/AnyConv.com__Silveiras_Meon_Turismo-084284_804-429-0-0-300x160.webp\" class=\"pt-cv-thumbnail\" alt=\"Cidade de Silveiras\" srcset=\"https:\/\/museudigitalcp.com.br\/portaltur\/wp-content\/uploads\/2023\/05\/AnyConv.com__Silveiras_Meon_Turismo-084284_804-429-0-0-300x160.webp 300w, https:\/\/museudigitalcp.com.br\/portaltur\/wp-content\/uploads\/2023\/05\/AnyConv.com__Silveiras_Meon_Turismo-084284_804-429-0-0.webp 500w\" sizes=\"auto, (max-width: 300px) 100vw, 300px\" \/><\/a>\n<h4 class=\"pt-cv-title\"><span class=\"ez-toc-section\" id=\"Silveiras\"><\/span><a href=\"https:\/\/museudigitalcp.com.br\/portaltur\/silveiras\/\" class=\"_self\" target=\"_self\">Silveiras<\/a><span class=\"ez-toc-section-end\"><\/span><\/h4>\n<div class=\"pt-cv-content\">Silveiras &#8211; A capital do tropeirismo Silveiras surgiu ao final do s\u00e9culo XVIII em torno de um rancho de tropas, ...<\/div><\/div><\/div>\n<div class=\"col-md-4 col-sm-6 col-xs-12 pt-cv-content-item pt-cv-1-col\" ><div class='pt-cv-ifield'><a href=\"https:\/\/museudigitalcp.com.br\/portaltur\/sao-jose-do-barreiro\/\" class=\"_self pt-cv-href-thumbnail pt-cv-thumb-default\" target=\"_self\"><img loading=\"lazy\" decoding=\"async\" width=\"300\" height=\"160\" src=\"https:\/\/museudigitalcp.com.br\/portaltur\/wp-content\/uploads\/2023\/05\/pracaSJB-300x160.webp\" class=\"pt-cv-thumbnail\" alt=\"Cidade de S\u00e3o Jos\u00e9 do Barreiro\" srcset=\"https:\/\/museudigitalcp.com.br\/portaltur\/wp-content\/uploads\/2023\/05\/pracaSJB-300x160.webp 300w, https:\/\/museudigitalcp.com.br\/portaltur\/wp-content\/uploads\/2023\/05\/pracaSJB.webp 500w\" sizes=\"auto, (max-width: 300px) 100vw, 300px\" \/><\/a>\n<h4 class=\"pt-cv-title\"><span class=\"ez-toc-section\" id=\"Sao_Jose_do_Barreiro\"><\/span><a href=\"https:\/\/museudigitalcp.com.br\/portaltur\/sao-jose-do-barreiro\/\" class=\"_self\" target=\"_self\">S\u00e3o Jos\u00e9 do Barreiro<\/a><span class=\"ez-toc-section-end\"><\/span><\/h4>\n<div class=\"pt-cv-content\">S\u00e3o Jos\u00e9 do Barreiro produzia riquezas no s\u00e9culo 17 S\u00e3o Jos\u00e9 do Barreiro\u00a0\u00e9 um\u00a0munic\u00edpio\u00a0no leste do\u00a0estado\u00a0de\u00a0S\u00e3o Paulo, na\u00a0microrregi\u00e3o de Bananal ...<\/div><\/div><\/div>\n<div class=\"col-md-4 col-sm-6 col-xs-12 pt-cv-content-item pt-cv-1-col\" ><div class='pt-cv-ifield'><a href=\"https:\/\/museudigitalcp.com.br\/portaltur\/bananal\/\" class=\"_self pt-cv-href-thumbnail pt-cv-thumb-default\" target=\"_self\"><img loading=\"lazy\" decoding=\"async\" width=\"300\" height=\"160\" src=\"https:\/\/museudigitalcp.com.br\/portaltur\/wp-content\/uploads\/2023\/05\/faz-300x160.webp\" class=\"pt-cv-thumbnail\" alt=\"Fazenda em Bananal\" srcset=\"https:\/\/museudigitalcp.com.br\/portaltur\/wp-content\/uploads\/2023\/05\/faz-300x160.webp 300w, https:\/\/museudigitalcp.com.br\/portaltur\/wp-content\/uploads\/2023\/05\/faz.webp 500w\" sizes=\"auto, (max-width: 300px) 100vw, 300px\" \/><\/a>\n<h4 class=\"pt-cv-title\"><span class=\"ez-toc-section\" id=\"Bananal\"><\/span><a href=\"https:\/\/museudigitalcp.com.br\/portaltur\/bananal\/\" class=\"_self\" target=\"_self\">Bananal<\/a><span class=\"ez-toc-section-end\"><\/span><\/h4>\n<div class=\"pt-cv-content\">Bananal e a riqueza do caf\u00e9 Bananal foi erigida em uma regi\u00e3o ocupada pela etnia ind\u00edgena dos Puris. O aldeamento ...<\/div><\/div><\/div>\n<div class=\"col-md-4 col-sm-6 col-xs-12 pt-cv-content-item pt-cv-1-col\" ><div class='pt-cv-ifield'><a href=\"https:\/\/museudigitalcp.com.br\/portaltur\/areias\/\" class=\"_self pt-cv-href-thumbnail pt-cv-thumb-default\" target=\"_self\"><img loading=\"lazy\" decoding=\"async\" width=\"300\" height=\"160\" src=\"https:\/\/museudigitalcp.com.br\/portaltur\/wp-content\/uploads\/2023\/05\/casa-da-cultura-300x160.webp\" class=\"pt-cv-thumbnail\" alt=\"Casa da Cultura em Areias\" srcset=\"https:\/\/museudigitalcp.com.br\/portaltur\/wp-content\/uploads\/2023\/05\/casa-da-cultura-300x160.webp 300w, https:\/\/museudigitalcp.com.br\/portaltur\/wp-content\/uploads\/2023\/05\/casa-da-cultura.webp 500w\" sizes=\"auto, (max-width: 300px) 100vw, 300px\" \/><\/a>\n<h4 class=\"pt-cv-title\"><span class=\"ez-toc-section\" id=\"Areias\"><\/span><a href=\"https:\/\/museudigitalcp.com.br\/portaltur\/areias\/\" class=\"_self\" target=\"_self\">Areias<\/a><span class=\"ez-toc-section-end\"><\/span><\/h4>\n<div class=\"pt-cv-content\">Areias teve sua origem no s\u00e9culo 18 a partir de um pouso de tropeiros que, dali, buscavam o porto de ...<\/div><\/div><\/div><\/div><\/div><\/div><\/p>\n<hr \/>\n<p style=\"text-align: center;\"><span style=\"font-size: 8pt;\"><a href=\"https:\/\/museudigitalcp.com.br\/portaltur\/\">P\u00c1GINA PRINCIPAL<\/a> \u2502 <a href=\"https:\/\/museudigitalcp.com.br\/portaltur\/pontos-turisticos-cachoeira-paulista\/\">PONTOS TUR\u00cdSTICOS<\/a> \u2502 <a href=\"https:\/\/museudigitalcp.com.br\/portaltur\/guias-de-turismo-credenciados\/\">GUIAS DE TURISMO CREDENCIADOS<\/a> \u2502 <a href=\"https:\/\/museudigitalcp.com.br\/portaltur\/uber-taxista-e-vans\/\">UBER, TAXISTAS E VANS<\/a><\/span><\/p>\n<div id=\"ez-toc-container\" class=\"ez-toc-v2_0_87 counter-hierarchy ez-toc-counter ez-toc-custom ez-toc-container-direction\">\n<div class=\"ez-toc-title-container\">\n<p class=\"ez-toc-title\" style=\"cursor:inherit\">Resumo<\/p>\n<span class=\"ez-toc-title-toggle\"><a href=\"#\" class=\"ez-toc-pull-right ez-toc-btn ez-toc-btn-xs ez-toc-btn-default ez-toc-toggle\" aria-label=\"Alternar tabela de conte\u00fado\"><span class=\"ez-toc-js-icon-con\"><span class=\"\"><span class=\"eztoc-hide\" style=\"display:none;\">Toggle<\/span><span class=\"ez-toc-icon-toggle-span\"><svg style=\"fill: #05006b;color:#05006b\" xmlns=\"http:\/\/www.w3.org\/2000\/svg\" class=\"list-377408\" width=\"20px\" height=\"20px\" viewBox=\"0 0 24 24\" fill=\"none\"><path d=\"M6 6H4v2h2V6zm14 0H8v2h12V6zM4 11h2v2H4v-2zm16 0H8v2h12v-2zM4 16h2v2H4v-2zm16 0H8v2h12v-2z\" fill=\"currentColor\"><\/path><\/svg><svg style=\"fill: #05006b;color:#05006b\" class=\"arrow-unsorted-368013\" xmlns=\"http:\/\/www.w3.org\/2000\/svg\" width=\"10px\" height=\"10px\" viewBox=\"0 0 24 24\" version=\"1.2\" baseProfile=\"tiny\"><path d=\"M18.2 9.3l-6.2-6.3-6.2 6.3c-.2.2-.3.4-.3.7s.1.5.3.7c.2.2.4.3.7.3h11c.3 0 .5-.1.7-.3.2-.2.3-.5.3-.7s-.1-.5-.3-.7zM5.8 14.7l6.2 6.3 6.2-6.3c.2-.2.3-.5.3-.7s-.1-.5-.3-.7c-.2-.2-.4-.3-.7-.3h-11c-.3 0-.5.1-.7.3-.2.2-.3.5-.3.7s.1.5.3.7z\"\/><\/svg><\/span><\/span><\/span><\/a><\/span><\/div>\n<nav><ul class='ez-toc-list ez-toc-list-level-1 eztoc-toggle-hide-by-default' ><li class='ez-toc-page-1 ez-toc-heading-level-1'><a class=\"ez-toc-link ez-toc-heading-1\" href=\"https:\/\/museudigitalcp.com.br\/portaltur\/conheca-o-vale-historico\/#Conheca_o_Vale_Historico\" >Conhe\u00e7a o Vale Hist\u00f3rico<\/a><ul class='ez-toc-list-level-2' ><li class='ez-toc-heading-level-2'><a class=\"ez-toc-link ez-toc-heading-2\" href=\"https:\/\/museudigitalcp.com.br\/portaltur\/conheca-o-vale-historico\/#Cidades_guardam_preciosidades_do_apogeu_da_epoca_colonial_e_do_cafe\" >Cidades guardam preciosidades do apogeu da \u00e9poca colonial e do caf\u00e9.<\/a><ul class='ez-toc-list-level-4' ><li class='ez-toc-heading-level-4'><ul class='ez-toc-list-level-4' ><li class='ez-toc-heading-level-4'><a class=\"ez-toc-link ez-toc-heading-3\" href=\"https:\/\/museudigitalcp.com.br\/portaltur\/conheca-o-vale-historico\/#Arapei\" >Arape\u00ed<\/a><\/li><li class='ez-toc-page-1 ez-toc-heading-level-4'><a class=\"ez-toc-link ez-toc-heading-4\" href=\"https:\/\/museudigitalcp.com.br\/portaltur\/conheca-o-vale-historico\/#Queluz\" >Queluz<\/a><\/li><li class='ez-toc-page-1 ez-toc-heading-level-4'><a class=\"ez-toc-link ez-toc-heading-5\" href=\"https:\/\/museudigitalcp.com.br\/portaltur\/conheca-o-vale-historico\/#Silveiras\" >Silveiras<\/a><\/li><li class='ez-toc-page-1 ez-toc-heading-level-4'><a class=\"ez-toc-link ez-toc-heading-6\" href=\"https:\/\/museudigitalcp.com.br\/portaltur\/conheca-o-vale-historico\/#Sao_Jose_do_Barreiro\" >S\u00e3o Jos\u00e9 do Barreiro<\/a><\/li><li class='ez-toc-page-1 ez-toc-heading-level-4'><a class=\"ez-toc-link ez-toc-heading-7\" href=\"https:\/\/museudigitalcp.com.br\/portaltur\/conheca-o-vale-historico\/#Bananal\" >Bananal<\/a><\/li><li class='ez-toc-page-1 ez-toc-heading-level-4'><a class=\"ez-toc-link ez-toc-heading-8\" href=\"https:\/\/museudigitalcp.com.br\/portaltur\/conheca-o-vale-historico\/#Areias\" >Areias<\/a><\/li><\/ul><\/li><\/ul><\/li><\/ul><\/li><\/ul><\/nav><\/div>\n","protected":false},"excerpt":{"rendered":"<p>Conhe\u00e7a o Vale Hist\u00f3rico Cidades guardam preciosidades do apogeu da \u00e9poca colonial e do caf\u00e9. Conhe\u00e7a o Vale Hist\u00f3rico do estado de S\u00e3o Paulo situado no Vale do Para\u00edba. \u00c9 a regi\u00e3o onde as serras da Bocaina e da Mantiqueira se tocam e se confundem. Suas cidades possuem como caracter\u00edsticas marcantes casarios e palacetes da [&hellip;]<\/p>\n","protected":false},"author":1,"featured_media":0,"comment_status":"closed","ping_status":"closed","sticky":false,"template":"","format":"standard","meta":{"_monsterinsights_skip_tracking":false,"site-sidebar-layout":"default","site-content-layout":"","ast-site-content-layout":"default","site-content-style":"default","site-sidebar-style":"default","ast-global-header-display":"","ast-banner-title-visibility":"","ast-main-header-display":"","ast-hfb-above-header-display":"","ast-hfb-below-header-display":"","ast-hfb-mobile-header-display":"","site-post-title":"","ast-breadcrumbs-content":"","ast-featured-img":"","footer-sml-layout":"","ast-disable-related-posts":"","theme-transparent-header-meta":"","adv-header-id-meta":"","stick-header-meta":"","header-above-stick-meta":"","header-main-stick-meta":"","header-below-stick-meta":"","astra-migrate-meta-layouts":"default","ast-page-background-enabled":"default","ast-page-background-meta":{"desktop":{"background-color":"var(--ast-global-color-4)","background-image":"","background-repeat":"repeat","background-position":"center center","background-size":"auto","background-attachment":"scroll","background-type":"","background-media":"","overlay-type":"","overlay-color":"","overlay-opacity":"","overlay-gradient":""},"tablet":{"background-color":"","background-image":"","background-repeat":"repeat","background-position":"center center","background-size":"auto","background-attachment":"scroll","background-type":"","background-media":"","overlay-type":"","overlay-color":"","overlay-opacity":"","overlay-gradient":""},"mobile":{"background-color":"","background-image":"","background-repeat":"repeat","background-position":"center center","background-size":"auto","background-attachment":"scroll","background-type":"","background-media":"","overlay-type":"","overlay-color":"","overlay-opacity":"","overlay-gradient":""}},"ast-content-background-meta":{"desktop":{"background-color":"var(--ast-global-color-5)","background-image":"","background-repeat":"repeat","background-position":"center center","background-size":"auto","background-attachment":"scroll","background-type":"","background-media":"","overlay-type":"","overlay-color":"","overlay-opacity":"","overlay-gradient":""},"tablet":{"background-color":"var(--ast-global-color-5)","background-image":"","background-repeat":"repeat","background-position":"center center","background-size":"auto","background-attachment":"scroll","background-type":"","background-media":"","overlay-type":"","overlay-color":"","overlay-opacity":"","overlay-gradient":""},"mobile":{"background-color":"var(--ast-global-color-5)","background-image":"","background-repeat":"repeat","background-position":"center center","background-size":"auto","background-attachment":"scroll","background-type":"","background-media":"","overlay-type":"","overlay-color":"","overlay-opacity":"","overlay-gradient":""}},"footnotes":""},"categories":[1],"tags":[],"class_list":["post-1175","post","type-post","status-publish","format-standard","hentry","category-uncategorized"],"_links":{"self":[{"href":"https:\/\/museudigitalcp.com.br\/portaltur\/wp-json\/wp\/v2\/posts\/1175","targetHints":{"allow":["GET"]}}],"collection":[{"href":"https:\/\/museudigitalcp.com.br\/portaltur\/wp-json\/wp\/v2\/posts"}],"about":[{"href":"https:\/\/museudigitalcp.com.br\/portaltur\/wp-json\/wp\/v2\/types\/post"}],"author":[{"embeddable":true,"href":"https:\/\/museudigitalcp.com.br\/portaltur\/wp-json\/wp\/v2\/users\/1"}],"replies":[{"embeddable":true,"href":"https:\/\/museudigitalcp.com.br\/portaltur\/wp-json\/wp\/v2\/comments?post=1175"}],"version-history":[{"count":0,"href":"https:\/\/museudigitalcp.com.br\/portaltur\/wp-json\/wp\/v2\/posts\/1175\/revisions"}],"wp:attachment":[{"href":"https:\/\/museudigitalcp.com.br\/portaltur\/wp-json\/wp\/v2\/media?parent=1175"}],"wp:term":[{"taxonomy":"category","embeddable":true,"href":"https:\/\/museudigitalcp.com.br\/portaltur\/wp-json\/wp\/v2\/categories?post=1175"},{"taxonomy":"post_tag","embeddable":true,"href":"https:\/\/museudigitalcp.com.br\/portaltur\/wp-json\/wp\/v2\/tags?post=1175"}],"curies":[{"name":"wp","href":"https:\/\/api.w.org\/{rel}","templated":true}]}}