{"id":1146,"date":"2023-04-16T03:58:26","date_gmt":"2023-04-16T03:58:26","guid":{"rendered":"https:\/\/cachoeirapaulista.tur.br\/?p=1146"},"modified":"2026-07-19T02:57:59","modified_gmt":"2026-07-19T02:57:59","slug":"guaratingueta","status":"publish","type":"post","link":"https:\/\/museudigitalcp.com.br\/portaltur\/guaratingueta\/","title":{"rendered":"Guaratinguet\u00e1"},"content":{"rendered":"<h2><span class=\"ez-toc-section\" id=\"Guaratingueta_e_a_terra_de_Frei_Galvao_O_primeiro_santo_brasileiro\"><\/span>Guaratinguet\u00e1 \u00e9 a terra de Frei Galv\u00e3o. O primeiro santo brasileiro<span class=\"ez-toc-section-end\"><\/span><\/h2>\n<p>Quem percorre a rodovia Presidente Dutra (BR-116), saindo da capital paulista, segue pelo Vale do Para\u00edba, com todo o belo conjunto de morros e paisagens verdes nas laterais da autoestrada, e chega a Guaratinguet\u00e1 ap\u00f3s rodar por 176,1 km. A est\u00e2ncia tur\u00edstica, cujo nome em tupi-guarani significa \u201cmuitas gar\u00e7as brancas\u201d, \u00e9 uma das maiores em popula\u00e7\u00e3o do vale e tamb\u00e9m uma das mais importantes cidades dessa regi\u00e3o do estado: 122,5 mil habitantes (IBGE\/2020). \u201cGuar\u00e1\u201d, como \u00e9 conhecida, tem museus hist\u00f3ricos, recebe visitantes para turismo religioso (\u00e9 a terra natal do primeiro santo brasileiro, o Frei Galv\u00e3o), possui 70 hot\u00e9is com mais de 2,5 mil leitos, sendo tamb\u00e9m a cidade mais quente do Vale do Para\u00edba.<\/p>\n<figure id=\"attachment_1214\" aria-describedby=\"caption-attachment-1214\" style=\"width: 338px\" class=\"wp-caption alignleft\"><img loading=\"lazy\" decoding=\"async\" class=\"wp-image-1214 \" title=\"Casa do Frei Galv\u00e3o - Guaratinguet\u00e1\" src=\"https:\/\/museudigitalcp.com.br\/portaltur\/wp-content\/uploads\/2023\/04\/casa-fre-galvao-300x221.webp\" alt=\"Casa do Frei Galv\u00e3o - Guaratinguet\u00e1\" width=\"338\" height=\"249\" srcset=\"https:\/\/museudigitalcp.com.br\/portaltur\/wp-content\/uploads\/2023\/04\/casa-fre-galvao-300x221.webp 300w, https:\/\/museudigitalcp.com.br\/portaltur\/wp-content\/uploads\/2023\/04\/casa-fre-galvao.webp 400w\" sizes=\"auto, (max-width: 338px) 100vw, 338px\" \/><figcaption id=\"caption-attachment-1214\" class=\"wp-caption-text\">Casa do Frei Galv\u00e3o &#8211; Guaratinguet\u00e1<\/figcaption><\/figure>\n<p>\u00c9 cortada pelo rio Para\u00edba do Sul e em torno dele cresceu. Para quem vem da rodovia Dutra, a impress\u00e3o \u00e9 que Guaratinguet\u00e1 \u00e9 bem pequenina e que aparece logo depois de Aparecida, que parece se situar a leste (mas que na verdade est\u00e1 a sul).<\/p>\n<p>Em territ\u00f3rio guaratinguetaense, em 1717, foi recolhida das \u00e1guas do rio a imagem de terracota de Nossa Senhora uma vez que, naquela \u00e9poca, Aparecida pertencia a Guaratinguet\u00e1. Foi inclusive no mesmo s\u00e9culo que ali nasceu Frei Galv\u00e3o, em 1739. Hoje, a casa onde ele viveu recebe cerca de dez mil visitantes por m\u00eas, o que fez com que a partir de 2007, com a canoniza\u00e7\u00e3o do santo pelo Papa Bento XVI, Guar\u00e1 viesse a compor a Regi\u00e3o Tur\u00edstica da F\u00e9 (com Cachoeira Paulista e Aparecida).<\/p>\n<p>Tradi\u00e7\u00e3o \u00e9 um dos sin\u00f4nimos de Guaratinguet\u00e1 desde o in\u00edcio do s\u00e9culo XVII, quando era ponto de paragem para os bandeirantes que iam em dire\u00e7\u00e3o \u00e0s jazidas das Minas Gerais. Tamb\u00e9m a cidade ganhou escolas importantes que deram a ela o apelido de \u201ca Atenas do Vale do Para\u00edba\u201d.<\/p>\n<p>Quando a Estrada de Ferro Central do Brasil uniu S\u00e3o Paulo ao Rio de Janeiro, no s\u00e9culo XIX, Guar\u00e1 teve uma esta\u00e7\u00e3o e come\u00e7ou a crescer a tal ponto que ganhou um dos mais belos teatros do Vale do Para\u00edba (talvez at\u00e9 mesmo de todo o estado de S\u00e3o Paulo) que acabou virando o pr\u00e9dio onde hoje est\u00e1 a Secretaria de Turismo. Al\u00e9m disso, o destino \u00e9 conhecido na regi\u00e3o pela tradi\u00e7\u00e3o de comemorar o Carnaval, que se iniciou pela tradi\u00e7\u00e3o portuguesa do entrudo.<\/p>\n<figure id=\"attachment_1216\" aria-describedby=\"caption-attachment-1216\" style=\"width: 349px\" class=\"wp-caption alignright\"><img loading=\"lazy\" decoding=\"async\" class=\"wp-image-1216 \" title=\"Igreja Matriz de Santo Ant\u00f4nio\" src=\"https:\/\/museudigitalcp.com.br\/portaltur\/wp-content\/uploads\/2023\/04\/catedral-santo-antonio-300x160.webp\" alt=\"Igreja Matriz de Santo Ant\u00f4nio\" width=\"349\" height=\"186\" srcset=\"https:\/\/museudigitalcp.com.br\/portaltur\/wp-content\/uploads\/2023\/04\/catedral-santo-antonio-300x160.webp 300w, https:\/\/museudigitalcp.com.br\/portaltur\/wp-content\/uploads\/2023\/04\/catedral-santo-antonio.webp 500w\" sizes=\"auto, (max-width: 349px) 100vw, 349px\" \/><figcaption id=\"caption-attachment-1216\" class=\"wp-caption-text\">Igreja Matriz de Santo Ant\u00f4nio<\/figcaption><\/figure>\n<p>Por ter sido um dos principais produtores de caf\u00e9 de S\u00e3o Paulo, Guaratinguet\u00e1 possui v\u00e1rios casar\u00f5es da \u00e9poca colonial, muitos deles contrastando com os pr\u00e9dios e as casas atuais. De uma dessas fam\u00edlias ilustres locais, nasceu o ex-presidente Rodrigues Alves e, para resgatar sua mem\u00f3ria, foi fundado em 1956 o Museu Hist\u00f3rico e Pedag\u00f3gico Conselheiro Rodrigues Alves. H\u00e1 v\u00e1rias iniciativas culturais, como a Exposi\u00e7\u00e3o Internacional de Pres\u00e9pio e a Exposi\u00e7\u00e3o Franciscana (no Semin\u00e1rio Franciscano Frei Galv\u00e3o), o Espa\u00e7o ViVarte, o famoso SABAP (Sociedade Amigos do Bairro Pedregulho), a Esta\u00e7\u00e3o Cultura, a Casa do Artes\u00e3o, al\u00e9m de boas op\u00e7\u00f5es de hot\u00e9is e pousadas na \u00e1rea rural.<\/p>\n<h2><span class=\"ez-toc-section\" id=\"Curiosidades\"><\/span><strong>Curiosidades<\/strong><span class=\"ez-toc-section-end\"><\/span><\/h2>\n<p>\u2022 Na bandeira de Guaratinguet\u00e1, est\u00e3o tr\u00eas gar\u00e7as voando em ascens\u00e3o, elas s\u00e3o o s\u00edmbolo da cidade. A regi\u00e3o ficou conhecida pela grande quantidade desses animais, o que gerou o nome do munic\u00edpio em tupi-guarani (de \u201cg\u00fbyr\u00e1\u201d, p\u00e1ssaro e \u201ctinga\u201d, branco e \u201cet\u00e1\u201d, muitos).<\/p>\n<p>\u2022 O local onde se situa hoje Guaratinguet\u00e1 come\u00e7ou a ser povoado em 1628. Foi em torno da antiga capela de Santo Ant\u00f4nio que a cidade se desenvolveu. No ano de 1651, \u00e9 elevada a vila e, em 1844 foi elevada \u00e0 categoria de cidade. Ainda no s\u00e9culo XIX, Guar\u00e1 vira ramal da antiga Central do Brasil, entre Rio e S\u00e3o Paulo e, por duas vezes, foi visitada pelo Imperador D. Pedro II. Em 1932, foi cen\u00e1rio de importantes embates na Revolu\u00e7\u00e3o Constitucionalista, defendendo S\u00e3o Paulo.<\/p>\n<p>\u2022 Na d\u00e9cada de 1950, tamb\u00e9m foram instalados em Guaratinguet\u00e1 a Escola de Especialistas da Aeron\u00e1utica (EEAer), bem como o hotel-fazenda Clube dos 500, uma \u00e1rea de 600 mil m\u00b2 e juntos, com faculdades e universidades, incrementaram a popula\u00e7\u00e3o e a vida urbana local.<\/p>\n<p>\u2022 A constru\u00e7\u00e3o do Hotel Clube dos 500 foi um marco arquitet\u00f4nico da BR-116. O projeto foi assinado por Oscar Niemeyer, com plano urban\u00edstico de Prestes Maia e no restaurante h\u00e1 um afresco de Di Cavalcanti.<\/p>\n<p>\u2022 Guaratinguet\u00e1 \u00e9 um importante centro de com\u00e9rcio e presta\u00e7\u00e3o de servi\u00e7os da regi\u00e3o do Vale do Para\u00edba, o que atrai pessoas dos munic\u00edpios vizinhos e do sul de Minas Gerais.<\/p>\n<p>Fonte: Turismo SP<\/p>\n<p style=\"text-align: center;\"><a href=\"https:\/\/museudigitalcp.com.br\/portaltur\/roteiro-turistico-do-vale-do-paraiba\/\">Voltar para pontos tur\u00edsticos do Vale do Para\u00edba e regi\u00e3o<\/a><\/p>\n<hr \/>\n<p style=\"text-align: right;\"><strong><a href=\"https:\/\/museudigitalcp.com.br\/portaltur\/guias-de-turismo-credenciados\/\">Guias de turismo credenciados<\/a> &#8211; <a href=\"https:\/\/museudigitalcp.com.br\/portaltur\/uber-taxista-e-vans\/\">Servi\u00e7os de translados<\/a><\/strong><\/p>\n<div id=\"ez-toc-container\" class=\"ez-toc-v2_0_87 counter-hierarchy ez-toc-counter ez-toc-custom ez-toc-container-direction\">\n<div class=\"ez-toc-title-container\">\n<p class=\"ez-toc-title\" style=\"cursor:inherit\">Resumo<\/p>\n<span class=\"ez-toc-title-toggle\"><a href=\"#\" class=\"ez-toc-pull-right ez-toc-btn ez-toc-btn-xs ez-toc-btn-default ez-toc-toggle\" aria-label=\"Alternar tabela de conte\u00fado\"><span class=\"ez-toc-js-icon-con\"><span class=\"\"><span class=\"eztoc-hide\" style=\"display:none;\">Toggle<\/span><span class=\"ez-toc-icon-toggle-span\"><svg style=\"fill: #05006b;color:#05006b\" xmlns=\"http:\/\/www.w3.org\/2000\/svg\" class=\"list-377408\" width=\"20px\" height=\"20px\" viewBox=\"0 0 24 24\" fill=\"none\"><path d=\"M6 6H4v2h2V6zm14 0H8v2h12V6zM4 11h2v2H4v-2zm16 0H8v2h12v-2zM4 16h2v2H4v-2zm16 0H8v2h12v-2z\" fill=\"currentColor\"><\/path><\/svg><svg style=\"fill: #05006b;color:#05006b\" class=\"arrow-unsorted-368013\" xmlns=\"http:\/\/www.w3.org\/2000\/svg\" width=\"10px\" height=\"10px\" viewBox=\"0 0 24 24\" version=\"1.2\" baseProfile=\"tiny\"><path d=\"M18.2 9.3l-6.2-6.3-6.2 6.3c-.2.2-.3.4-.3.7s.1.5.3.7c.2.2.4.3.7.3h11c.3 0 .5-.1.7-.3.2-.2.3-.5.3-.7s-.1-.5-.3-.7zM5.8 14.7l6.2 6.3 6.2-6.3c.2-.2.3-.5.3-.7s-.1-.5-.3-.7c-.2-.2-.4-.3-.7-.3h-11c-.3 0-.5.1-.7.3-.2.2-.3.5-.3.7s.1.5.3.7z\"\/><\/svg><\/span><\/span><\/span><\/a><\/span><\/div>\n<nav><ul class='ez-toc-list ez-toc-list-level-1 eztoc-toggle-hide-by-default' ><li class='ez-toc-page-1 ez-toc-heading-level-2'><a class=\"ez-toc-link ez-toc-heading-1\" href=\"https:\/\/museudigitalcp.com.br\/portaltur\/guaratingueta\/#Guaratingueta_e_a_terra_de_Frei_Galvao_O_primeiro_santo_brasileiro\" >Guaratinguet\u00e1 \u00e9 a terra de Frei Galv\u00e3o. O primeiro santo brasileiro<\/a><\/li><li class='ez-toc-page-1 ez-toc-heading-level-2'><a class=\"ez-toc-link ez-toc-heading-2\" href=\"https:\/\/museudigitalcp.com.br\/portaltur\/guaratingueta\/#Curiosidades\" >Curiosidades<\/a><\/li><\/ul><\/nav><\/div>\n","protected":false},"excerpt":{"rendered":"<p>Guaratinguet\u00e1 \u00e9 a terra de Frei Galv\u00e3o. O primeiro santo brasileiro Quem percorre a rodovia Presidente Dutra (BR-116), saindo da capital paulista, segue pelo Vale do Para\u00edba, com todo o belo conjunto de morros e paisagens verdes nas laterais da autoestrada, e chega a Guaratinguet\u00e1 ap\u00f3s rodar por 176,1 km. A est\u00e2ncia tur\u00edstica, cujo nome [&hellip;]<\/p>\n","protected":false},"author":1,"featured_media":1217,"comment_status":"closed","ping_status":"closed","sticky":false,"template":"","format":"standard","meta":{"_monsterinsights_skip_tracking":false,"site-sidebar-layout":"default","site-content-layout":"","ast-site-content-layout":"default","site-content-style":"default","site-sidebar-style":"default","ast-global-header-display":"","ast-banner-title-visibility":"","ast-main-header-display":"","ast-hfb-above-header-display":"","ast-hfb-below-header-display":"","ast-hfb-mobile-header-display":"","site-post-title":"","ast-breadcrumbs-content":"","ast-featured-img":"","footer-sml-layout":"","ast-disable-related-posts":"","theme-transparent-header-meta":"","adv-header-id-meta":"","stick-header-meta":"","header-above-stick-meta":"","header-main-stick-meta":"","header-below-stick-meta":"","astra-migrate-meta-layouts":"default","ast-page-background-enabled":"default","ast-page-background-meta":{"desktop":{"background-color":"var(--ast-global-color-4)","background-image":"","background-repeat":"repeat","background-position":"center center","background-size":"auto","background-attachment":"scroll","background-type":"","background-media":"","overlay-type":"","overlay-color":"","overlay-opacity":"","overlay-gradient":""},"tablet":{"background-color":"","background-image":"","background-repeat":"repeat","background-position":"center center","background-size":"auto","background-attachment":"scroll","background-type":"","background-media":"","overlay-type":"","overlay-color":"","overlay-opacity":"","overlay-gradient":""},"mobile":{"background-color":"","background-image":"","background-repeat":"repeat","background-position":"center center","background-size":"auto","background-attachment":"scroll","background-type":"","background-media":"","overlay-type":"","overlay-color":"","overlay-opacity":"","overlay-gradient":""}},"ast-content-background-meta":{"desktop":{"background-color":"var(--ast-global-color-5)","background-image":"","background-repeat":"repeat","background-position":"center center","background-size":"auto","background-attachment":"scroll","background-type":"","background-media":"","overlay-type":"","overlay-color":"","overlay-opacity":"","overlay-gradient":""},"tablet":{"background-color":"var(--ast-global-color-5)","background-image":"","background-repeat":"repeat","background-position":"center center","background-size":"auto","background-attachment":"scroll","background-type":"","background-media":"","overlay-type":"","overlay-color":"","overlay-opacity":"","overlay-gradient":""},"mobile":{"background-color":"var(--ast-global-color-5)","background-image":"","background-repeat":"repeat","background-position":"center center","background-size":"auto","background-attachment":"scroll","background-type":"","background-media":"","overlay-type":"","overlay-color":"","overlay-opacity":"","overlay-gradient":""}},"footnotes":""},"categories":[208],"tags":[],"class_list":["post-1146","post","type-post","status-publish","format-standard","has-post-thumbnail","hentry","category-roteiro-do-vale-do-paraiba"],"_links":{"self":[{"href":"https:\/\/museudigitalcp.com.br\/portaltur\/wp-json\/wp\/v2\/posts\/1146","targetHints":{"allow":["GET"]}}],"collection":[{"href":"https:\/\/museudigitalcp.com.br\/portaltur\/wp-json\/wp\/v2\/posts"}],"about":[{"href":"https:\/\/museudigitalcp.com.br\/portaltur\/wp-json\/wp\/v2\/types\/post"}],"author":[{"embeddable":true,"href":"https:\/\/museudigitalcp.com.br\/portaltur\/wp-json\/wp\/v2\/users\/1"}],"replies":[{"embeddable":true,"href":"https:\/\/museudigitalcp.com.br\/portaltur\/wp-json\/wp\/v2\/comments?post=1146"}],"version-history":[{"count":0,"href":"https:\/\/museudigitalcp.com.br\/portaltur\/wp-json\/wp\/v2\/posts\/1146\/revisions"}],"wp:featuredmedia":[{"embeddable":true,"href":"https:\/\/museudigitalcp.com.br\/portaltur\/wp-json\/wp\/v2\/media\/1217"}],"wp:attachment":[{"href":"https:\/\/museudigitalcp.com.br\/portaltur\/wp-json\/wp\/v2\/media?parent=1146"}],"wp:term":[{"taxonomy":"category","embeddable":true,"href":"https:\/\/museudigitalcp.com.br\/portaltur\/wp-json\/wp\/v2\/categories?post=1146"},{"taxonomy":"post_tag","embeddable":true,"href":"https:\/\/museudigitalcp.com.br\/portaltur\/wp-json\/wp\/v2\/tags?post=1146"}],"curies":[{"name":"wp","href":"https:\/\/api.w.org\/{rel}","templated":true}]}}