{"id":1142,"date":"2023-04-16T03:04:53","date_gmt":"2023-04-16T03:04:53","guid":{"rendered":"https:\/\/cachoeirapaulista.tur.br\/?p=1142"},"modified":"2026-03-10T16:47:18","modified_gmt":"2026-03-10T16:47:18","slug":"aparecida","status":"publish","type":"post","link":"https:\/\/museudigitalcp.com.br\/portaltur\/aparecida\/","title":{"rendered":"Aparecida"},"content":{"rendered":"<div id=\"pl-1142\" class=\"panel-layout\">\n<div id=\"pg-1142-0\" class=\"panel-grid panel-no-style\">\n<div id=\"pgc-1142-0-0\" class=\"panel-grid-cell\" data-weight=\"1\">\n<div id=\"panel-1142-0-0-0\" class=\"so-panel widget widget_sow-editor panel-first-child panel-last-child\" data-index=\"0\" data-style=\"{&quot;background_image_attachment&quot;:false,&quot;background_display&quot;:&quot;tile&quot;,&quot;background_image_size&quot;:&quot;full&quot;,&quot;border_thickness&quot;:&quot;1px&quot;}\">\n<div class=\"so-widget-sow-editor so-widget-sow-editor-base\">\n<div class=\"siteorigin-widget-tinymce textwidget\">\n<p><strong>Aparecida<\/strong>, conhecida popularmente como\u00a0<a href=\"https:\/\/www.a12.com\/santuario\" target=\"_blank\" rel=\"noopener\"><strong>Aparecida do Norte<\/strong><\/a>, est\u00e1 situada no Vale do Para\u00edba, interior de S\u00e3o Paulo e \u00e9 destaque no turismo religioso mundial recebendo mais de 12 milh\u00f5es de turistas e peregrinos todos os anos.\u00a0Na cidade encontra-se o Santu\u00e1rio Nacional com a imagem de Nossa Senhora da Concei\u00e7\u00e3o Aparecida, encontrada por pescadores no Rio Para\u00edba do Sul em 1717.<\/p>\n<p>Milh\u00f5es de Romeiros e Peregrinos se locomovem\u00a0em peregrina\u00e7\u00e3o\u00a0por grandes dist\u00e2ncias at\u00e9 \u201cAparecida do Norte\u201d com o prop\u00f3sito de agradecer as gra\u00e7as\u00a0alcan\u00e7adas e aproveitam para visitar os\u00a0Pontos Tur\u00edsticos\u00a0da regi\u00e3o, onde encontram-se ainda o Santu\u00e1rio de Frei Galv\u00e3o, em Guaratinguet\u00e1, e o Santu\u00e1rio do Pai das Miseric\u00f3rdias na\u00a0Comunidade Can\u00e7\u00e3o Nova, em Cachoeira Paulista. Muitos desse turistas se hospedam na\u00a0cidade de Aparecida, SP.<\/p>\n<figure id=\"attachment_1219\" aria-describedby=\"caption-attachment-1219\" style=\"width: 500px\" class=\"wp-caption alignleft\"><img loading=\"lazy\" decoding=\"async\" class=\"wp-image-1219 size-full\" title=\"Bas\u00edlica de Nossa Senhora Aparecida\" src=\"https:\/\/museudigitalcp.com.br\/portaltur\/wp-content\/uploads\/2023\/04\/AnyConv.com__72175120_Aparecida-SP-11-10-2017Vista-da-Basilica-de-Nossa-Senhora-Aparecida-na-cidade-de-Apareci.webp\" alt=\"Bas\u00edlica de Nossa Senhora Aparecida\" width=\"500\" height=\"300\" srcset=\"https:\/\/museudigitalcp.com.br\/portaltur\/wp-content\/uploads\/2023\/04\/AnyConv.com__72175120_Aparecida-SP-11-10-2017Vista-da-Basilica-de-Nossa-Senhora-Aparecida-na-cidade-de-Apareci.webp 500w, https:\/\/museudigitalcp.com.br\/portaltur\/wp-content\/uploads\/2023\/04\/AnyConv.com__72175120_Aparecida-SP-11-10-2017Vista-da-Basilica-de-Nossa-Senhora-Aparecida-na-cidade-de-Apareci-300x180.webp 300w\" sizes=\"auto, (max-width: 500px) 100vw, 500px\" \/><figcaption id=\"caption-attachment-1219\" class=\"wp-caption-text\">Bas\u00edlica de Nossa Senhora Aparecida<\/figcaption><\/figure>\n<h2><span class=\"ez-toc-section\" id=\"A_historia_da_Cidade_de_Aparecida\"><\/span>A hist\u00f3ria da\u00a0Cidade de Aparecida<span class=\"ez-toc-section-end\"><\/span><\/h2>\n<p>\u00c9 muito rica e vem de longa data a hist\u00f3ria de Aparecida que se funde com a hist\u00f3ria da pr\u00f3pria Santa Padroeira do Brasil,\u00a0<strong>Nossa Senhora da Concei\u00e7\u00e3o Aparecida<\/strong>. Tudo teve seu in\u00edcio no ano de 1717, quando chegou a not\u00edcia de que o Conde de Assumar, Dom Pedro de Almeida e Portugal, Governador da Prov\u00edncia de S\u00e3o Paulo e Minas Gerais, iria passar pela pequena Vila de Guaratinguet\u00e1, a caminho de Vila Rica, atual cidade de Ouro Preto.<\/p>\n<p>Era necess\u00e1rio que pescadores da regi\u00e3o trouxessem do Rio Para\u00edba quantos peixes lhes ca\u00edssem na rede, para promoverem o banquete que seria servido ao ilustre visitante e \u00e0 sua comitiva, composta por auxiliares e muitos escravos. O intuito era mostrar a Dom Pedro os recursos do pequeno vilarejo. Mesmo n\u00e3o sendo uma boa \u00e9poca para a pesca, os pescadores foram convocados, entre eles: Domingos Garcia, Jo\u00e3o Alves e Filipe Pedroso.<\/p>\n<h3><span class=\"ez-toc-section\" id=\"Como_aconteceu\"><\/span>Como aconteceu?<span class=\"ez-toc-section-end\"><\/span><\/h3>\n<p>Colocaram suas canoas no\u00a0<strong>Rio Para\u00edba<\/strong>, jogaram a rede v\u00e1rias sem sucesso; pararam desanimados e abatidos pelo cansa\u00e7o no\u00a0Porto Itagua\u00e7u. Mas, na \u00faltima tentativa, Jo\u00e3o Alves jogou mais uma vez sua rede, e sentiu algo pesado ao puxar as primeiras malhas. Surpreendeu-se ao encontrar uma imagem sem cabe\u00e7a, com anjos esculpidos ao redor dos p\u00e9s. Espantado, lan\u00e7ou novamente a rede e o que veio \u00e0 tona foi a cabe\u00e7a da imagem, que se ajustava perfeitamente ao corpo anteriormente encontrado. Ap\u00f3s encontrar, e reunir, o corpo e a cabe\u00e7a da imagem de\u00a0<strong>Nossa Senhora da Concei\u00e7\u00e3o<\/strong>, os peixes come\u00e7aram a surgir em abund\u00e2ncia, para os tr\u00eas dedicados pescadores.<\/p>\n<h4><span class=\"ez-toc-section\" id=\"A_perseguicao\"><\/span>A persegui\u00e7\u00e3o<span class=\"ez-toc-section-end\"><\/span><\/h4>\n<p>Durante quinze anos, a imagem foi protegida por Filipe Pedroso e sua fam\u00edlia, em sua casa, onde se reuniam vizinhos e parentes para rezar e adorar a Santa, que j\u00e1 se tornava conhecida pelos milagres que realizava. Atan\u00e1sio Pedroso, filho de Filipe, construiu um orat\u00f3rio para a Santa, que logo se tornou pequeno, devido ao grande n\u00famero de devotos que por ali passavam.<\/p>\n<p>Por volta de 1734, o Vig\u00e1rio de Guaratinguet\u00e1, com autoriza\u00e7\u00e3o do Bispo do Rio de Janeiro, construiu a\u00a0<strong>Capela do Morro dos Coqueiros<\/strong>, aberta \u00e0 visita\u00e7\u00e3o p\u00fablica, inaugurada em 26 de junho de 1745. Por\u00e9m, o n\u00famero de devotos aumentava, e exigia uma igreja maior, cuja constru\u00e7\u00e3o iniciou-se em 1834 e foi conclu\u00edda em 1888, sendo elevada a\u00a0Bas\u00edlica Menor, em 29 de abril de 1908.<\/p>\n<p>O Distrito de Aparecida foi criado pela Lei Provincial n\u00ba 19, em mar\u00e7o de 1842, recebendo foros de Vila. Vinte anos depois, em 17 de dezembro de 1928, a Vila que se formou ao redor da Capela do Morro dos Coqueiros tornou-se munic\u00edpio, emancipando-se de Guaratinguet\u00e1, pela Lei n\u00ba 2.312, elevando sua sede a categoria. Em 1929, Nossa Senhora foi proclamada\u00a0<strong>Rainha do Brasil e sua Padroeira Oficial<\/strong>, por determina\u00e7\u00e3o do Papa Pio XI.<\/p>\n<\/div>\n<\/div>\n<\/div>\n<\/div>\n<\/div>\n<\/div>\n<div id=\"ez-toc-container\" class=\"ez-toc-v2_0_87 counter-hierarchy ez-toc-counter ez-toc-custom ez-toc-container-direction\">\n<div class=\"ez-toc-title-container\">\n<p class=\"ez-toc-title\" style=\"cursor:inherit\">Resumo<\/p>\n<span class=\"ez-toc-title-toggle\"><a href=\"#\" class=\"ez-toc-pull-right ez-toc-btn ez-toc-btn-xs ez-toc-btn-default ez-toc-toggle\" aria-label=\"Alternar tabela de conte\u00fado\"><span class=\"ez-toc-js-icon-con\"><span class=\"\"><span class=\"eztoc-hide\" style=\"display:none;\">Toggle<\/span><span class=\"ez-toc-icon-toggle-span\"><svg style=\"fill: #05006b;color:#05006b\" xmlns=\"http:\/\/www.w3.org\/2000\/svg\" class=\"list-377408\" width=\"20px\" height=\"20px\" viewBox=\"0 0 24 24\" fill=\"none\"><path d=\"M6 6H4v2h2V6zm14 0H8v2h12V6zM4 11h2v2H4v-2zm16 0H8v2h12v-2zM4 16h2v2H4v-2zm16 0H8v2h12v-2z\" fill=\"currentColor\"><\/path><\/svg><svg style=\"fill: #05006b;color:#05006b\" class=\"arrow-unsorted-368013\" xmlns=\"http:\/\/www.w3.org\/2000\/svg\" width=\"10px\" height=\"10px\" viewBox=\"0 0 24 24\" version=\"1.2\" baseProfile=\"tiny\"><path d=\"M18.2 9.3l-6.2-6.3-6.2 6.3c-.2.2-.3.4-.3.7s.1.5.3.7c.2.2.4.3.7.3h11c.3 0 .5-.1.7-.3.2-.2.3-.5.3-.7s-.1-.5-.3-.7zM5.8 14.7l6.2 6.3 6.2-6.3c.2-.2.3-.5.3-.7s-.1-.5-.3-.7c-.2-.2-.4-.3-.7-.3h-11c-.3 0-.5.1-.7.3-.2.2-.3.5-.3.7s.1.5.3.7z\"\/><\/svg><\/span><\/span><\/span><\/a><\/span><\/div>\n<nav><ul class='ez-toc-list ez-toc-list-level-1 eztoc-toggle-hide-by-default' ><li class='ez-toc-page-1 ez-toc-heading-level-2'><a class=\"ez-toc-link ez-toc-heading-1\" href=\"https:\/\/museudigitalcp.com.br\/portaltur\/aparecida\/#A_historia_da_Cidade_de_Aparecida\" >A hist\u00f3ria da\u00a0Cidade de Aparecida<\/a><ul class='ez-toc-list-level-3' ><li class='ez-toc-heading-level-3'><a class=\"ez-toc-link ez-toc-heading-2\" href=\"https:\/\/museudigitalcp.com.br\/portaltur\/aparecida\/#Como_aconteceu\" >Como aconteceu?<\/a><ul class='ez-toc-list-level-4' ><li class='ez-toc-heading-level-4'><a class=\"ez-toc-link ez-toc-heading-3\" href=\"https:\/\/museudigitalcp.com.br\/portaltur\/aparecida\/#A_perseguicao\" >A persegui\u00e7\u00e3o<\/a><\/li><\/ul><\/li><\/ul><\/li><\/ul><\/nav><\/div>\n","protected":false},"excerpt":{"rendered":"<p>Aparecida, conhecida popularmente como\u00a0Aparecida do Norte, est\u00e1 situada no Vale do Para\u00edba, interior de S\u00e3o Paulo e \u00e9 destaque no turismo religioso mundial recebendo mais de 12 milh\u00f5es de turistas e peregrinos todos os anos.\u00a0Na cidade encontra-se o Santu\u00e1rio Nacional com a imagem de Nossa Senhora da Concei\u00e7\u00e3o Aparecida, encontrada por pescadores no Rio Para\u00edba [&hellip;]<\/p>\n","protected":false},"author":1,"featured_media":1220,"comment_status":"closed","ping_status":"closed","sticky":false,"template":"","format":"standard","meta":{"_monsterinsights_skip_tracking":false,"site-sidebar-layout":"default","site-content-layout":"","ast-site-content-layout":"default","site-content-style":"default","site-sidebar-style":"default","ast-global-header-display":"","ast-banner-title-visibility":"","ast-main-header-display":"","ast-hfb-above-header-display":"","ast-hfb-below-header-display":"","ast-hfb-mobile-header-display":"","site-post-title":"","ast-breadcrumbs-content":"","ast-featured-img":"","footer-sml-layout":"","ast-disable-related-posts":"","theme-transparent-header-meta":"","adv-header-id-meta":"","stick-header-meta":"","header-above-stick-meta":"","header-main-stick-meta":"","header-below-stick-meta":"","astra-migrate-meta-layouts":"default","ast-page-background-enabled":"default","ast-page-background-meta":{"desktop":{"background-color":"var(--ast-global-color-4)","background-image":"","background-repeat":"repeat","background-position":"center center","background-size":"auto","background-attachment":"scroll","background-type":"","background-media":"","overlay-type":"","overlay-color":"","overlay-opacity":"","overlay-gradient":""},"tablet":{"background-color":"","background-image":"","background-repeat":"repeat","background-position":"center center","background-size":"auto","background-attachment":"scroll","background-type":"","background-media":"","overlay-type":"","overlay-color":"","overlay-opacity":"","overlay-gradient":""},"mobile":{"background-color":"","background-image":"","background-repeat":"repeat","background-position":"center center","background-size":"auto","background-attachment":"scroll","background-type":"","background-media":"","overlay-type":"","overlay-color":"","overlay-opacity":"","overlay-gradient":""}},"ast-content-background-meta":{"desktop":{"background-color":"var(--ast-global-color-5)","background-image":"","background-repeat":"repeat","background-position":"center center","background-size":"auto","background-attachment":"scroll","background-type":"","background-media":"","overlay-type":"","overlay-color":"","overlay-opacity":"","overlay-gradient":""},"tablet":{"background-color":"var(--ast-global-color-5)","background-image":"","background-repeat":"repeat","background-position":"center center","background-size":"auto","background-attachment":"scroll","background-type":"","background-media":"","overlay-type":"","overlay-color":"","overlay-opacity":"","overlay-gradient":""},"mobile":{"background-color":"var(--ast-global-color-5)","background-image":"","background-repeat":"repeat","background-position":"center center","background-size":"auto","background-attachment":"scroll","background-type":"","background-media":"","overlay-type":"","overlay-color":"","overlay-opacity":"","overlay-gradient":""}},"footnotes":""},"categories":[208],"tags":[],"class_list":["post-1142","post","type-post","status-publish","format-standard","has-post-thumbnail","hentry","category-roteiro-do-vale-do-paraiba"],"_links":{"self":[{"href":"https:\/\/museudigitalcp.com.br\/portaltur\/wp-json\/wp\/v2\/posts\/1142","targetHints":{"allow":["GET"]}}],"collection":[{"href":"https:\/\/museudigitalcp.com.br\/portaltur\/wp-json\/wp\/v2\/posts"}],"about":[{"href":"https:\/\/museudigitalcp.com.br\/portaltur\/wp-json\/wp\/v2\/types\/post"}],"author":[{"embeddable":true,"href":"https:\/\/museudigitalcp.com.br\/portaltur\/wp-json\/wp\/v2\/users\/1"}],"replies":[{"embeddable":true,"href":"https:\/\/museudigitalcp.com.br\/portaltur\/wp-json\/wp\/v2\/comments?post=1142"}],"version-history":[{"count":0,"href":"https:\/\/museudigitalcp.com.br\/portaltur\/wp-json\/wp\/v2\/posts\/1142\/revisions"}],"wp:featuredmedia":[{"embeddable":true,"href":"https:\/\/museudigitalcp.com.br\/portaltur\/wp-json\/wp\/v2\/media\/1220"}],"wp:attachment":[{"href":"https:\/\/museudigitalcp.com.br\/portaltur\/wp-json\/wp\/v2\/media?parent=1142"}],"wp:term":[{"taxonomy":"category","embeddable":true,"href":"https:\/\/museudigitalcp.com.br\/portaltur\/wp-json\/wp\/v2\/categories?post=1142"},{"taxonomy":"post_tag","embeddable":true,"href":"https:\/\/museudigitalcp.com.br\/portaltur\/wp-json\/wp\/v2\/tags?post=1142"}],"curies":[{"name":"wp","href":"https:\/\/api.w.org\/{rel}","templated":true}]}}