{"id":1138,"date":"2023-04-15T01:13:59","date_gmt":"2023-04-15T01:13:59","guid":{"rendered":"https:\/\/cachoeirapaulista.tur.br\/?p=1138"},"modified":"2026-04-12T04:43:26","modified_gmt":"2026-04-12T04:43:26","slug":"roteiro-vale-do-paraiba","status":"publish","type":"post","link":"https:\/\/museudigitalcp.com.br\/portaltur\/roteiro-vale-do-paraiba\/","title":{"rendered":"Roteiro Vale do Para\u00edba"},"content":{"rendered":"<div id=\"pl-1138\" class=\"panel-layout\">\n<div id=\"pg-1138-0\" class=\"panel-grid panel-no-style\" data-style=\"{&quot;background_image_attachment&quot;:false,&quot;background_display&quot;:&quot;tile&quot;,&quot;background_image_size&quot;:&quot;full&quot;,&quot;border_thickness&quot;:&quot;1px&quot;,&quot;full_height&quot;:&quot;&quot;,&quot;cell_alignment&quot;:&quot;flex-start&quot;}\" data-ratio=\"1\" data-ratio-direction=\"right\">\n<div id=\"pgc-1138-0-0\" class=\"panel-grid-cell\" data-weight=\"1\">\n<div id=\"panel-1138-0-0-0\" class=\"so-panel widget widget_sow-editor panel-first-child panel-last-child\" data-index=\"0\" data-style=\"{&quot;background_image_attachment&quot;:false,&quot;background_display&quot;:&quot;tile&quot;,&quot;background_image_size&quot;:&quot;full&quot;,&quot;border_thickness&quot;:&quot;1px&quot;}\">\n<div class=\"so-widget-sow-editor so-widget-sow-editor-base\">\n<h1 class=\"widget-title\"><span class=\"ez-toc-section\" id=\"Caminho_da_Fe\"><\/span>Caminho da F\u00e9<span class=\"ez-toc-section-end\"><\/span><\/h1>\n<div class=\"siteorigin-widget-tinymce textwidget\">\n<div class=\"siteorigin-widget-tinymce textwidget\">\n<h2><span class=\"ez-toc-section\" id=\"O_Roteiro_Turistico_do_Vale_do_Paraiba_e_regiao_e_o_mais_conhecido_do_Brasil\"><\/span>O Roteiro Tur\u00edstico do Vale do Para\u00edba e regi\u00e3o \u00e9 o mais conhecido do Brasil.<span class=\"ez-toc-section-end\"><\/span><\/h2>\n<p>Munic\u00edpios como Aparecida, Guaratinguet\u00e1 e Cachoeira Paulista possuem um forte fundo religioso, com igrejas suntuosas. Os monumentos s\u00e3o verdadeiros patrim\u00f4nios tur\u00edsticos. Confira abaixo.<\/p>\n<p style=\"text-align: center;\"><div class=\"pt-cv-wrapper\"><div class=\"pt-cv-view pt-cv-grid pt-cv-colsys\" id=\"pt-cv-view-19727576mu\"><div data-id=\"pt-cv-page-1\" class=\"pt-cv-page\" data-cvc=\"3\"><div class=\"col-md-4 col-sm-12 col-xs-12 pt-cv-content-item pt-cv-1-col\" ><div class='pt-cv-ifield'><a href=\"https:\/\/museudigitalcp.com.br\/portaltur\/memorial-padre-leo-lorena-sp\/\" class=\"_self pt-cv-href-thumbnail pt-cv-thumb-default\" target=\"_self\"><img loading=\"lazy\" decoding=\"async\" width=\"300\" height=\"160\" src=\"https:\/\/museudigitalcp.com.br\/portaltur\/wp-content\/uploads\/2023\/07\/pleo5.webp\" class=\"pt-cv-thumbnail\" alt=\"Memorial Padre L\u00e9o\" \/><\/a>\n<h4 class=\"pt-cv-title\"><span class=\"ez-toc-section\" id=\"Centro_Cultural_Memorial_Padre_Leo_em_Lorena_SP\"><\/span><a href=\"https:\/\/museudigitalcp.com.br\/portaltur\/memorial-padre-leo-lorena-sp\/\" class=\"_self\" target=\"_self\">Centro Cultural Memorial Padre L\u00e9o em Lorena (SP)<\/a><span class=\"ez-toc-section-end\"><\/span><\/h4>\n<div class=\"pt-cv-content\">Memorial Padre L\u00e9o em Lorena (SP) O Centro Cultural Memorial Padre L\u00e9o est\u00e1 localizado no estacionamento do Shopping Eco Valle, ...<br \/><div class=\"pt-cv-rmwrap\"><a href=\"https:\/\/museudigitalcp.com.br\/portaltur\/memorial-padre-leo-lorena-sp\/\" class=\"_self pt-cv-readmore btn btn-success\" target=\"_self\">Leia Mais<\/a><\/div><\/div><\/div><\/div>\n<div class=\"col-md-4 col-sm-12 col-xs-12 pt-cv-content-item pt-cv-1-col\" ><div class='pt-cv-ifield'><a href=\"https:\/\/museudigitalcp.com.br\/portaltur\/guaratingueta\/\" class=\"_self pt-cv-href-thumbnail pt-cv-thumb-default\" target=\"_self\"><img loading=\"lazy\" decoding=\"async\" width=\"300\" height=\"160\" src=\"https:\/\/museudigitalcp.com.br\/portaltur\/wp-content\/uploads\/2023\/04\/estacao-guaratingueta-300x160.webp\" class=\"pt-cv-thumbnail\" alt=\"Esta\u00e7\u00e3o de Guaratinguet\u00e1\" srcset=\"https:\/\/museudigitalcp.com.br\/portaltur\/wp-content\/uploads\/2023\/04\/estacao-guaratingueta-300x160.webp 300w, https:\/\/museudigitalcp.com.br\/portaltur\/wp-content\/uploads\/2023\/04\/estacao-guaratingueta.webp 500w\" sizes=\"auto, (max-width: 300px) 100vw, 300px\" \/><\/a>\n<h4 class=\"pt-cv-title\"><span class=\"ez-toc-section\" id=\"Guaratingueta\"><\/span><a href=\"https:\/\/museudigitalcp.com.br\/portaltur\/guaratingueta\/\" class=\"_self\" target=\"_self\">Guaratinguet\u00e1<\/a><span class=\"ez-toc-section-end\"><\/span><\/h4>\n<div class=\"pt-cv-content\">Guaratinguet\u00e1 \u00e9 a terra de Frei Galv\u00e3o. O primeiro santo brasileiro Quem percorre a rodovia Presidente Dutra (BR-116), saindo da ...<br \/><div class=\"pt-cv-rmwrap\"><a href=\"https:\/\/museudigitalcp.com.br\/portaltur\/guaratingueta\/\" class=\"_self pt-cv-readmore btn btn-success\" target=\"_self\">Leia Mais<\/a><\/div><\/div><\/div><\/div>\n<div class=\"col-md-4 col-sm-12 col-xs-12 pt-cv-content-item pt-cv-1-col\" ><div class='pt-cv-ifield'><a href=\"https:\/\/museudigitalcp.com.br\/portaltur\/aparecida\/\" class=\"_self pt-cv-href-thumbnail pt-cv-thumb-default\" target=\"_self\"><img loading=\"lazy\" decoding=\"async\" width=\"300\" height=\"160\" src=\"https:\/\/museudigitalcp.com.br\/portaltur\/wp-content\/uploads\/2023\/04\/Aparecida-300x160.webp\" class=\"pt-cv-thumbnail\" alt=\"Bas\u00edlica de Aparecida\" srcset=\"https:\/\/museudigitalcp.com.br\/portaltur\/wp-content\/uploads\/2023\/04\/Aparecida-300x160.webp 300w, https:\/\/museudigitalcp.com.br\/portaltur\/wp-content\/uploads\/2023\/04\/Aparecida.webp 500w\" sizes=\"auto, (max-width: 300px) 100vw, 300px\" \/><\/a>\n<h4 class=\"pt-cv-title\"><span class=\"ez-toc-section\" id=\"Aparecida\"><\/span><a href=\"https:\/\/museudigitalcp.com.br\/portaltur\/aparecida\/\" class=\"_self\" target=\"_self\">Aparecida<\/a><span class=\"ez-toc-section-end\"><\/span><\/h4>\n<div class=\"pt-cv-content\">Aparecida, conhecida popularmente como\u00a0Aparecida do Norte, est\u00e1 situada no Vale do Para\u00edba, interior de S\u00e3o Paulo e \u00e9 destaque no ...<br \/><div class=\"pt-cv-rmwrap\"><a href=\"https:\/\/museudigitalcp.com.br\/portaltur\/aparecida\/\" class=\"_self pt-cv-readmore btn btn-success\" target=\"_self\">Leia Mais<\/a><\/div><\/div><\/div><\/div><\/div><\/div><\/div><\/p>\n<hr \/>\n<p style=\"text-align: center;\"><span style=\"font-size: 8pt;\"><a href=\"https:\/\/museudigitalcp.com.br\/portaltur\/\">P\u00c1GINA PRINCIPAL<\/a> \u2502 <a href=\"https:\/\/museudigitalcp.com.br\/portaltur\/pontos-turisticos-cachoeira-paulista\/\">PONTOS TUR\u00cdSTICOS<\/a> \u2502 <a href=\"https:\/\/museudigitalcp.com.br\/portaltur\/guias-de-turismo-credenciados\/\">GUIAS DE TURISMO CREDENCIADOS<\/a> \u2502 <a href=\"https:\/\/museudigitalcp.com.br\/portaltur\/uber-taxista-e-vans\/\">UBER, TAXISTAS E VANS<\/a><\/span><\/p>\n<\/div>\n<\/div>\n<\/div>\n<\/div>\n<\/div>\n<\/div>\n<\/div>\n<style type=\"text\/css\" class=\"panels-style\" data-panels-style-for-post=\"1138\">@import url(https:\/\/museudigitalcp.com.br\/portaltur\/wp-content\/plugins\/siteorigin-panels\/css\/front-flex.min.css); #pgc-1138-0-0 { width:100%;width:calc(100% - ( 0 * 30px ) ) } #pl-1138 .so-panel { margin-bottom:30px } #pl-1138 .so-panel:last-of-type { margin-bottom:0px } #pg-1138-0.panel-has-style > .panel-row-style, #pg-1138-0.panel-no-style { -webkit-align-items:flex-start;align-items:flex-start } @media (max-width:780px){ #pg-1138-0.panel-no-style, #pg-1138-0.panel-has-style > .panel-row-style, #pg-1138-0 { -webkit-flex-direction:column;-ms-flex-direction:column;flex-direction:column } #pg-1138-0 > .panel-grid-cell , #pg-1138-0 > .panel-row-style > .panel-grid-cell { width:100%;margin-right:0 } #pl-1138 .panel-grid-cell { padding:0 } #pl-1138 .panel-grid .panel-grid-cell-empty { display:none } #pl-1138 .panel-grid .panel-grid-cell-mobile-last { margin-bottom:0px }  } <\/style>\n<div id=\"ez-toc-container\" class=\"ez-toc-v2_0_87 counter-hierarchy ez-toc-counter ez-toc-custom ez-toc-container-direction\">\n<div class=\"ez-toc-title-container\">\n<p class=\"ez-toc-title\" style=\"cursor:inherit\">Resumo<\/p>\n<span class=\"ez-toc-title-toggle\"><a href=\"#\" class=\"ez-toc-pull-right ez-toc-btn ez-toc-btn-xs ez-toc-btn-default ez-toc-toggle\" aria-label=\"Alternar tabela de conte\u00fado\"><span class=\"ez-toc-js-icon-con\"><span class=\"\"><span class=\"eztoc-hide\" style=\"display:none;\">Toggle<\/span><span class=\"ez-toc-icon-toggle-span\"><svg style=\"fill: #05006b;color:#05006b\" xmlns=\"http:\/\/www.w3.org\/2000\/svg\" class=\"list-377408\" width=\"20px\" height=\"20px\" viewBox=\"0 0 24 24\" fill=\"none\"><path d=\"M6 6H4v2h2V6zm14 0H8v2h12V6zM4 11h2v2H4v-2zm16 0H8v2h12v-2zM4 16h2v2H4v-2zm16 0H8v2h12v-2z\" fill=\"currentColor\"><\/path><\/svg><svg style=\"fill: #05006b;color:#05006b\" class=\"arrow-unsorted-368013\" xmlns=\"http:\/\/www.w3.org\/2000\/svg\" width=\"10px\" height=\"10px\" viewBox=\"0 0 24 24\" version=\"1.2\" baseProfile=\"tiny\"><path d=\"M18.2 9.3l-6.2-6.3-6.2 6.3c-.2.2-.3.4-.3.7s.1.5.3.7c.2.2.4.3.7.3h11c.3 0 .5-.1.7-.3.2-.2.3-.5.3-.7s-.1-.5-.3-.7zM5.8 14.7l6.2 6.3 6.2-6.3c.2-.2.3-.5.3-.7s-.1-.5-.3-.7c-.2-.2-.4-.3-.7-.3h-11c-.3 0-.5.1-.7.3-.2.2-.3.5-.3.7s.1.5.3.7z\"\/><\/svg><\/span><\/span><\/span><\/a><\/span><\/div>\n<nav><ul class='ez-toc-list ez-toc-list-level-1 eztoc-toggle-hide-by-default' ><li class='ez-toc-page-1 ez-toc-heading-level-1'><a class=\"ez-toc-link ez-toc-heading-1\" href=\"https:\/\/museudigitalcp.com.br\/portaltur\/roteiro-vale-do-paraiba\/#Caminho_da_Fe\" >Caminho da F\u00e9<\/a><ul class='ez-toc-list-level-2' ><li class='ez-toc-heading-level-2'><a class=\"ez-toc-link ez-toc-heading-2\" href=\"https:\/\/museudigitalcp.com.br\/portaltur\/roteiro-vale-do-paraiba\/#O_Roteiro_Turistico_do_Vale_do_Paraiba_e_regiao_e_o_mais_conhecido_do_Brasil\" >O Roteiro Tur\u00edstico do Vale do Para\u00edba e regi\u00e3o \u00e9 o mais conhecido do Brasil.<\/a><ul class='ez-toc-list-level-4' ><li class='ez-toc-heading-level-4'><ul class='ez-toc-list-level-4' ><li class='ez-toc-heading-level-4'><a class=\"ez-toc-link ez-toc-heading-3\" href=\"https:\/\/museudigitalcp.com.br\/portaltur\/roteiro-vale-do-paraiba\/#Centro_Cultural_Memorial_Padre_Leo_em_Lorena_SP\" >Centro Cultural Memorial Padre L\u00e9o em Lorena (SP)<\/a><\/li><li class='ez-toc-page-1 ez-toc-heading-level-4'><a class=\"ez-toc-link ez-toc-heading-4\" href=\"https:\/\/museudigitalcp.com.br\/portaltur\/roteiro-vale-do-paraiba\/#Guaratingueta\" >Guaratinguet\u00e1<\/a><\/li><li class='ez-toc-page-1 ez-toc-heading-level-4'><a class=\"ez-toc-link ez-toc-heading-5\" href=\"https:\/\/museudigitalcp.com.br\/portaltur\/roteiro-vale-do-paraiba\/#Aparecida\" >Aparecida<\/a><\/li><\/ul><\/li><\/ul><\/li><\/ul><\/li><\/ul><\/nav><\/div>\n","protected":false},"excerpt":{"rendered":"<p>Caminho da F\u00e9 O Roteiro Tur\u00edstico do Vale do Para\u00edba e regi\u00e3o \u00e9 o mais conhecido do Brasil. Munic\u00edpios como Aparecida, Guaratinguet\u00e1 e Cachoeira Paulista possuem um forte fundo religioso, com igrejas suntuosas. Os monumentos s\u00e3o verdadeiros patrim\u00f4nios tur\u00edsticos. Confira abaixo. P\u00c1GINA PRINCIPAL \u2502 PONTOS TUR\u00cdSTICOS \u2502 GUIAS DE TURISMO CREDENCIADOS \u2502 UBER, TAXISTAS E [&hellip;]<\/p>\n","protected":false},"author":1,"featured_media":0,"comment_status":"closed","ping_status":"closed","sticky":false,"template":"","format":"standard","meta":{"_monsterinsights_skip_tracking":false,"site-sidebar-layout":"default","site-content-layout":"","ast-site-content-layout":"default","site-content-style":"default","site-sidebar-style":"default","ast-global-header-display":"","ast-banner-title-visibility":"","ast-main-header-display":"","ast-hfb-above-header-display":"","ast-hfb-below-header-display":"","ast-hfb-mobile-header-display":"","site-post-title":"","ast-breadcrumbs-content":"","ast-featured-img":"","footer-sml-layout":"","ast-disable-related-posts":"","theme-transparent-header-meta":"","adv-header-id-meta":"","stick-header-meta":"","header-above-stick-meta":"","header-main-stick-meta":"","header-below-stick-meta":"","astra-migrate-meta-layouts":"default","ast-page-background-enabled":"default","ast-page-background-meta":{"desktop":{"background-color":"var(--ast-global-color-4)","background-image":"","background-repeat":"repeat","background-position":"center center","background-size":"auto","background-attachment":"scroll","background-type":"","background-media":"","overlay-type":"","overlay-color":"","overlay-opacity":"","overlay-gradient":""},"tablet":{"background-color":"","background-image":"","background-repeat":"repeat","background-position":"center center","background-size":"auto","background-attachment":"scroll","background-type":"","background-media":"","overlay-type":"","overlay-color":"","overlay-opacity":"","overlay-gradient":""},"mobile":{"background-color":"","background-image":"","background-repeat":"repeat","background-position":"center center","background-size":"auto","background-attachment":"scroll","background-type":"","background-media":"","overlay-type":"","overlay-color":"","overlay-opacity":"","overlay-gradient":""}},"ast-content-background-meta":{"desktop":{"background-color":"var(--ast-global-color-5)","background-image":"","background-repeat":"repeat","background-position":"center center","background-size":"auto","background-attachment":"scroll","background-type":"","background-media":"","overlay-type":"","overlay-color":"","overlay-opacity":"","overlay-gradient":""},"tablet":{"background-color":"var(--ast-global-color-5)","background-image":"","background-repeat":"repeat","background-position":"center center","background-size":"auto","background-attachment":"scroll","background-type":"","background-media":"","overlay-type":"","overlay-color":"","overlay-opacity":"","overlay-gradient":""},"mobile":{"background-color":"var(--ast-global-color-5)","background-image":"","background-repeat":"repeat","background-position":"center center","background-size":"auto","background-attachment":"scroll","background-type":"","background-media":"","overlay-type":"","overlay-color":"","overlay-opacity":"","overlay-gradient":""}},"footnotes":""},"categories":[1],"tags":[],"class_list":["post-1138","post","type-post","status-publish","format-standard","hentry","category-uncategorized"],"_links":{"self":[{"href":"https:\/\/museudigitalcp.com.br\/portaltur\/wp-json\/wp\/v2\/posts\/1138","targetHints":{"allow":["GET"]}}],"collection":[{"href":"https:\/\/museudigitalcp.com.br\/portaltur\/wp-json\/wp\/v2\/posts"}],"about":[{"href":"https:\/\/museudigitalcp.com.br\/portaltur\/wp-json\/wp\/v2\/types\/post"}],"author":[{"embeddable":true,"href":"https:\/\/museudigitalcp.com.br\/portaltur\/wp-json\/wp\/v2\/users\/1"}],"replies":[{"embeddable":true,"href":"https:\/\/museudigitalcp.com.br\/portaltur\/wp-json\/wp\/v2\/comments?post=1138"}],"version-history":[{"count":0,"href":"https:\/\/museudigitalcp.com.br\/portaltur\/wp-json\/wp\/v2\/posts\/1138\/revisions"}],"wp:attachment":[{"href":"https:\/\/museudigitalcp.com.br\/portaltur\/wp-json\/wp\/v2\/media?parent=1138"}],"wp:term":[{"taxonomy":"category","embeddable":true,"href":"https:\/\/museudigitalcp.com.br\/portaltur\/wp-json\/wp\/v2\/categories?post=1138"},{"taxonomy":"post_tag","embeddable":true,"href":"https:\/\/museudigitalcp.com.br\/portaltur\/wp-json\/wp\/v2\/tags?post=1138"}],"curies":[{"name":"wp","href":"https:\/\/api.w.org\/{rel}","templated":true}]}}